{"id":193203,"date":"2022-01-03T17:02:59","date_gmt":"2022-01-03T20:02:59","guid":{"rendered":"https:\/\/diarioregionaldigital.com.br\/?p=193203"},"modified":"2022-01-03T17:02:59","modified_gmt":"2022-01-03T20:02:59","slug":"policia-militar-conduz-autor-de-roubo-e-recupera-materiais-subtraidos-durante-acao-criminosa-no-centro","status":"publish","type":"post","link":"https:\/\/diarioregionaldigital.com.br\/?p=193203","title":{"rendered":"Pol\u00edcia Militar conduz autor de roubo e recupera materiais subtra\u00eddos durante a\u00e7\u00e3o criminosa no Centro"},"content":{"rendered":"<p>No dia 02jan22 por volta das 08h36min, a Pol\u00edcia Militar compareceu na Rua Marechal Deodoro no Centro para atendimento a um homem de 49 anos, v\u00edtima de roubo. Segundo relato, deslocava para a feira livre quando for abordado pelo casal (ele \u2013 25 anos e ela \u2013 28 anos), estando o homem armado com uma faca, anunciou o roubo, subtraiu dois ma\u00e7os de cigarro e a quantia de R$ 5,00 evadindo os autores logo em seguida. Os autores foram detidos por populares que presenciaram a a\u00e7\u00e3o e aguardavam a chegada da PM. Os autores foram presos e encaminhados \u00e0 Delegacia. Os materiais foram recuperados.<\/p>\n","protected":false},"excerpt":{"rendered":"<p>No dia 02jan22 por volta das 08h36min, a Pol\u00edcia Militar compareceu na Rua Marechal Deodoro no Centro para atendimento a um homem de 49 anos, v\u00edtima de roubo. Segundo relato, deslocava para a feira livre quando for abordado pelo casal (ele \u2013 25 anos e ela \u2013 28 anos), estando o homem armado com uma [&hellip;]<\/p>\n","protected":false},"author":246,"featured_media":193204,"comment_status":"closed","ping_status":"closed","sticky":false,"template":"","format":"standard","meta":{"footnotes":""},"categories":[301],"tags":[],"class_list":["post-193203","post","type-post","status-publish","format-standard","has-post-thumbnail","hentry","category-artigos-policiais"],"_links":{"self":[{"href":"https:\/\/diarioregionaldigital.com.br\/index.php?rest_route=\/wp\/v2\/posts\/193203","targetHints":{"allow":["GET"]}}],"collection":[{"href":"https:\/\/diarioregionaldigital.com.br\/index.php?rest_route=\/wp\/v2\/posts"}],"about":[{"href":"https:\/\/diarioregionaldigital.com.br\/index.php?rest_route=\/wp\/v2\/types\/post"}],"author":[{"embeddable":true,"href":"https:\/\/diarioregionaldigital.com.br\/index.php?rest_route=\/wp\/v2\/users\/246"}],"replies":[{"embeddable":true,"href":"https:\/\/diarioregionaldigital.com.br\/index.php?rest_route=%2Fwp%2Fv2%2Fcomments&post=193203"}],"version-history":[{"count":2,"href":"https:\/\/diarioregionaldigital.com.br\/index.php?rest_route=\/wp\/v2\/posts\/193203\/revisions"}],"predecessor-version":[{"id":193206,"href":"https:\/\/diarioregionaldigital.com.br\/index.php?rest_route=\/wp\/v2\/posts\/193203\/revisions\/193206"}],"wp:featuredmedia":[{"embeddable":true,"href":"https:\/\/diarioregionaldigital.com.br\/index.php?rest_route=\/wp\/v2\/media\/193204"}],"wp:attachment":[{"href":"https:\/\/diarioregionaldigital.com.br\/index.php?rest_route=%2Fwp%2Fv2%2Fmedia&parent=193203"}],"wp:term":[{"taxonomy":"category","embeddable":true,"href":"https:\/\/diarioregionaldigital.com.br\/index.php?rest_route=%2Fwp%2Fv2%2Fcategories&post=193203"},{"taxonomy":"post_tag","embeddable":true,"href":"https:\/\/diarioregionaldigital.com.br\/index.php?rest_route=%2Fwp%2Fv2%2Ftags&post=193203"}],"curies":[{"name":"wp","href":"https:\/\/api.w.org\/{rel}","templated":true}]}}