{"id":193200,"date":"2022-01-03T16:56:08","date_gmt":"2022-01-03T19:56:08","guid":{"rendered":"https:\/\/diarioregionaldigital.com.br\/?p=193200"},"modified":"2022-01-03T16:56:08","modified_gmt":"2022-01-03T19:56:08","slug":"cesama-remodela-mais-180-metros-de-redes-de-esgoto-no-bairro-santa-candida","status":"publish","type":"post","link":"https:\/\/diarioregionaldigital.com.br\/?p=193200","title":{"rendered":"Cesama remodela mais 180 metros de redes de esgoto no bairro Santa C\u00e2ndida"},"content":{"rendered":"<p>Nesta segunda-feira, 3, a Companhia de Saneamento Municipal (Cesama) da Prefeitura de Juiz de Fora (PJF) d\u00e1 continuidade aos servi\u00e7os de remodela\u00e7\u00e3o de 180 metros da rede de esgoto da Professora Am\u00e9lia Glanzmann, no Bairro Santa C\u00e2ndida. A via est\u00e1 recebendo uma nova tubula\u00e7\u00e3o de PVC ocre, com 200 mil\u00edmetros de di\u00e2metro, substituindo as antigas manilhas de barro que atendiam a regi\u00e3o. A previs\u00e3o \u00e9 de que a obra seja conclu\u00edda at\u00e9 o final da pr\u00f3xima semana.<\/p>\n<p>Segundo informa\u00e7\u00f5es do site da Prefeitura de Juiz de Fora, para execu\u00e7\u00e3o dos trabalhos, o tr\u00e2nsito na rua est\u00e1 totalmente interditado, de segunda a sexta-feira, das 7h30 \u00e0s 17h. Assim, a Cesama pede aos moradores que, se poss\u00edvel, retirem seus ve\u00edculos da via antes do in\u00edcio dos trabalhos. A obra \u00e9 parte de uma s\u00e9rie de interven\u00e7\u00f5es que a companhia vem realizando na comunidade. Em novembro, a Cesama remodelou 250 metros de redes de esgoto na Rua Ademir Pedreti dos Santos. Na sequ\u00eancia, os servi\u00e7os seguir\u00e3o para a Rua Clorindo Burnier, que ir\u00e1 contar com 125 metros de novas tubula\u00e7\u00f5es.<\/p>\n<p>As a\u00e7\u00f5es de remodela\u00e7\u00e3o de redes de esgoto s\u00e3o realizadas ao longo do ano, seguindo uma programa\u00e7\u00e3o de prioridades, quando \u00e9 avaliada a necessidade de troca da tubula\u00e7\u00e3o. A an\u00e1lise leva em conta a antiguidade e o desgaste do material, o fato de o dimensionamento da rede j\u00e1 n\u00e3o ser compat\u00edvel com o n\u00famero de im\u00f3veis atendidos e os transtornos causados aos usu\u00e1rios do sistema, al\u00e9m dos custos de manuten\u00e7\u00e3o.<\/p>\n","protected":false},"excerpt":{"rendered":"<p>Nesta segunda-feira, 3, a Companhia de Saneamento Municipal (Cesama) da Prefeitura de Juiz de Fora (PJF) d\u00e1 continuidade aos servi\u00e7os de remodela\u00e7\u00e3o de 180 metros da rede de esgoto da Professora Am\u00e9lia Glanzmann, no Bairro Santa C\u00e2ndida. A via est\u00e1 recebendo uma nova tubula\u00e7\u00e3o de PVC ocre, com 200 mil\u00edmetros de di\u00e2metro, substituindo as antigas [&hellip;]<\/p>\n","protected":false},"author":246,"featured_media":193201,"comment_status":"closed","ping_status":"closed","sticky":false,"template":"","format":"standard","meta":{"footnotes":""},"categories":[253,436,439],"tags":[],"class_list":["post-193200","post","type-post","status-publish","format-standard","has-post-thumbnail","hentry","category-cidade","category-destaque-da-semana","category-ultima-hora"],"_links":{"self":[{"href":"https:\/\/diarioregionaldigital.com.br\/index.php?rest_route=\/wp\/v2\/posts\/193200","targetHints":{"allow":["GET"]}}],"collection":[{"href":"https:\/\/diarioregionaldigital.com.br\/index.php?rest_route=\/wp\/v2\/posts"}],"about":[{"href":"https:\/\/diarioregionaldigital.com.br\/index.php?rest_route=\/wp\/v2\/types\/post"}],"author":[{"embeddable":true,"href":"https:\/\/diarioregionaldigital.com.br\/index.php?rest_route=\/wp\/v2\/users\/246"}],"replies":[{"embeddable":true,"href":"https:\/\/diarioregionaldigital.com.br\/index.php?rest_route=%2Fwp%2Fv2%2Fcomments&post=193200"}],"version-history":[{"count":1,"href":"https:\/\/diarioregionaldigital.com.br\/index.php?rest_route=\/wp\/v2\/posts\/193200\/revisions"}],"predecessor-version":[{"id":193202,"href":"https:\/\/diarioregionaldigital.com.br\/index.php?rest_route=\/wp\/v2\/posts\/193200\/revisions\/193202"}],"wp:featuredmedia":[{"embeddable":true,"href":"https:\/\/diarioregionaldigital.com.br\/index.php?rest_route=\/wp\/v2\/media\/193201"}],"wp:attachment":[{"href":"https:\/\/diarioregionaldigital.com.br\/index.php?rest_route=%2Fwp%2Fv2%2Fmedia&parent=193200"}],"wp:term":[{"taxonomy":"category","embeddable":true,"href":"https:\/\/diarioregionaldigital.com.br\/index.php?rest_route=%2Fwp%2Fv2%2Fcategories&post=193200"},{"taxonomy":"post_tag","embeddable":true,"href":"https:\/\/diarioregionaldigital.com.br\/index.php?rest_route=%2Fwp%2Fv2%2Ftags&post=193200"}],"curies":[{"name":"wp","href":"https:\/\/api.w.org\/{rel}","templated":true}]}}