{"id":193197,"date":"2022-01-03T16:52:13","date_gmt":"2022-01-03T19:52:13","guid":{"rendered":"https:\/\/diarioregionaldigital.com.br\/?p=193197"},"modified":"2022-01-03T16:52:13","modified_gmt":"2022-01-03T19:52:13","slug":"programa-boniteza-opera-em-107-acoes-de-zeladoria","status":"publish","type":"post","link":"https:\/\/diarioregionaldigital.com.br\/?p=193197","title":{"rendered":"Programa Boniteza opera em 107 a\u00e7\u00f5es de zeladoria"},"content":{"rendered":"<p>Segundo informa\u00e7\u00f5es do site da Prefeitura de Juiz de Fora, por meio do Programa Boniteza e do Gabinete de A\u00e7\u00e3o e Di\u00e1logo Comunit\u00e1rio (GADC), a Secretaria de Obras (SO) da Prefeitura de Juiz de Fora (PJF) realiza 107 interven\u00e7\u00f5es nesta segunda-feira, 3.<br \/>\n<strong>Obras<\/strong><\/p>\n<p>Os Departamentos de Opera\u00e7\u00e3o e Manuten\u00e7\u00e3o em Obras (Domo) e de Estradas Vicinais da Secretaria de Obras t\u00eam previstas 19 a\u00e7\u00f5es.<\/p>\n<p>Interven\u00e7\u00f5es em continuidade:<\/p>\n<p>-Limpeza das bocas de lobo &#8211; Pra\u00e7a CEU &#8211; Benfica<\/p>\n<p>-Corre\u00e7\u00e3o de eros\u00e3o pluvial &#8211; Escad\u00e3o da Rua Jos\u00e9 Sobreira &#8211; Linhares<\/p>\n<p>-Corre\u00e7\u00e3o em cal\u00e7amento com pedra portuguesa &#8211; Parque Halfeld &#8211; Centro<\/p>\n<p>-Assentamento de meio fio e corre\u00e7\u00e3o no passeio devido a eros\u00e3o &#8211; Rua Luiz Rocha &#8211; Eldorado<\/p>\n<p>-Corre\u00e7\u00e3o de eros\u00e3o na cabeceira da ponte &#8211; Ponte do Carlos Chagas &#8211; Carlos Chagas<\/p>\n<p>-Reforma de bueiro na estrada principal &#8211; Estrada da Angolinha &#8211; Torre\u00f5es<\/p>\n<p>-Patrolamento e lan\u00e7amento de material granulado &#8211; Estrada das Palmeiras &#8211; N\u00e1utico<\/p>\n<p>-Lan\u00e7amento de material granulado &#8211; Estrada Eud\u00f3xio Infante Vieira &#8211; Barreira do Triunfo<\/p>\n<p>-Corre\u00e7\u00e3o de mata burro &#8211; Estrada de Valadares &#8211; Valadares<\/p>\n<p>&nbsp;<\/p>\n<p>Novas interven\u00e7\u00f5es:<\/p>\n<p>-Corre\u00e7\u00e3o de eros\u00e3o pluvial &#8211; Rua Azul &#8211; Milho Branco<\/p>\n<p>-Reforma de boca de lobo &#8211; Rua Ab\u00edlio Gomes &#8211; Francisco Bernardino<\/p>\n<p>-Vistoria em rede de drenagem &#8211; Rua Ces\u00e1rio Alvim &#8211; S\u00e3o Bernardo<\/p>\n<p>-Reforma de boca de lobo &#8211; Rua Dom Silv\u00e9rio &#8211; Alto dos Passos<\/p>\n<p>-Limpeza de boca de lobo &#8211; Rua Doutor Moacyr Siqueira &#8211; Jardim do Sol<\/p>\n<p>-Reforma de boca de lobo &#8211; Rua Ana Correia da Mota &#8211; Alto dos Passos<\/p>\n<p>-Limpeza e reparo de boca de lobo e canaletas de drenagem &#8211; Rua Marechal Deodoro &#8211; Centro<\/p>\n<p>-Corre\u00e7\u00e3o de eros\u00e3o pluvial &#8211; Rua Engenheiro Marcus Alves &#8211; Fontesville<\/p>\n<p>-Corre\u00e7\u00e3o emergencial\u00a0\u00a0 \u00a0&#8211; Estrada de Toledos &#8211; Toledos<\/p>\n<p>-Ro\u00e7ada na estrada de Caet\u00e9 &#8211; Estrada Principal de Caet\u00e9 &#8211; Caet\u00e9<\/p>\n<p>&nbsp;<\/p>\n<p><strong>Ilumina\u00e7\u00e3o P\u00fablica<\/strong><\/p>\n<p>Atrav\u00e9s do Programa Boniteza, foram realizadas manuten\u00e7\u00f5es em 1.902 pontos defeituosos no m\u00eas de dezembro.<\/p>\n<p>Nesta segunda-feira, 3, o departamento de Ilumina\u00e7\u00e3o P\u00fablica da PJF d\u00e1 continuidade \u00e0s a\u00e7\u00f5es com a previs\u00e3o de trocas de 88 l\u00e2mpadas em todas as regi\u00f5es.<\/p>\n<p>&nbsp;<\/p>\n<p>-Granjas Recanto do Sol<\/p>\n<p>Poste ao lado da Granja 36<\/p>\n<p>&nbsp;<\/p>\n<p>-Furtado de Menezes<\/p>\n<p>Rua Theophilo Amaral Castel\u00f5es<br \/>\n-Bom Clima<\/p>\n<p>Rua Paracatu<\/p>\n<p>&nbsp;<\/p>\n<p>-Itatiaia<\/p>\n<p>Rua Professor Vicente Mazini<\/p>\n<p>Rua Jos\u00e9 Kneipp Filho<\/p>\n<p>&nbsp;<\/p>\n<p>-Grama<\/p>\n<p>Jos\u00e9 Marione<\/p>\n<p>&nbsp;<\/p>\n<p>-Industrial<\/p>\n<p>Rua Avelino Milagres<\/p>\n<p>Pra\u00e7a Adalberto Landau<\/p>\n<p>&nbsp;<\/p>\n<p>-Quintas das Avenidas<\/p>\n<p>Rua Irene Batista de Oliveira<\/p>\n<p>Rua Vict\u00f3rio Zarantonello<\/p>\n<p>&nbsp;<\/p>\n<p>-Granville<\/p>\n<p>Rua Maria Jos\u00e9 Leal<\/p>\n<p>&nbsp;<\/p>\n<p>-Vina del Mar<\/p>\n<p>Rua Vereador Doutor H\u00e9lio Zanini<\/p>\n<p>&nbsp;<\/p>\n<p>-Cruzeiro do Sul<\/p>\n<p>Travessa Manoel Mineiro<\/p>\n<p>&nbsp;<\/p>\n<p>-Santa Luzia<\/p>\n<p>Travessa Manoel Mineiro<\/p>\n<p>Avenida Ibitiguaia<\/p>\n<p>&nbsp;<\/p>\n<p>-Jardim Natal<\/p>\n<p>Rua Jo\u00e3o Germano<\/p>\n<p>Rua Ant\u00f4nio Carlos da Silva<\/p>\n<p>Rua Ot\u00e1vio Schettino<\/p>\n<p>Rua Wenceslau Braz<\/p>\n<p>Rua Felippe Jos\u00e9<\/p>\n<p>&nbsp;<\/p>\n<p>-Cidade do Sol<\/p>\n<p>Rua Jos\u00e9 Teixeira da Silva<\/p>\n<p>&nbsp;<\/p>\n<p>-Alta Vista<\/p>\n<p>Rua Uacari-preto<\/p>\n<p>&nbsp;<\/p>\n<p>-J\u00f3quei Clube I<\/p>\n<p>Rua Vila Vidal<\/p>\n<p>Rua Venina Rocha de Almeida<\/p>\n<p>&nbsp;<\/p>\n<p>-Milho Branco<\/p>\n<p>Rua Ottoni Campos Alvim<\/p>\n<p>Rua Engenheiro Marcus Alves<\/p>\n<p>Rua Doutor Fausto Faria<\/p>\n<p>&nbsp;<\/p>\n<p>-Esplanada<\/p>\n<p>Rua Professor Walqu\u00edrio Seixas de Faria<\/p>\n<p>Rua Coronel Apr\u00edgio Ribeiro<\/p>\n<p>Rua Mamede Camilo<\/p>\n<p>Rua Jo\u00e3o Strehle<\/p>\n<p>&nbsp;<\/p>\n<p>-Bosque do Imperador<\/p>\n<p>Avenida Manoel Vaz de Magalh\u00e3es<\/p>\n<p>&nbsp;<\/p>\n<p>-Barreira do Triunfo<\/p>\n<p>Estrada Elias Jos\u00e9 Mockdeci<\/p>\n<p>&nbsp;<\/p>\n<p>-Santo Ant\u00f4nio<\/p>\n<p>Rua Uni\u00e3o<\/p>\n<p>Rua Francisco Rodrigues Silva<\/p>\n<p>Rua Manoel Ribeiro de Almeida<\/p>\n<p>&nbsp;<\/p>\n<p>-Parque Guarani<\/p>\n<p>Rua S\u00e3o Jo\u00e3o Batista<\/p>\n<p>Rua Sophia Raphael Zacharias<\/p>\n<p>&nbsp;<\/p>\n<p>-Bandeirantes<\/p>\n<p>Rua Laurindo Nocelli<\/p>\n<p>&nbsp;<\/p>\n<p>-Sagrado Cora\u00e7\u00e3o de Jesus<\/p>\n<p>Rua Afonso Jos\u00e9 Teixeira<\/p>\n<p>Rua Projetada 1<\/p>\n<p>&nbsp;<\/p>\n<p>-Jardim de Al\u00e1<\/p>\n<p>Rua Lourdes Fonseca Pinto<\/p>\n<p>Rua C\u00f4nego Jos\u00e9 Maria Assun\u00e7\u00e3o<\/p>\n<p>&nbsp;<\/p>\n<p>-Santa Terezinha<\/p>\n<p>Rua Alencar Trist\u00e3o<\/p>\n<p>Rua Coronel Miranda<\/p>\n<p>&nbsp;<\/p>\n<p>-Ipiranga<\/p>\n<p>Avenida Darcy Vargas<\/p>\n<p>&nbsp;<\/p>\n<p>-Santa Cruz<\/p>\n<p>Rua Ant\u00f4nio Joaquim da Silva<\/p>\n<p>Rua Nilo Pe\u00e7anha<\/p>\n<p>&nbsp;<\/p>\n<p>-Borboleta<\/p>\n<p>Rua Guilherme Debussy<\/p>\n<p>Rua Pedro Van de Pol<\/p>\n<p>&nbsp;<\/p>\n<p>-S\u00e3o Mateus<\/p>\n<p>Rua Vinte Um de Abril<\/p>\n<p>&nbsp;<\/p>\n<p>-Centen\u00e1rio<\/p>\n<p>Rua Jo\u00e3o dos Santos<\/p>\n<p>&nbsp;<\/p>\n<p>-Jardim Casablanca<\/p>\n<p>Rua D<\/p>\n<p>&nbsp;<\/p>\n<p>-Parque Atlanta<\/p>\n<p>Rua Doutor Ign\u00e1cio de Assis Villa\u00e7a<\/p>\n<p>&nbsp;<\/p>\n<p>-Nova Benfica<\/p>\n<p>Rua Vereador Francisco Pinheiro<\/p>\n<p>&nbsp;<\/p>\n<p>-Jardim Esperan\u00e7a<\/p>\n<p>Rua Padre Jo\u00e3o Micheletto<\/p>\n<p>&nbsp;<\/p>\n<p>-Santa Isabel<\/p>\n<p>Rua Pedro Ant\u00f4nio da Concei\u00e7\u00e3o<\/p>\n<p>Rua L\u00edgia Lucas Kamil<\/p>\n<p>&nbsp;<\/p>\n<p>-Santa Cec\u00edlia<\/p>\n<p>Rua Protestado Silva<\/p>\n<p>&nbsp;<\/p>\n<p>-Retiro<\/p>\n<p>Travessa Jo\u00e3o Pedro de Oliveira<\/p>\n<p>&nbsp;<\/p>\n<p>-Carlos Chagas<\/p>\n<p>Rua Helena Bittencourt<\/p>\n<p>&nbsp;<\/p>\n<p>-Nova Era<\/p>\n<p>Rua Raimundo Correa<\/p>\n<p>&nbsp;<\/p>\n<p>-S\u00e3o Pedro<\/p>\n<p>Rua Doutor Asclep\u00edades da Paix\u00e3o Lucas<\/p>\n<p>&nbsp;<\/p>\n<p>-Santa Clara<\/p>\n<p>Rua Cl\u00e9a Gervason Halfeld<\/p>\n<p>&nbsp;<\/p>\n<p>-S\u00e3o Judas Tadeu<\/p>\n<p>Rua Ernesto Pancini<\/p>\n<p>&nbsp;<\/p>\n<p>-Santos Dumont<\/p>\n<p>Rua \u00c1lvaro Jos\u00e9 Rodrigues<\/p>\n<p>&nbsp;<\/p>\n<p>-Centro<\/p>\n<p>Avenida Bar\u00e3o do Rio Branco<\/p>\n<p>&nbsp;<\/p>\n<p>-Teixeiras<\/p>\n<p>Rua Ercy Furtado de Souza<\/p>\n<p>&nbsp;<\/p>\n<p>-Po\u00e7o Rico<\/p>\n<p>Rua Santos Dumont<\/p>\n<p>&nbsp;<\/p>\n<p>-Vila Ideal<\/p>\n<p>Rua Jo\u00e3o Luiz Alves<\/p>\n<p>&nbsp;<\/p>\n<p>-Ponte Preta<\/p>\n<p>Rua Ivan Jos\u00e9 da Hora<\/p>\n<p>&nbsp;<\/p>\n<p>-Nossa Senhora Aparecida<\/p>\n<p>Rua Capit\u00e3o Bicalho<\/p>\n<p>&nbsp;<\/p>\n<p>-Linhares<\/p>\n<p>Rua Diva Garcia<\/p>\n<p>&nbsp;<\/p>\n<p>-Benfica<\/p>\n<p>Rua Eug\u00eanio de Montreuil<\/p>\n<p>&nbsp;<\/p>\n<p>-Bela Aurora<\/p>\n<p>Rua Jos\u00e9 Cl\u00e1udio de Souza<\/p>\n<p>&nbsp;<\/p>\n<p>-S\u00e3o Benedito<\/p>\n<p>Rua Doutor Eurico Viana<\/p>\n<p>&nbsp;<\/p>\n<p>-Monte Castelo<\/p>\n<p>Rua Itatiaia<\/p>\n<p>&nbsp;<\/p>\n<p>-Costa Carvalho<\/p>\n<p>Rua Costa Carvalho<\/p>\n<p>&nbsp;<\/p>\n<p><strong>Gabinete de A\u00e7\u00e3o e Di\u00e1logo Comunit\u00e1rio<\/strong><\/p>\n<p>As a\u00e7\u00f5es da Secretaria de Obras s\u00e3o realizadas atrav\u00e9s do Gabinete de A\u00e7\u00e3o e Di\u00e1logo Comunit\u00e1rio, que recebe demandas de melhorias urbanas pelo n\u00famero (32) 3690-7241, por liga\u00e7\u00e3o ou WhatsApp.<\/p>\n<p>No\u00a0<a href=\"https:\/\/www.pjf.mg.gov.br\/gabinetecomunitario\/\"><strong>site do gabinete<\/strong><\/a>, est\u00e3o dispon\u00edveis informa\u00e7\u00f5es atualizadas diariamente sobre os servi\u00e7os realizados pelas secretarias de Obras (SO); de Sustentabilidade em Meio Ambiente e Atividades Urbanas (Sesmaur); de Mobilidade Urbana (SMU); e pela\u00a0 Empresa Municipal de Pavimenta\u00e7\u00e3o e Urbaniza\u00e7\u00e3o (Empav); Departamento Municipal de Limpeza Urbana (Demlurb); e Companhia de Saneamento Municipal (Cesama).<\/p>\n","protected":false},"excerpt":{"rendered":"<p>Segundo informa\u00e7\u00f5es do site da Prefeitura de Juiz de Fora, por meio do Programa Boniteza e do Gabinete de A\u00e7\u00e3o e Di\u00e1logo Comunit\u00e1rio (GADC), a Secretaria de Obras (SO) da Prefeitura de Juiz de Fora (PJF) realiza 107 interven\u00e7\u00f5es nesta segunda-feira, 3. Obras Os Departamentos de Opera\u00e7\u00e3o e Manuten\u00e7\u00e3o em Obras (Domo) e de Estradas [&hellip;]<\/p>\n","protected":false},"author":246,"featured_media":193198,"comment_status":"closed","ping_status":"closed","sticky":false,"template":"","format":"standard","meta":{"footnotes":""},"categories":[253,436,439],"tags":[],"class_list":["post-193197","post","type-post","status-publish","format-standard","has-post-thumbnail","hentry","category-cidade","category-destaque-da-semana","category-ultima-hora"],"_links":{"self":[{"href":"https:\/\/diarioregionaldigital.com.br\/index.php?rest_route=\/wp\/v2\/posts\/193197","targetHints":{"allow":["GET"]}}],"collection":[{"href":"https:\/\/diarioregionaldigital.com.br\/index.php?rest_route=\/wp\/v2\/posts"}],"about":[{"href":"https:\/\/diarioregionaldigital.com.br\/index.php?rest_route=\/wp\/v2\/types\/post"}],"author":[{"embeddable":true,"href":"https:\/\/diarioregionaldigital.com.br\/index.php?rest_route=\/wp\/v2\/users\/246"}],"replies":[{"embeddable":true,"href":"https:\/\/diarioregionaldigital.com.br\/index.php?rest_route=%2Fwp%2Fv2%2Fcomments&post=193197"}],"version-history":[{"count":1,"href":"https:\/\/diarioregionaldigital.com.br\/index.php?rest_route=\/wp\/v2\/posts\/193197\/revisions"}],"predecessor-version":[{"id":193199,"href":"https:\/\/diarioregionaldigital.com.br\/index.php?rest_route=\/wp\/v2\/posts\/193197\/revisions\/193199"}],"wp:featuredmedia":[{"embeddable":true,"href":"https:\/\/diarioregionaldigital.com.br\/index.php?rest_route=\/wp\/v2\/media\/193198"}],"wp:attachment":[{"href":"https:\/\/diarioregionaldigital.com.br\/index.php?rest_route=%2Fwp%2Fv2%2Fmedia&parent=193197"}],"wp:term":[{"taxonomy":"category","embeddable":true,"href":"https:\/\/diarioregionaldigital.com.br\/index.php?rest_route=%2Fwp%2Fv2%2Fcategories&post=193197"},{"taxonomy":"post_tag","embeddable":true,"href":"https:\/\/diarioregionaldigital.com.br\/index.php?rest_route=%2Fwp%2Fv2%2Ftags&post=193197"}],"curies":[{"name":"wp","href":"https:\/\/api.w.org\/{rel}","templated":true}]}}