{"id":193194,"date":"2022-01-03T16:49:19","date_gmt":"2022-01-03T19:49:19","guid":{"rendered":"https:\/\/diarioregionaldigital.com.br\/?p=193194"},"modified":"2022-01-03T16:49:19","modified_gmt":"2022-01-03T19:49:19","slug":"pjf-concede-selo-de-inspecao-municipal-para-mais-uma-agroindustria","status":"publish","type":"post","link":"https:\/\/diarioregionaldigital.com.br\/?p=193194","title":{"rendered":"PJF concede selo de Inspe\u00e7\u00e3o Municipal para mais uma agroind\u00fastria"},"content":{"rendered":"<p>Segundo informa\u00e7\u00f5es do site da Prefeitura de Juiz de Fora, a Prefeitura de Juiz de Fora (PJF) por meio da Secretaria de Agricultura, Pecu\u00e1ria e Abastecimento (Seapa) concedeu o selo de Inspe\u00e7\u00e3o Municipal para mais uma agroind\u00fastria da cidade. A fam\u00edlia da produtora Daisy Leal foi a primeira a solicitar o servi\u00e7o pela Prefeitura \u00c1gil, e em seguida recebeu todas as orienta\u00e7\u00f5es da equipe respons\u00e1vel pela Inspe\u00e7\u00e3o Municipal. Presencialmente, na \u00faltima quinta-feira, 30, todo o estabelecimento foi vistoriado, al\u00e9m da qualidade dos ovos.<\/p>\n<p>Segundo a produtora, &#8220;receber a certifica\u00e7\u00e3o \u00e9 um sonho realizado. Fizemos todas as adequa\u00e7\u00f5es necess\u00e1rias para ter o selo e, desta forma, atender nosso p\u00fablico com um produto de qualidade e comprovar que nosso trabalho \u00e9 bem feito. Al\u00e9m disso, com o selo, conseguiremos entrar em novos mercados dentro de JF&#8221;, ressaltou Daisy Leal.<\/p>\n<p>Atualmente, s\u00e3o 58 agroind\u00fastrias ativas, entre elas, tr\u00eas Api\u00e1rios, um Entrepostos de Carnes e Derivados, quatro Entrepostos de Mel e Cera de abelha, quatro Entrepostos de Ovos, tr\u00eas F\u00e1bricas de Conservas C\u00e1rneas, 41 F\u00e1bricas de Latic\u00ednios e duas Usinas de Leite.<\/p>\n<p>Os interessados no t\u00edtulo de registro de inspe\u00e7\u00e3o municipal podem solicitar o servi\u00e7o atrav\u00e9s da Prefeitura \u00c1gil. A inspe\u00e7\u00e3o \u00e9 obrigat\u00f3ria para todos os processadores de alimentos de origem animal como carne, leite, ovos, pescados, mel e todos os derivados comest\u00edveis destes produtos.<\/p>\n<p>Para realizar o pedido, o interessado precisa clicar no \u00edcone \u201cProtocolo\u201d e digitar na aba \u201cassunto\u201d: Requerimento de Inspe\u00e7\u00e3o Municipal dos Produtos de Origem Animal. Em seguida, \u00e9 preciso preencher o requerimento e anexar os documentos obrigat\u00f3rios, que est\u00e3o listados na plataforma.<\/p>\n<p><strong>Servi\u00e7o de inspe\u00e7\u00e3o municipal<\/strong><\/p>\n<p>O servi\u00e7o de inspe\u00e7\u00e3o municipal \u00e9 promovido pela Seapa. Os alimentos de origem animal inspecionados possuem em suas embalagens o selo oficial da inspe\u00e7\u00e3o municipal de Juiz de Fora, permitindo seu reconhecimento pelos consumidores e fiscais do com\u00e9rcio como produto de origem controlada e, com isso, podem circular livremente no com\u00e9rcio municipal.<\/p>\n<p><a href=\"https:\/\/www.pjf.mg.gov.br\/secretarias\/seapa\/servicos\/sim.php\"><strong>Detalhes sobre o Servi\u00e7o de Inspe\u00e7\u00e3o Municipal<\/strong><\/a><\/p>\n","protected":false},"excerpt":{"rendered":"<p>Segundo informa\u00e7\u00f5es do site da Prefeitura de Juiz de Fora, a Prefeitura de Juiz de Fora (PJF) por meio da Secretaria de Agricultura, Pecu\u00e1ria e Abastecimento (Seapa) concedeu o selo de Inspe\u00e7\u00e3o Municipal para mais uma agroind\u00fastria da cidade. A fam\u00edlia da produtora Daisy Leal foi a primeira a solicitar o servi\u00e7o pela Prefeitura \u00c1gil, [&hellip;]<\/p>\n","protected":false},"author":246,"featured_media":193195,"comment_status":"closed","ping_status":"closed","sticky":false,"template":"","format":"standard","meta":{"footnotes":""},"categories":[253,436,439],"tags":[],"class_list":["post-193194","post","type-post","status-publish","format-standard","has-post-thumbnail","hentry","category-cidade","category-destaque-da-semana","category-ultima-hora"],"_links":{"self":[{"href":"https:\/\/diarioregionaldigital.com.br\/index.php?rest_route=\/wp\/v2\/posts\/193194","targetHints":{"allow":["GET"]}}],"collection":[{"href":"https:\/\/diarioregionaldigital.com.br\/index.php?rest_route=\/wp\/v2\/posts"}],"about":[{"href":"https:\/\/diarioregionaldigital.com.br\/index.php?rest_route=\/wp\/v2\/types\/post"}],"author":[{"embeddable":true,"href":"https:\/\/diarioregionaldigital.com.br\/index.php?rest_route=\/wp\/v2\/users\/246"}],"replies":[{"embeddable":true,"href":"https:\/\/diarioregionaldigital.com.br\/index.php?rest_route=%2Fwp%2Fv2%2Fcomments&post=193194"}],"version-history":[{"count":1,"href":"https:\/\/diarioregionaldigital.com.br\/index.php?rest_route=\/wp\/v2\/posts\/193194\/revisions"}],"predecessor-version":[{"id":193196,"href":"https:\/\/diarioregionaldigital.com.br\/index.php?rest_route=\/wp\/v2\/posts\/193194\/revisions\/193196"}],"wp:featuredmedia":[{"embeddable":true,"href":"https:\/\/diarioregionaldigital.com.br\/index.php?rest_route=\/wp\/v2\/media\/193195"}],"wp:attachment":[{"href":"https:\/\/diarioregionaldigital.com.br\/index.php?rest_route=%2Fwp%2Fv2%2Fmedia&parent=193194"}],"wp:term":[{"taxonomy":"category","embeddable":true,"href":"https:\/\/diarioregionaldigital.com.br\/index.php?rest_route=%2Fwp%2Fv2%2Fcategories&post=193194"},{"taxonomy":"post_tag","embeddable":true,"href":"https:\/\/diarioregionaldigital.com.br\/index.php?rest_route=%2Fwp%2Fv2%2Ftags&post=193194"}],"curies":[{"name":"wp","href":"https:\/\/api.w.org\/{rel}","templated":true}]}}