{"id":193191,"date":"2022-01-03T16:43:50","date_gmt":"2022-01-03T19:43:50","guid":{"rendered":"https:\/\/diarioregionaldigital.com.br\/?p=193191"},"modified":"2022-01-03T16:43:50","modified_gmt":"2022-01-03T19:43:50","slug":"vice-prefeito-e-empossado-interinamente-ate-terca-feira-dia-4","status":"publish","type":"post","link":"https:\/\/diarioregionaldigital.com.br\/?p=193191","title":{"rendered":"Vice-prefeito \u00e9 empossado interinamente at\u00e9 ter\u00e7a-feira, dia 4"},"content":{"rendered":"<p>Segundo informa\u00e7\u00f5es do site da Prefeitura de Juiz de Fora, o vice-prefeito Kennedy Ribeiro, nesta segunda-feira, 3, tomou posse como prefeito interino da Prefeitura de Juiz de Fora (PJF) que, conforme legisla\u00e7\u00e3o vigente, assume o cargo e suas responsabilidades at\u00e9 esta ter\u00e7a-feira, dia 4.<\/p>\n<p>Na cerim\u00f4nia de abertura, Kennedy Ribeiro destacou que integra uma equipe que busca o bem comum da cidade. \u201cEstamos no mesmo lado, e temos a mesma inten\u00e7\u00e3o de promover melhores condi\u00e7\u00f5es para as pessoas sobreviverem de uma maneira digna no munic\u00edpio\u201d.<\/p>\n<p>Estavam presentes na cerim\u00f4nia, o chefe do Gabinete da prefeita, Ronaldo Pinto; o chefe do Gabinete do vice-prefeito, Ely Manoel Machado; o secret\u00e1rio de Recursos Humanos, Rog\u00e9rio Freitas e o gerente do departamento de Planejamento e Administra\u00e7\u00e3o do quadro de pessoas, Andrei Pereira.<\/p>\n","protected":false},"excerpt":{"rendered":"<p>Segundo informa\u00e7\u00f5es do site da Prefeitura de Juiz de Fora, o vice-prefeito Kennedy Ribeiro, nesta segunda-feira, 3, tomou posse como prefeito interino da Prefeitura de Juiz de Fora (PJF) que, conforme legisla\u00e7\u00e3o vigente, assume o cargo e suas responsabilidades at\u00e9 esta ter\u00e7a-feira, dia 4. Na cerim\u00f4nia de abertura, Kennedy Ribeiro destacou que integra uma equipe [&hellip;]<\/p>\n","protected":false},"author":246,"featured_media":193192,"comment_status":"closed","ping_status":"closed","sticky":false,"template":"","format":"standard","meta":{"footnotes":""},"categories":[253,436,440,439],"tags":[],"class_list":["post-193191","post","type-post","status-publish","format-standard","has-post-thumbnail","hentry","category-cidade","category-destaque-da-semana","category-destaques-do-dia","category-ultima-hora"],"_links":{"self":[{"href":"https:\/\/diarioregionaldigital.com.br\/index.php?rest_route=\/wp\/v2\/posts\/193191","targetHints":{"allow":["GET"]}}],"collection":[{"href":"https:\/\/diarioregionaldigital.com.br\/index.php?rest_route=\/wp\/v2\/posts"}],"about":[{"href":"https:\/\/diarioregionaldigital.com.br\/index.php?rest_route=\/wp\/v2\/types\/post"}],"author":[{"embeddable":true,"href":"https:\/\/diarioregionaldigital.com.br\/index.php?rest_route=\/wp\/v2\/users\/246"}],"replies":[{"embeddable":true,"href":"https:\/\/diarioregionaldigital.com.br\/index.php?rest_route=%2Fwp%2Fv2%2Fcomments&post=193191"}],"version-history":[{"count":1,"href":"https:\/\/diarioregionaldigital.com.br\/index.php?rest_route=\/wp\/v2\/posts\/193191\/revisions"}],"predecessor-version":[{"id":193193,"href":"https:\/\/diarioregionaldigital.com.br\/index.php?rest_route=\/wp\/v2\/posts\/193191\/revisions\/193193"}],"wp:featuredmedia":[{"embeddable":true,"href":"https:\/\/diarioregionaldigital.com.br\/index.php?rest_route=\/wp\/v2\/media\/193192"}],"wp:attachment":[{"href":"https:\/\/diarioregionaldigital.com.br\/index.php?rest_route=%2Fwp%2Fv2%2Fmedia&parent=193191"}],"wp:term":[{"taxonomy":"category","embeddable":true,"href":"https:\/\/diarioregionaldigital.com.br\/index.php?rest_route=%2Fwp%2Fv2%2Fcategories&post=193191"},{"taxonomy":"post_tag","embeddable":true,"href":"https:\/\/diarioregionaldigital.com.br\/index.php?rest_route=%2Fwp%2Fv2%2Ftags&post=193191"}],"curies":[{"name":"wp","href":"https:\/\/api.w.org\/{rel}","templated":true}]}}