{"id":193188,"date":"2022-01-03T15:47:49","date_gmt":"2022-01-03T18:47:49","guid":{"rendered":"https:\/\/diarioregionaldigital.com.br\/?p=193188"},"modified":"2022-01-03T15:47:49","modified_gmt":"2022-01-03T18:47:49","slug":"integra-brasil-retoma-atividade-presencial-em-2021-e-tera-ano-repleto-em-2022","status":"publish","type":"post","link":"https:\/\/diarioregionaldigital.com.br\/?p=193188","title":{"rendered":"Integra Brasil retoma atividade presencial em 2021 e ter\u00e1 ano repleto em 2022"},"content":{"rendered":"<p>O ano de 2021 marcou uma nova fase da hist\u00f3ria do Integra Brasil. O programa, pautado numa s\u00e9rie de atividades em torno dos direitos humanos tendo o futebol como catalizador, ganhou novo status e, por meio do <b><a class=\"external-link\" title=\"\" href=\"https:\/\/www.in.gov.br\/en\/web\/dou\/-\/decreto-n-10.650-de-17-de-marco-de-2021-309062939\" target=\"_blank\" rel=\"noopener\" data-tippreview-enabled=\"false\" data-tippreview-image=\"\" data-tippreview-title=\"\">Decreto n\u00ba 10.650<\/a>\u00a0(<\/b>assinado pela Presid\u00eancia da Rep\u00fablica em 17 de mar\u00e7o), deixou de ser a\u00e7\u00e3o ministerial para se tornar programa governamental.<\/p>\n<p>Diferentemente de 2020, quando todas as a\u00e7\u00f5es tiveram de ser virtuais por for\u00e7a da pandemia, este ano o Integra Brasil realizou a primeira a\u00e7\u00e3o presencial desde o in\u00edcio da crise sanit\u00e1ria. A equipe montou um stand no Parque Ol\u00edmpico da Barra, no Rio de Janeiro, durante todos os dias dos Jogos Escolares Brasileiros \u2013 JEB\u2019s 2021, disputados entre 29 de outubro e 5 de novembro. A competi\u00e7\u00e3o reuniu 5.114 estudantes de 12 a 14 anos e 1.138 professores e t\u00e9cnicos das 27 unidades da Federa\u00e7\u00e3o para a disputa de 17 modalidades.<\/p>\n<p>Al\u00e9m da participa\u00e7\u00e3o nos JEB\u2019s, diversas a\u00e7\u00f5es virtuais foram realizadas ao longo do ano, como inser\u00e7\u00f5es durante a realiza\u00e7\u00e3o da Supercopa do Brasil, evento realizado pela Confedera\u00e7\u00e3o Brasileira de Futebol no dia 11 de abril e que reuniu as equipes do Flamengo e do Palmeiras na disputa do trof\u00e9u, em Bras\u00edlia.<\/p>\n<p>Outra a\u00e7\u00e3o de relev\u00e2ncia foi a 2\u00aa Jornada Semin\u00e1rio Programa Integra Brasil, realizada em julho. Somam-se a isso tr\u00eas Lives. Elas debateram a Import\u00e2ncia das Categorias de Base para o Futebol Brasileiro; o Papel do Jovem nas Pol\u00edticas P\u00fablicas Sobre Drogas e Futebol Feminino como Ferramenta Inclus\u00e3o Social. Os eventos somam mais de 280 mil visualiza\u00e7\u00f5es nas redes sociais.<\/p>\n<p>Coordenador-Geral da Secretaria Nacional de Futebol e Defesa dos Direitos do Torcedor (SNFDT) da Secretaria Especial do Esporte do Minist\u00e9rio da Cidadania, Alexandre Carvalho \u00e9 um dos idealizadores do Integra Brasil. Ele ressalta que, para 2022, a ideia \u00e9 que mais eventos presenciais sejam realizados, de modo que o p\u00fablico possa interagir com os atletas convidados, t\u00e9cnicos e com a equipe respons\u00e1vel pelo programa.<\/p>\n<p>\u201cPara o ano que vem a expectativa \u00e9 de que possamos realizar mais a\u00e7\u00f5es presenciais, tanto nos est\u00e1dios, durante torneios, quanto em outros eventos. Vamos prosseguir com as Lives e outras a\u00e7\u00f5es virtuais, pois as redes sociais nos permitem ampliar o alcance do Integra Brasil\u201d, afirma Alexandre Carvalho.<\/p>\n<p>Para Viviane Petinelli, secret\u00e1ria executiva adjunta, que representa o Minist\u00e9rio da Mulher, da Fam\u00edlia e dos Direitos Humano no programa, 2021 esbo\u00e7ou uma retomada de atividades que pode ser ampliada em 2022. \u201cEm nosso stand nos JEB\u2019s centenas de crian\u00e7as e jovens conheceram o projeto e aprenderam no\u00e7\u00f5es importantes, como combate \u00e0 dopagem, divulga\u00e7\u00e3o do Estatuto da Crian\u00e7a e do Adolescente, benef\u00edcios do ID Jovem e respeito ao Jogo Limpo, al\u00e9m de outras quest\u00f5es ligadas aos direitos humanos\u201d, recorda<\/p>\n<p>Inaugurando uma nova pol\u00edtica p\u00fablica, o Integra Brasil far\u00e1 no pr\u00f3ximo ano um piloto voltado para o futebol feminino na cidade de Camaragipe \u2013 PE, com a inclus\u00e3o de 120 meninas em centros de treinamentos dedicado exclusivamente ao futebol feminino. O Centro de Desenvolvimento do Futebol Feminino (CDFF) ser\u00e1 a ponte entre a forma\u00e7\u00e3o esportiva e o alto rendimento atrav\u00e9s de clubes de futebol.<\/p>\n<p><b>O Integra Brasil<\/b><\/p>\n<p>Lan\u00e7ado em 2019 e executado em 2020 como projeto idealizado pela Secretaria Nacional de Futebol e Defesa dos Direitos do Torcedor, em parceria com o Minist\u00e9rio da Mulher, da Fam\u00edlia e dos Direitos Humano e a Confedera\u00e7\u00e3o Brasileira de Futebol, o Integra Brasil ganhou em 2021 dois novos parceiros: o Minist\u00e9rio da Educa\u00e7\u00e3o e a Confedera\u00e7\u00e3o Brasileira do Desporto Escolar (CBDE). Desta forma, o trabalho com a plataforma estudantil passou a ser um dos objetivos do projeto.<\/p>\n<p>O Integra conta com o apoio de diversos clubes de futebol profissional, universidades e governos estaduais e municipais, e tem como meta atuar em tr\u00eas frentes: promo\u00e7\u00e3o dos direitos humanos e dos direitos do torcedor; formula\u00e7\u00e3o de pol\u00edticas p\u00fablicas voltadas para a promo\u00e7\u00e3o do ensino fundamental e do ensino m\u00e9dio de atletas do futebol, al\u00e9m da promo\u00e7\u00e3o da forma\u00e7\u00e3o de professores e coordenadores pedag\u00f3gicos das escolas de educa\u00e7\u00e3o b\u00e1sica na \u00e1rea do desporto; e a promo\u00e7\u00e3o da educa\u00e7\u00e3o antidopagem e dos valores do esp\u00edrito esportivo em ambientes esportivos e escolares por meio de todas as modalidades do futebol.<\/p>\n<p><span style=\"font-weight: 400;\">\u00a0<\/span><span style=\"font-weight: 400;\"><br \/>\n<\/span><span style=\"font-weight: 400;\">Fonte: \u00a0 Minist\u00e9rio da Cidadania<\/span><\/p>\n","protected":false},"excerpt":{"rendered":"<p>O ano de 2021 marcou uma nova fase da hist\u00f3ria do Integra Brasil. O programa, pautado numa s\u00e9rie de atividades em torno dos direitos humanos tendo o futebol como catalizador, ganhou novo status e, por meio do Decreto n\u00ba 10.650\u00a0(assinado pela Presid\u00eancia da Rep\u00fablica em 17 de mar\u00e7o), deixou de ser a\u00e7\u00e3o ministerial para se [&hellip;]<\/p>\n","protected":false},"author":246,"featured_media":193189,"comment_status":"closed","ping_status":"closed","sticky":false,"template":"","format":"standard","meta":{"footnotes":""},"categories":[436,257,439],"tags":[],"class_list":["post-193188","post","type-post","status-publish","format-standard","has-post-thumbnail","hentry","category-destaque-da-semana","category-esporte","category-ultima-hora"],"_links":{"self":[{"href":"https:\/\/diarioregionaldigital.com.br\/index.php?rest_route=\/wp\/v2\/posts\/193188","targetHints":{"allow":["GET"]}}],"collection":[{"href":"https:\/\/diarioregionaldigital.com.br\/index.php?rest_route=\/wp\/v2\/posts"}],"about":[{"href":"https:\/\/diarioregionaldigital.com.br\/index.php?rest_route=\/wp\/v2\/types\/post"}],"author":[{"embeddable":true,"href":"https:\/\/diarioregionaldigital.com.br\/index.php?rest_route=\/wp\/v2\/users\/246"}],"replies":[{"embeddable":true,"href":"https:\/\/diarioregionaldigital.com.br\/index.php?rest_route=%2Fwp%2Fv2%2Fcomments&post=193188"}],"version-history":[{"count":1,"href":"https:\/\/diarioregionaldigital.com.br\/index.php?rest_route=\/wp\/v2\/posts\/193188\/revisions"}],"predecessor-version":[{"id":193190,"href":"https:\/\/diarioregionaldigital.com.br\/index.php?rest_route=\/wp\/v2\/posts\/193188\/revisions\/193190"}],"wp:featuredmedia":[{"embeddable":true,"href":"https:\/\/diarioregionaldigital.com.br\/index.php?rest_route=\/wp\/v2\/media\/193189"}],"wp:attachment":[{"href":"https:\/\/diarioregionaldigital.com.br\/index.php?rest_route=%2Fwp%2Fv2%2Fmedia&parent=193188"}],"wp:term":[{"taxonomy":"category","embeddable":true,"href":"https:\/\/diarioregionaldigital.com.br\/index.php?rest_route=%2Fwp%2Fv2%2Fcategories&post=193188"},{"taxonomy":"post_tag","embeddable":true,"href":"https:\/\/diarioregionaldigital.com.br\/index.php?rest_route=%2Fwp%2Fv2%2Ftags&post=193188"}],"curies":[{"name":"wp","href":"https:\/\/api.w.org\/{rel}","templated":true}]}}