{"id":193184,"date":"2022-01-03T15:45:45","date_gmt":"2022-01-03T18:45:45","guid":{"rendered":"https:\/\/diarioregionaldigital.com.br\/?p=193184"},"modified":"2022-01-03T15:45:45","modified_gmt":"2022-01-03T18:45:45","slug":"cbf-elabora-documento-com-impactos-da-covid-19-nas-temporadas-de-2020-e-2021","status":"publish","type":"post","link":"https:\/\/diarioregionaldigital.com.br\/?p=193184","title":{"rendered":"CBF elabora documento com impactos da COVID-19 nas temporadas de 2020 e 2021"},"content":{"rendered":"<p>Ap\u00f3s o t\u00e9rmino da segunda temporada do futebol brasileiro disputada em meio a pandemia de COVID-19, a Diretoria de Competi\u00e7\u00f5es da CBF divulgou um balan\u00e7o com os impactos do Coronav\u00edrus nas 21 competi\u00e7\u00f5es coordenadas pela entidade. Publicado nesta sexta-feira (31), o documento, intitulado\u00a0<strong>O impacto da COVID-19 nas Competi\u00e7\u00f5es CBF em 2020 e 2021,\u00a0<\/strong>traz n\u00fameros, estat\u00edsticas e tamb\u00e9m lista as a\u00e7\u00f5es realizadas para que a bola pudesse rolar nos gramados do pa\u00eds.<\/p>\n<p>O trabalho da CBF com o protocolo sanit\u00e1rio para a Covid-19 come\u00e7ou j\u00e1 em mar\u00e7o de 2020, assim que as competi\u00e7\u00f5es do futebol brasileiro foram paralisadas. Foram cerca de quatro meses sem partidas, com a realiza\u00e7\u00e3o de semin\u00e1rios com infectologistas, pesquisadores de universidades e 142 m\u00e9dicos de clubes, al\u00e9m dos m\u00e9dicos das sele\u00e7\u00f5es principais, adulta e base. O resultado dessa intensa troca de experi\u00eancias foi a publica\u00e7\u00e3o, em junho de 2020, do\u00a0<strong>Guia M\u00e9dico de Sugest\u00f5es Protetivas para Retorno \u00e0s Atividades do Futebol Brasileiro<\/strong>, por parte da\u00a0<strong>Comiss\u00e3o M\u00e9dica Especial da CBF<\/strong>, e, posteriormente, a elabora\u00e7\u00e3o da\u00a0<strong>Diretriz T\u00e9cnica Operacional para o Retorno do Futebol<\/strong>.<\/p>\n<p>Este trabalho permitiu que as competi\u00e7\u00f5es coordenadas pela CBF pudessem voltar a ser realizadas com a retomada da Copa do Nordeste, em 22 de julho de 2020, em formato especial na Bahia. Ela foi seguida pelo in\u00edcio dos Campeonatos Brasileiros das S\u00e9ries A, B, C e D, das categorias de base, do Brasileiro Feminino A-1 e A-2, da Copa do Brasil e das demais competi\u00e7\u00f5es coordenadas pela CBF.<\/p>\n<p>Ainda em\u00a0agosto de 2020, foi assinado um acordo entre a CBF, a Federa\u00e7\u00e3o Nacional dos Atletas Profissionais do Futebol (FENAPAF) e o Minist\u00e9rio P\u00fablico do Trabalho (MPT) que permitiu ajustes necess\u00e1rios no Calend\u00e1rio de 2020, com consequ\u00eancias no Calend\u00e1rio de 2021. Destaca-se a redu\u00e7\u00e3o, em car\u00e1ter excepcional, do intervalo m\u00ednimo regulamentar entre partidas de um clube, al\u00e9m da supress\u00e3o do per\u00edodo de f\u00e9rias e pr\u00e9-temporada no in\u00edcio do Calend\u00e1rio 2021. Em contrapartida, foi limitado o final da temporada de 2021 de modo a permitir aos atletas e clubes o descanso e prepara\u00e7\u00e3o para 2022.<\/p>\n<p>Ao longo destas duas temporadas, um dos fatores que permitiu ao futebol brasileiro manter a realiza\u00e7\u00e3o de todas as suas competi\u00e7\u00f5es foi um protocolo de sa\u00fade eficaz. Para se ter uma ideia, s\u00f3 em testes RT-PCR, imprescind\u00edveis para a detec\u00e7\u00e3o da COVID-19, foram mais de 230 mil, somando a\u00ed as competi\u00e7\u00f5es coordenadas pela CBF e as Sele\u00e7\u00f5es Brasileiras. Mais de 200 clubes estiveram envolvidos neste procedimento, que permitiu a realiza\u00e7\u00e3o de 2.073 jogos s\u00f3 em 2021.<\/p>\n<p><span style=\"font-weight: 400;\"><br \/>\n<\/span><span style=\"font-weight: 400;\">Fonte: \u00a0 CBF <\/span><\/p>\n","protected":false},"excerpt":{"rendered":"<p>Ap\u00f3s o t\u00e9rmino da segunda temporada do futebol brasileiro disputada em meio a pandemia de COVID-19, a Diretoria de Competi\u00e7\u00f5es da CBF divulgou um balan\u00e7o com os impactos do Coronav\u00edrus nas 21 competi\u00e7\u00f5es coordenadas pela entidade. Publicado nesta sexta-feira (31), o documento, intitulado\u00a0O impacto da COVID-19 nas Competi\u00e7\u00f5es CBF em 2020 e 2021,\u00a0traz n\u00fameros, estat\u00edsticas [&hellip;]<\/p>\n","protected":false},"author":246,"featured_media":193185,"comment_status":"closed","ping_status":"closed","sticky":false,"template":"","format":"standard","meta":{"footnotes":""},"categories":[436,257,439],"tags":[],"class_list":["post-193184","post","type-post","status-publish","format-standard","has-post-thumbnail","hentry","category-destaque-da-semana","category-esporte","category-ultima-hora"],"_links":{"self":[{"href":"https:\/\/diarioregionaldigital.com.br\/index.php?rest_route=\/wp\/v2\/posts\/193184","targetHints":{"allow":["GET"]}}],"collection":[{"href":"https:\/\/diarioregionaldigital.com.br\/index.php?rest_route=\/wp\/v2\/posts"}],"about":[{"href":"https:\/\/diarioregionaldigital.com.br\/index.php?rest_route=\/wp\/v2\/types\/post"}],"author":[{"embeddable":true,"href":"https:\/\/diarioregionaldigital.com.br\/index.php?rest_route=\/wp\/v2\/users\/246"}],"replies":[{"embeddable":true,"href":"https:\/\/diarioregionaldigital.com.br\/index.php?rest_route=%2Fwp%2Fv2%2Fcomments&post=193184"}],"version-history":[{"count":2,"href":"https:\/\/diarioregionaldigital.com.br\/index.php?rest_route=\/wp\/v2\/posts\/193184\/revisions"}],"predecessor-version":[{"id":193187,"href":"https:\/\/diarioregionaldigital.com.br\/index.php?rest_route=\/wp\/v2\/posts\/193184\/revisions\/193187"}],"wp:featuredmedia":[{"embeddable":true,"href":"https:\/\/diarioregionaldigital.com.br\/index.php?rest_route=\/wp\/v2\/media\/193185"}],"wp:attachment":[{"href":"https:\/\/diarioregionaldigital.com.br\/index.php?rest_route=%2Fwp%2Fv2%2Fmedia&parent=193184"}],"wp:term":[{"taxonomy":"category","embeddable":true,"href":"https:\/\/diarioregionaldigital.com.br\/index.php?rest_route=%2Fwp%2Fv2%2Fcategories&post=193184"},{"taxonomy":"post_tag","embeddable":true,"href":"https:\/\/diarioregionaldigital.com.br\/index.php?rest_route=%2Fwp%2Fv2%2Ftags&post=193184"}],"curies":[{"name":"wp","href":"https:\/\/api.w.org\/{rel}","templated":true}]}}