{"id":193181,"date":"2022-01-03T15:33:10","date_gmt":"2022-01-03T18:33:10","guid":{"rendered":"https:\/\/diarioregionaldigital.com.br\/?p=193181"},"modified":"2022-01-03T15:33:10","modified_gmt":"2022-01-03T18:33:10","slug":"judo-paralimpico-tem-mudancas-de-regras-em-2022-saiba-quais","status":"publish","type":"post","link":"https:\/\/diarioregionaldigital.com.br\/?p=193181","title":{"rendered":"Jud\u00f4 paral\u00edmpico tem mudan\u00e7as de regras em 2022; saiba quais"},"content":{"rendered":"<p>O ano de 2022 trar\u00e1 mudan\u00e7as importantes para o jud\u00f4 paral\u00edmpico. As novas normas aprovadas pela IBSA (sigla em ingl\u00eas para Federa\u00e7\u00e3o Internacional de Esportes para Cegos) dividir\u00e3o os atletas em dois grupos de classifica\u00e7\u00f5es oftalmol\u00f3gicas distintas e reduzir\u00e3o a quantidade de categorias. Por outro lado, haver\u00e1 mais medalhas em disputa nos eventos.<\/p>\n<p>Para entender melhor tudo o que vir\u00e1 pela frente, a Confedera\u00e7\u00e3o Brasileira de Desportos de Deficientes Visuais (CBDV) preparou um tira-d\u00favidas sobre o assunto.<\/p>\n<p><strong>1. O que muda na classifica\u00e7\u00e3o oftalmol\u00f3gica do jud\u00f4 paral\u00edmpico?<\/strong><\/p>\n<p>At\u00e9 ent\u00e3o, judocas das tr\u00eas classifica\u00e7\u00f5es oftalmol\u00f3gicas \u2013 B1 (cego), B2 (percep\u00e7\u00e3o de vulto) e B3 (defini\u00e7\u00e3o de imagem) \u2013 lutavam entre si dentro de cada peso. A partir de agora, quem for cego total (B1) s\u00f3 lutar\u00e1 contra cego total em uma nova categoria que se chamar\u00e1 J1. Quem era B2 e B3 lutar\u00e1 apenas contra oponentes dessas mesmas classifica\u00e7\u00f5es em outra categoria chamada J2.<\/p>\n<p><strong>2. Ent\u00e3o, n\u00e3o haver\u00e1 mais confronto entre um B1 contra um B2 o B3, por exemplo?<\/strong><\/p>\n<p>N\u00e3o. Pegando como exemplo a \u00faltima edi\u00e7\u00e3o dos Jogos Paral\u00edmpico de T\u00f3quio, o brasileiro Ant\u00f4nio Ten\u00f3rio, que \u00e9 cego total, perdeu na semifinal para o norte-americano Benjamin Goodrich, que \u00e9 B2. Estes atletas n\u00e3o v\u00e3o mais se enfrentar daqui em diante.<\/p>\n<p><strong>3. E as divis\u00f5es por peso, tamb\u00e9m foram alteradas?<\/strong><\/p>\n<p>Sim, at\u00e9 ent\u00e3o havia sete divis\u00f5es no masculino e seis no feminino:<\/p>\n<p><strong>Masculino<\/strong><br \/>\nat\u00e9 60 kg<br \/>\nat\u00e9 66 kg<br \/>\nat\u00e9 73 kg<br \/>\nat\u00e9 81 kg<br \/>\nat\u00e9 90 kg<br \/>\nat\u00e9 100 kg<br \/>\nacima de 100 kg<\/p>\n<p><strong>Feminino<\/strong><br \/>\nat\u00e9 48 kg<br \/>\nat\u00e9 52 kg<br \/>\nat\u00e9 57 kg<br \/>\nat\u00e9 63 kg<br \/>\nat\u00e9 70 kg<br \/>\nacima de 70 kg<\/p>\n<p>Foram extintas quatro divis\u00f5es do masculino e se criou uma nova para os pesados, que ser\u00e1 de 90 kg para cima. No feminino, duas divis\u00f5es foram exclu\u00eddas. Ficou assim:<\/p>\n<p><strong>Masculino<\/strong><br \/>\nat\u00e9 60 kg<br \/>\nat\u00e9 73 kg<br \/>\nat\u00e9 90 kg<br \/>\nacima de 90 kg<\/p>\n<p><strong>Feminino<\/strong><br \/>\nat\u00e9 48 kg<br \/>\nat\u00e9 57 kg<br \/>\nat\u00e9 70 kg<br \/>\nacima de 70 kg<\/p>\n<p><strong>4. E quem for atualmente de uma divis\u00e3o de peso que deixar\u00e1 de existir, como faz?<\/strong><\/p>\n<p>H\u00e1 duas possibilidades: baixar ou subir de peso. Um judoca que lutava na categoria at\u00e9 81 kg, por exemplo, caso do brasileiro Harlley Arruda, que representou o pa\u00eds em T\u00f3quio, dever\u00e1 ganhar massa e competir com atletas mais pesados, da divis\u00e3o at\u00e9 90 kg. Outra op\u00e7\u00e3o seria perder peso para se enquadrar na divis\u00e3o at\u00e9 73 kg.<\/p>\n<p><strong>5. Mas ent\u00e3o haver\u00e1 menos medalhas em disputa nas competi\u00e7\u00f5es?<\/strong><\/p>\n<p>N\u00e3o, na verdade haver\u00e1 mais medalhas. Explicando: antes, eram 13 eventos de medalha poss\u00edveis, j\u00e1 que havia sete pesos no masculino e seis no feminino. Agora, apesar da redu\u00e7\u00e3o na quantidade de pesos, lembre-se de que s\u00e3o duas classes (J1 e J2) diferentes, e cada classe contar\u00e1 com quatro pesos no masculino e quatro no feminino. Ou seja, a pr\u00f3xima edi\u00e7\u00e3o da Paralimp\u00edada ter\u00e1 16 eventos de medalhas ao todo.<\/p>\n<p><strong>6. A partir de quando estas regras valer\u00e3o?<\/strong><\/p>\n<p>De acordo com a IBSA, as normas j\u00e1 valem para os eventos de 2022, tendo em vista o ciclo para Paris 2024. A organiza\u00e7\u00e3o dos pr\u00f3ximos Jogos Paral\u00edmpicos, inclusive, j\u00e1 divulgou a programa\u00e7\u00e3o da modalidade de acordo com as novas regulamenta\u00e7\u00f5es.<\/p>\n<p><span style=\"font-weight: 400;\"><br \/>\n<\/span><span style=\"font-weight: 400;\">Fonte: CPB \/ CBDV<\/span><\/p>\n","protected":false},"excerpt":{"rendered":"<p>O ano de 2022 trar\u00e1 mudan\u00e7as importantes para o jud\u00f4 paral\u00edmpico. As novas normas aprovadas pela IBSA (sigla em ingl\u00eas para Federa\u00e7\u00e3o Internacional de Esportes para Cegos) dividir\u00e3o os atletas em dois grupos de classifica\u00e7\u00f5es oftalmol\u00f3gicas distintas e reduzir\u00e3o a quantidade de categorias. Por outro lado, haver\u00e1 mais medalhas em disputa nos eventos. Para entender [&hellip;]<\/p>\n","protected":false},"author":246,"featured_media":193182,"comment_status":"closed","ping_status":"closed","sticky":false,"template":"","format":"standard","meta":{"footnotes":""},"categories":[436,257,439],"tags":[],"class_list":["post-193181","post","type-post","status-publish","format-standard","has-post-thumbnail","hentry","category-destaque-da-semana","category-esporte","category-ultima-hora"],"_links":{"self":[{"href":"https:\/\/diarioregionaldigital.com.br\/index.php?rest_route=\/wp\/v2\/posts\/193181","targetHints":{"allow":["GET"]}}],"collection":[{"href":"https:\/\/diarioregionaldigital.com.br\/index.php?rest_route=\/wp\/v2\/posts"}],"about":[{"href":"https:\/\/diarioregionaldigital.com.br\/index.php?rest_route=\/wp\/v2\/types\/post"}],"author":[{"embeddable":true,"href":"https:\/\/diarioregionaldigital.com.br\/index.php?rest_route=\/wp\/v2\/users\/246"}],"replies":[{"embeddable":true,"href":"https:\/\/diarioregionaldigital.com.br\/index.php?rest_route=%2Fwp%2Fv2%2Fcomments&post=193181"}],"version-history":[{"count":1,"href":"https:\/\/diarioregionaldigital.com.br\/index.php?rest_route=\/wp\/v2\/posts\/193181\/revisions"}],"predecessor-version":[{"id":193183,"href":"https:\/\/diarioregionaldigital.com.br\/index.php?rest_route=\/wp\/v2\/posts\/193181\/revisions\/193183"}],"wp:featuredmedia":[{"embeddable":true,"href":"https:\/\/diarioregionaldigital.com.br\/index.php?rest_route=\/wp\/v2\/media\/193182"}],"wp:attachment":[{"href":"https:\/\/diarioregionaldigital.com.br\/index.php?rest_route=%2Fwp%2Fv2%2Fmedia&parent=193181"}],"wp:term":[{"taxonomy":"category","embeddable":true,"href":"https:\/\/diarioregionaldigital.com.br\/index.php?rest_route=%2Fwp%2Fv2%2Fcategories&post=193181"},{"taxonomy":"post_tag","embeddable":true,"href":"https:\/\/diarioregionaldigital.com.br\/index.php?rest_route=%2Fwp%2Fv2%2Ftags&post=193181"}],"curies":[{"name":"wp","href":"https:\/\/api.w.org\/{rel}","templated":true}]}}