{"id":193175,"date":"2022-01-03T15:06:24","date_gmt":"2022-01-03T18:06:24","guid":{"rendered":"https:\/\/diarioregionaldigital.com.br\/?p=193175"},"modified":"2022-01-03T15:06:24","modified_gmt":"2022-01-03T18:06:24","slug":"confira-o-resultado-final-do-edital-fec-desperta-cultura","status":"publish","type":"post","link":"https:\/\/diarioregionaldigital.com.br\/?p=193175","title":{"rendered":"Confira o resultado final do edital FEC Desperta Cultura"},"content":{"rendered":"<p>O\u00a0<a href=\"http:\/\/www.mg.gov.br\/\" target=\"_blank\" rel=\"noopener\">Governo de Minas<\/a>, por meio\u00a0<a href=\"http:\/\/www.secult.mg.gov.br\/\" target=\"_blank\" rel=\"noopener\">Secretaria de Estado de Cultura e Turismo (Secult)<\/a>, e a Comiss\u00e3o Parit\u00e1ria Estadual de Fomento e Incentivo \u00e0 Cultura (Copefic), apresentaram o resultado final do Edital Fundo Estadual de Cultura (FEC) 01\/2021 \u2013 Desperta Cultura \u2013 Premia\u00e7\u00e3o \u2013 Pessoa F\u00edsica.<\/p>\n<p>O objetivo do edital \u00e9 fomentar o setor cultural em Minas Gerais, um dos que mais sofreram as consequ\u00eancias econ\u00f4micas causadas pela pandemia de covid-19. Foram 321 propostas classificadas, que receber\u00e3o entre R$ 4.500,00 at\u00e9 R$ 19.500,00. O valor total disponibilizado foi de R$ 2.490.000,00.<\/p>\n<p>A lista com os classificados, suplentes, n\u00e3o aprovados e desclassificados pode ser acessada\u00a0<a href=\"https:\/\/www.secult.mg.gov.br\/download\/category\/14-atos-copefic?download=2716:ato-copefic-044-2021-resultado-final-edital-01-2021-pdf\" target=\"_blank\" rel=\"noopener\">clicando aqui<\/a>.<\/p>\n<p><strong>Fomento \u00e0 cultura<\/strong><\/p>\n<p>O Desperta Cultura \u00e9 voltado para a forma\u00e7\u00e3o e a qualifica\u00e7\u00e3o dos profissionais da \u00e1rea cultural. O edital disponibilizar\u00e1 recursos diretos do Fundo Estadual de Cultura (FEC), para projetos que contemplem a\u00e7\u00f5es de pesquisa e documenta\u00e7\u00e3o, semin\u00e1rios, cursos, oficinas e\u00a0workshops.<\/p>\n<p>O edital \u00e9 dividido em duas categorias. A Categoria 1 \u00e9 voltada para propostas ligadas \u00e0 oferta gratuita de a\u00e7\u00f5es educativas, formativas ou de aperfei\u00e7oamento\/qualifica\u00e7\u00e3o no campo das artes e da cultura, que sejam in\u00e9ditas e cujo acompanhamento seja poss\u00edvel exclusivamente em tempo real (ao vivo). Nessa categoria, puderam inscritos projetos em uma das seguintes linhas de a\u00e7\u00e3o: Laborat\u00f3rios de pesquisa e experimenta\u00e7\u00e3o; Oficinas ou workshops de curta dura\u00e7\u00e3o; Semin\u00e1rios; Curso\/capacita\u00e7\u00e3o de longa dura\u00e7\u00e3o.<\/p>\n<p>J\u00e1 a Categoria 2 \u00e9 destinada \u00e0 solicita\u00e7\u00e3o de bolsas de estudos para atividades educativas, formativas, de aperfei\u00e7oamento e qualifica\u00e7\u00e3o no campo das artes e da cultura. Os proponentes apresentaram projetos estruturados em um percurso formativo, completo ou parcial, com carga hor\u00e1ria total m\u00ednima de 12h e m\u00e1xima de 72h, que sejam execut\u00e1veis em at\u00e9 seis meses. As propostas contempladas poder\u00e3o ser oferecidas de maneira virtual, presencial ou remota. No caso de atividades presenciais, \u00e9 necess\u00e1rio seguir a todos os protocolos de sa\u00fade determinados pelos \u00f3rg\u00e3os p\u00fablicos.<\/p>\n<p><span style=\"font-weight: 400;\">Fonte: Ag\u00eancia Minas <\/span><\/p>\n","protected":false},"excerpt":{"rendered":"<p>O\u00a0Governo de Minas, por meio\u00a0Secretaria de Estado de Cultura e Turismo (Secult), e a Comiss\u00e3o Parit\u00e1ria Estadual de Fomento e Incentivo \u00e0 Cultura (Copefic), apresentaram o resultado final do Edital Fundo Estadual de Cultura (FEC) 01\/2021 \u2013 Desperta Cultura \u2013 Premia\u00e7\u00e3o \u2013 Pessoa F\u00edsica. O objetivo do edital \u00e9 fomentar o setor cultural em Minas [&hellip;]<\/p>\n","protected":false},"author":246,"featured_media":193176,"comment_status":"closed","ping_status":"closed","sticky":false,"template":"","format":"standard","meta":{"footnotes":""},"categories":[436,254,439],"tags":[],"class_list":["post-193175","post","type-post","status-publish","format-standard","has-post-thumbnail","hentry","category-destaque-da-semana","category-politica","category-ultima-hora"],"_links":{"self":[{"href":"https:\/\/diarioregionaldigital.com.br\/index.php?rest_route=\/wp\/v2\/posts\/193175","targetHints":{"allow":["GET"]}}],"collection":[{"href":"https:\/\/diarioregionaldigital.com.br\/index.php?rest_route=\/wp\/v2\/posts"}],"about":[{"href":"https:\/\/diarioregionaldigital.com.br\/index.php?rest_route=\/wp\/v2\/types\/post"}],"author":[{"embeddable":true,"href":"https:\/\/diarioregionaldigital.com.br\/index.php?rest_route=\/wp\/v2\/users\/246"}],"replies":[{"embeddable":true,"href":"https:\/\/diarioregionaldigital.com.br\/index.php?rest_route=%2Fwp%2Fv2%2Fcomments&post=193175"}],"version-history":[{"count":1,"href":"https:\/\/diarioregionaldigital.com.br\/index.php?rest_route=\/wp\/v2\/posts\/193175\/revisions"}],"predecessor-version":[{"id":193177,"href":"https:\/\/diarioregionaldigital.com.br\/index.php?rest_route=\/wp\/v2\/posts\/193175\/revisions\/193177"}],"wp:featuredmedia":[{"embeddable":true,"href":"https:\/\/diarioregionaldigital.com.br\/index.php?rest_route=\/wp\/v2\/media\/193176"}],"wp:attachment":[{"href":"https:\/\/diarioregionaldigital.com.br\/index.php?rest_route=%2Fwp%2Fv2%2Fmedia&parent=193175"}],"wp:term":[{"taxonomy":"category","embeddable":true,"href":"https:\/\/diarioregionaldigital.com.br\/index.php?rest_route=%2Fwp%2Fv2%2Fcategories&post=193175"},{"taxonomy":"post_tag","embeddable":true,"href":"https:\/\/diarioregionaldigital.com.br\/index.php?rest_route=%2Fwp%2Fv2%2Ftags&post=193175"}],"curies":[{"name":"wp","href":"https:\/\/api.w.org\/{rel}","templated":true}]}}