{"id":193166,"date":"2022-01-03T15:00:48","date_gmt":"2022-01-03T18:00:48","guid":{"rendered":"https:\/\/diarioregionaldigital.com.br\/?p=193166"},"modified":"2022-01-03T15:00:48","modified_gmt":"2022-01-03T18:00:48","slug":"governo-de-minas-honra-compromissos-e-ajuda-os-municipios-a-comecarem-2022-no-azul","status":"publish","type":"post","link":"https:\/\/diarioregionaldigital.com.br\/?p=193166","title":{"rendered":"Governo de Minas honra compromissos e ajuda os munic\u00edpios a come\u00e7arem 2022 no azul"},"content":{"rendered":"<p>Ap\u00f3s tr\u00eas anos de\u00a0gest\u00e3o do governador Romeu Zema, os munic\u00edpios mineiros vivem uma nova realidade financeira. Hoje, os prefeitos conseguem se organizar, planejar e fazer a previs\u00e3o de despesas e receitas, situa\u00e7\u00e3o bem diferente vivida pelos gestores na administra\u00e7\u00e3o anterior, que retinha verbas constitucionais provenientes, por exemplo, da arrecada\u00e7\u00e3o de impostos, colocando as prefeituras em dificuldades.<\/p>\n<p>Al\u00e9m dos repasses constitucionais em dia, o novo momento se deve ao compromisso do\u00a0<a href=\"http:\/\/www.mg.gov.br\/\" target=\"_blank\" rel=\"noopener\">Governo de Minas<\/a>\u00a0com os 853 munic\u00edpios de liquidar a d\u00edvida de R$ 7 bilh\u00f5es em recursos relativos a repasses do ICMS, IPVA e Fundeb Desse montante, o governo estadual j\u00e1 pagou 5,244 bilh\u00f5es (75%).<\/p>\n<p><strong>Sa\u00fade<\/strong><\/p>\n<p>Com o prop\u00f3sito de fortalecer o sistema de sa\u00fade municipal e devolver \u00e0s cidades os repasses da \u00e1rea de\u00a0Sa\u00fade previstos no or\u00e7amento do governo entre 2009 e 2020, mas que n\u00e3o haviam sido quitados, o\u00a0<a href=\"https:\/\/www.agenciaminas.mg.gov.br\/noticia\/governo-de-minas-assina-acordo-com-a-amm-para-pagamento-de-dividas-da-saude\" target=\"_blank\" rel=\"noopener\">Governo de Minas tamb\u00e9m assinou um acordo para pagamento de d\u00edvida de R$ 6,7 bilh\u00f5es<\/a>.<\/p>\n<p>O pagamento ser\u00e1 realizado em 98 parcelas, sendo que R$ 400 milh\u00f5es j\u00e1 foram pagos em dezembro de 2021. Outros R$ 400 milh\u00f5es ser\u00e3o quitados no primeiro semestre de 2022 e o residual ser\u00e1 repassado em 96 parcelas mensais e consecutivas a partir de outubro de 2022.<\/p>\n<p><strong>Prefeituras<\/strong><\/p>\n<p>O prefeito de Bom Despacho, Bertolino de Costa Neto, conta que foi um alento receber os repasses em dia, ap\u00f3s um per\u00edodo em que algumas \u00e1reas tiveram de\u00a0ser sacrificadas para que a merenda e o transporte escolar fossem mantidos.<\/p>\n<p>\u201cN\u00f3s, prefeitos, n\u00e3o acredit\u00e1vamos que receber\u00edamos. Para muitos, era um dinheiro perdido. No entanto, o governador Zema soube costurar acordos, honrar o pagamento das d\u00edvidas e manteve os repasses correntes em dia\u201d, explica.<\/p>\n<p>Em seu segundo mandato, o\u00a0prefeito de Diamantina, Juscelino Brasiliano Roque, observa que, no passado, a falta de recursos afetava principalmente as pessoas mais carentes. \u201cNa nossa regi\u00e3o, 92% da popula\u00e7\u00e3o depende do SUS. Sem verbas, os mais pobres eram os mais prejudicados\u201d, diz<\/p>\n<p>Atualmente, com os repasses em dia e o Governo de Minas honrando os compromissos, as prefeituras passaram a ter equil\u00edbrio financeiro e previsibilidade, segundo o prefeito. \u201cPassamos a ter um alento. No momento que o Brasil passa por uma crise sanit\u00e1ria e financeira, Minas Gerais coloca em pr\u00e1tica a distribui\u00e7\u00e3o de renda. \u00c9 disso que o pa\u00eds precisa. Com isso, o estado resgata sua credibilidade\u201d, afirma.<\/p>\n<p>De janeiro a novembro de 2021, os repasses correntes aos munic\u00edpios totalizaram R$ 28,9 bilh\u00f5es. S\u00e3o recursos que entraram nos cofres das prefeituras por meio de transfer\u00eancias de parte do IPVA, ICMS e Fundeb.<\/p>\n<p><strong>Combate \u00e0 pandemia<\/strong><\/p>\n<p>O recurso do\u00a0<a href=\"https:\/\/www.agenciaminas.mg.gov.br\/noticia\/governo-de-minas-e-municipios-firmam-acordo-de-r-7-bilhoes\" target=\"_blank\" rel=\"noopener\">acordo hist\u00f3rico assinado com os munic\u00edpios em 2019, no valor de R$ 7 bilh\u00f5es<\/a>, tamb\u00e9m foi fundamental para que os prefeitos equilibrassem as contas e passassem a contar com dinheiro em caixa para combater a pandemia. Em 11 de mar\u00e7o de 2020, a covid-19 foi caracterizada pela Organiza\u00e7\u00e3o Mundial da Sa\u00fade (OMS) como uma\u00a0pandemia.<\/p>\n<p>O prefeito de Bom Despacho reitera\u00a0que as a\u00e7\u00f5es de combate \u00e0 doen\u00e7a s\u00f3 foram poss\u00edveis gra\u00e7as ao equil\u00edbrio financeiro. \u201cComo enfrentar\u00edamos uma pandemia sem dinheiro em caixa?\u201d, questiona.<\/p>\n<p><strong>Entregas<\/strong><\/p>\n<p>Al\u00e9m de estar em dia com a presta\u00e7\u00e3o e o custeio dos servi\u00e7os b\u00e1sicos para a popula\u00e7\u00e3o, o munic\u00edpio de Bom Despacho passou a contar com sobras no caixa que foram aplicados na melhoria da infraestrutura.<\/p>\n<p>\u201cMinha gest\u00e3o encerrou\u00a02021 e inicia\u00a0este novo\u00a0exerc\u00edcio com v\u00e1rias entregas. Dentre as principais est\u00e3o recapeamento de vias, reforma de escolas, inaugura\u00e7\u00e3o de uma cl\u00ednica de fisioterapia e de uma Unidade B\u00e1sica de Sa\u00fade (UBS)\u201d, detalha.<\/p>\n<p><span style=\"font-weight: 400;\">Fonte: Ag\u00eancia Minas <\/span><\/p>\n","protected":false},"excerpt":{"rendered":"<p>Ap\u00f3s tr\u00eas anos de\u00a0gest\u00e3o do governador Romeu Zema, os munic\u00edpios mineiros vivem uma nova realidade financeira. Hoje, os prefeitos conseguem se organizar, planejar e fazer a previs\u00e3o de despesas e receitas, situa\u00e7\u00e3o bem diferente vivida pelos gestores na administra\u00e7\u00e3o anterior, que retinha verbas constitucionais provenientes, por exemplo, da arrecada\u00e7\u00e3o de impostos, colocando as prefeituras em [&hellip;]<\/p>\n","protected":false},"author":246,"featured_media":193167,"comment_status":"closed","ping_status":"closed","sticky":false,"template":"","format":"standard","meta":{"footnotes":""},"categories":[436,440,254,439],"tags":[],"class_list":["post-193166","post","type-post","status-publish","format-standard","has-post-thumbnail","hentry","category-destaque-da-semana","category-destaques-do-dia","category-politica","category-ultima-hora"],"_links":{"self":[{"href":"https:\/\/diarioregionaldigital.com.br\/index.php?rest_route=\/wp\/v2\/posts\/193166","targetHints":{"allow":["GET"]}}],"collection":[{"href":"https:\/\/diarioregionaldigital.com.br\/index.php?rest_route=\/wp\/v2\/posts"}],"about":[{"href":"https:\/\/diarioregionaldigital.com.br\/index.php?rest_route=\/wp\/v2\/types\/post"}],"author":[{"embeddable":true,"href":"https:\/\/diarioregionaldigital.com.br\/index.php?rest_route=\/wp\/v2\/users\/246"}],"replies":[{"embeddable":true,"href":"https:\/\/diarioregionaldigital.com.br\/index.php?rest_route=%2Fwp%2Fv2%2Fcomments&post=193166"}],"version-history":[{"count":1,"href":"https:\/\/diarioregionaldigital.com.br\/index.php?rest_route=\/wp\/v2\/posts\/193166\/revisions"}],"predecessor-version":[{"id":193168,"href":"https:\/\/diarioregionaldigital.com.br\/index.php?rest_route=\/wp\/v2\/posts\/193166\/revisions\/193168"}],"wp:featuredmedia":[{"embeddable":true,"href":"https:\/\/diarioregionaldigital.com.br\/index.php?rest_route=\/wp\/v2\/media\/193167"}],"wp:attachment":[{"href":"https:\/\/diarioregionaldigital.com.br\/index.php?rest_route=%2Fwp%2Fv2%2Fmedia&parent=193166"}],"wp:term":[{"taxonomy":"category","embeddable":true,"href":"https:\/\/diarioregionaldigital.com.br\/index.php?rest_route=%2Fwp%2Fv2%2Fcategories&post=193166"},{"taxonomy":"post_tag","embeddable":true,"href":"https:\/\/diarioregionaldigital.com.br\/index.php?rest_route=%2Fwp%2Fv2%2Ftags&post=193166"}],"curies":[{"name":"wp","href":"https:\/\/api.w.org\/{rel}","templated":true}]}}