{"id":193163,"date":"2022-01-03T14:56:28","date_gmt":"2022-01-03T17:56:28","guid":{"rendered":"https:\/\/diarioregionaldigital.com.br\/?p=193163"},"modified":"2022-01-03T14:56:28","modified_gmt":"2022-01-03T17:56:28","slug":"prova-de-vida-do-inss-volta-a-ser-exigida-em-2022","status":"publish","type":"post","link":"https:\/\/diarioregionaldigital.com.br\/?p=193163","title":{"rendered":"Prova de vida do INSS volta a ser exigida em 2022"},"content":{"rendered":"<p>Os aposentados e pensionistas do Instituto Nacional de Seguro Social (INSS) precisam ficar atentos em 2022. A prova de vida voltou a ser obrigat\u00f3ria, ap\u00f3s tr\u00eas meses de suspens\u00e3o. O procedimento \u00e9 necess\u00e1rio para manter o pagamento do benef\u00edcio.<img decoding=\"async\" src=\"https:\/\/agenciabrasil.ebc.com.br\/ebc.png?id=1434896&amp;o=node\" \/><img decoding=\"async\" src=\"https:\/\/agenciabrasil.ebc.com.br\/ebc.gif?id=1434896&amp;o=node\" \/><\/p>\n<p>Entre mar\u00e7o de 2020 e maio de 2021, a prova de vida foi suspensa por causa da pandemia de covid-19. O\u00a0<a href=\"https:\/\/agenciabrasil.ebc.com.br\/geral\/noticia\/2021-10\/prova-de-vida-para-segurados-do-inss-e-suspensa-ate-fim-do-ano\" target=\"_blank\" rel=\"noopener\">procedimento foi retomado<\/a>\u00a0em junho do ano passado, mas suspenso novamente em outubro, ap\u00f3s o Congresso derrubar o veto do presidente Jair Bolsonaro a uma lei que retirava a obrigatoriedade da prova de vida em 2021.<\/p>\n<p>Segundo o INSS, cerca de 3,3 milh\u00f5es de segurados precisam fazer, entre janeiro e abril, a prova de vida referente a 2021. Os pagamentos das aposentadorias e das pens\u00f5es come\u00e7ar\u00e3o a ser suspensos em fevereiro.<\/p>\n<p><strong>Calend\u00e1rio<\/strong><\/p>\n<p>Uma\u00a0<a href=\"https:\/\/in.gov.br\/web\/dou\/-\/portaria-pres\/inss-n-1.400-de-27-de-dezembro-de-2021-370541285\">portaria publicada<\/a>\u00a0no \u00faltimo dia 28, no\u00a0<em>Di\u00e1rio Oficial da Uni\u00e3o<\/em>, estendeu os prazos para realiza\u00e7\u00e3o da prova de vida, al\u00e9m de trazer o calend\u00e1rio que define as datas para os benefici\u00e1rios que n\u00e3o realizaram o procedimento desde o ano de 2020.<\/p>\n<p><strong>Como fazer<\/strong><\/p>\n<p>A prova de vida do INSS deve ser feita no banco respons\u00e1vel pelo pagamento do benef\u00edcio. O procedimento pode ser feito nos caixas eletr\u00f4nicos com uso da biometria ou presencialmente, nas ag\u00eancias banc\u00e1rias. Algumas institui\u00e7\u00f5es financeiras oferecem o servi\u00e7o no\u00a0<em>internet banking<\/em>\u00a0ou no aplicativo.<\/p>\n<p>Os segurados com biometria facial cadastrada no Departamento Nacional de Tr\u00e2nsito (Denatran) ou no Tribunal Superior Eleitoral (TSE) podem fazer a prova de vida de forma eletr\u00f4nica, no aplicativo Meu INSS. Idosos a partir de 80 anos ou pessoas com dificuldade de locomo\u00e7\u00e3o podem pedir visita em domic\u00edlio. Nesse caso, \u00e9 necess\u00e1rio agendar um hor\u00e1rio pelo telefone 135 ou do\u00a0<em>app<\/em>\u00a0Meu INSS.<\/p>\n<p><strong>Etapas<\/strong><\/p>\n<p>A n\u00e3o realiza\u00e7\u00e3o do cadastramento n\u00e3o implica o cancelamento imediato do benef\u00edcio. Antes disso h\u00e1 duas etapas: bloqueio e suspens\u00e3o do pagamento. Quem tiver o benef\u00edcio suspenso em fevereiro entrar\u00e1 na etapa de suspens\u00e3o tr\u00eas meses mais tarde. Se ainda assim n\u00e3o atualizar os dados nessa segunda etapa, o benef\u00edcio ser\u00e1 cancelado.<\/p>\n<p><strong>Reativa\u00e7\u00e3o<\/strong><\/p>\n<p>Segurados com os benef\u00edcios bloqueados e suspensos podem reativ\u00e1-los diretamente no banco. No caso de cancelamento, o segurado ter\u00e1 que ligar para a central 135 e agendar o servi\u00e7o de reativa\u00e7\u00e3o de benef\u00edcio. Esse procedimento tamb\u00e9m pode ser feito pelo aplicativo Meu INSS. Ap\u00f3s acessar o Meu INSS com o n\u00famero do CPF e a senha cadastrada, busque por Reativar Benef\u00edcio, na lupa.<\/p>\n<p>Os servidores p\u00fablicos inativos (aposentados e pensionistas) e anistiados pol\u00edticos seguiram um cronograma diferente de recadastramento. Para essas categorias, o prazo para fazer a prova de vida de 2021 acabou em 31 de dezembro.<\/p>\n<p><span style=\"font-weight: 400;\">Fonte: Ag\u00eancia Brasil<\/span><\/p>\n","protected":false},"excerpt":{"rendered":"<p>Os aposentados e pensionistas do Instituto Nacional de Seguro Social (INSS) precisam ficar atentos em 2022. A prova de vida voltou a ser obrigat\u00f3ria, ap\u00f3s tr\u00eas meses de suspens\u00e3o. O procedimento \u00e9 necess\u00e1rio para manter o pagamento do benef\u00edcio. Entre mar\u00e7o de 2020 e maio de 2021, a prova de vida foi suspensa por causa [&hellip;]<\/p>\n","protected":false},"author":246,"featured_media":193164,"comment_status":"closed","ping_status":"closed","sticky":false,"template":"","format":"standard","meta":{"footnotes":""},"categories":[436,261,439],"tags":[],"class_list":["post-193163","post","type-post","status-publish","format-standard","has-post-thumbnail","hentry","category-destaque-da-semana","category-economia","category-ultima-hora"],"_links":{"self":[{"href":"https:\/\/diarioregionaldigital.com.br\/index.php?rest_route=\/wp\/v2\/posts\/193163","targetHints":{"allow":["GET"]}}],"collection":[{"href":"https:\/\/diarioregionaldigital.com.br\/index.php?rest_route=\/wp\/v2\/posts"}],"about":[{"href":"https:\/\/diarioregionaldigital.com.br\/index.php?rest_route=\/wp\/v2\/types\/post"}],"author":[{"embeddable":true,"href":"https:\/\/diarioregionaldigital.com.br\/index.php?rest_route=\/wp\/v2\/users\/246"}],"replies":[{"embeddable":true,"href":"https:\/\/diarioregionaldigital.com.br\/index.php?rest_route=%2Fwp%2Fv2%2Fcomments&post=193163"}],"version-history":[{"count":1,"href":"https:\/\/diarioregionaldigital.com.br\/index.php?rest_route=\/wp\/v2\/posts\/193163\/revisions"}],"predecessor-version":[{"id":193165,"href":"https:\/\/diarioregionaldigital.com.br\/index.php?rest_route=\/wp\/v2\/posts\/193163\/revisions\/193165"}],"wp:featuredmedia":[{"embeddable":true,"href":"https:\/\/diarioregionaldigital.com.br\/index.php?rest_route=\/wp\/v2\/media\/193164"}],"wp:attachment":[{"href":"https:\/\/diarioregionaldigital.com.br\/index.php?rest_route=%2Fwp%2Fv2%2Fmedia&parent=193163"}],"wp:term":[{"taxonomy":"category","embeddable":true,"href":"https:\/\/diarioregionaldigital.com.br\/index.php?rest_route=%2Fwp%2Fv2%2Fcategories&post=193163"},{"taxonomy":"post_tag","embeddable":true,"href":"https:\/\/diarioregionaldigital.com.br\/index.php?rest_route=%2Fwp%2Fv2%2Ftags&post=193163"}],"curies":[{"name":"wp","href":"https:\/\/api.w.org\/{rel}","templated":true}]}}