{"id":193153,"date":"2022-01-03T14:51:24","date_gmt":"2022-01-03T17:51:24","guid":{"rendered":"https:\/\/diarioregionaldigital.com.br\/?p=193153"},"modified":"2022-01-03T14:51:24","modified_gmt":"2022-01-03T17:51:24","slug":"mercado-financeiro-preve-que-economia-vai-crescer-036-em-2022","status":"publish","type":"post","link":"https:\/\/diarioregionaldigital.com.br\/?p=193153","title":{"rendered":"Mercado financeiro prev\u00ea que economia vai crescer 0,36% em 2022"},"content":{"rendered":"<p>O mercado financeiro diminuiu novamente a previs\u00e3o para o crescimento da economia brasileira em 2022. As proje\u00e7\u00f5es constam do primeiro boletim Focus de 2022, divulgado hoje (3), em Bras\u00edlia, pelo Banco Central. O documento re\u00fane a proje\u00e7\u00e3o para os principais indicadores econ\u00f4micos do pa\u00eds e aponta para um Produto Interno Bruto (PIB) de 0,36% ante 0,42% estimado na semana passada.<img decoding=\"async\" src=\"https:\/\/agenciabrasil.ebc.com.br\/ebc.png?id=1434953&amp;o=node\" \/><img decoding=\"async\" src=\"https:\/\/agenciabrasil.ebc.com.br\/ebc.gif?id=1434953&amp;o=node\" \/><\/p>\n<p>O mercado tamb\u00e9m reduziu a previs\u00e3o do PIB &#8211; a soma de todos os bens e servi\u00e7os produzidos no pa\u00eds &#8211; para o ano de 2021, para 4,50%. Na semana anterior, a estimativa era de que o PIB ficasse em 4,51%. H\u00e1 quatro semanas, o boletim estimou um crescimento de 4,71% em 2021.<\/p>\n<p>Para 2023 e 2024, a proje\u00e7\u00e3o do mercado financeiro se manteve est\u00e1vel na rela\u00e7\u00e3o com a semana anterior, com expans\u00e3o do PIB em 1,80% e 2%, respectivamente.<\/p>\n<p>Para 2022, a estimativa de infla\u00e7\u00e3o ficou em 5,03%, a mesma da semana passada. Para 2021, a previs\u00e3o para o \u00cdndice Nacional de Pre\u00e7os ao Consumidor Amplo (IPCA), a infla\u00e7\u00e3o oficial do pa\u00eds, tamb\u00e9m variou para baixo, de 10,02% para 10,01%. \u00c9 a quarta redu\u00e7\u00e3o depois de 35 semanas consecutivas de alta da proje\u00e7\u00e3o. Para 2023 e 2024, as previs\u00f5es s\u00e3o de 3,41% e 3%, respectivamente.<\/p>\n<p><strong>Taxa de juros<\/strong><\/p>\n<p>A previs\u00e3o para a taxa b\u00e1sica de juros, a Selic, ao final de 2022, ficou em 11,50% no ano, a mesma da semana anterior. Atualmente, a taxa definida pelo Comit\u00ea de Pol\u00edtica Monet\u00e1ria (Copom) est\u00e1 em 9,25% ao ano. Para a pr\u00f3xima reuni\u00e3o do \u00f3rg\u00e3o, em fevereiro, o Copom j\u00e1 sinalizou que deve elevar a Selic em mais 1,5 ponto percentual.<\/p>\n<p>Para o fim de 2023, a estimativa \u00e9 de que a taxa b\u00e1sica caia para 8% ao ano. E para 2024, a previs\u00e3o \u00e9 de Selic em 7% ao ano.<\/p>\n<p>A expectativa do mercado para a cota\u00e7\u00e3o do d\u00f3lar em 2022 \u00e9 R$ 5,60, a mesma da semana anterior. Para 2023, a previs\u00e3o \u00e9 de que o d\u00f3lar fique em R$ 5,40 e, em 2024, em R$ 5,30.<\/p>\n<p><span style=\"font-weight: 400;\">Fonte: Ag\u00eancia Brasil<\/span><span style=\"font-weight: 400;\"><br \/>\n<\/span><\/p>\n","protected":false},"excerpt":{"rendered":"<p>O mercado financeiro diminuiu novamente a previs\u00e3o para o crescimento da economia brasileira em 2022. As proje\u00e7\u00f5es constam do primeiro boletim Focus de 2022, divulgado hoje (3), em Bras\u00edlia, pelo Banco Central. O documento re\u00fane a proje\u00e7\u00e3o para os principais indicadores econ\u00f4micos do pa\u00eds e aponta para um Produto Interno Bruto (PIB) de 0,36% ante [&hellip;]<\/p>\n","protected":false},"author":246,"featured_media":193155,"comment_status":"closed","ping_status":"closed","sticky":false,"template":"","format":"standard","meta":{"footnotes":""},"categories":[436,440,261,439],"tags":[],"class_list":["post-193153","post","type-post","status-publish","format-standard","has-post-thumbnail","hentry","category-destaque-da-semana","category-destaques-do-dia","category-economia","category-ultima-hora"],"_links":{"self":[{"href":"https:\/\/diarioregionaldigital.com.br\/index.php?rest_route=\/wp\/v2\/posts\/193153","targetHints":{"allow":["GET"]}}],"collection":[{"href":"https:\/\/diarioregionaldigital.com.br\/index.php?rest_route=\/wp\/v2\/posts"}],"about":[{"href":"https:\/\/diarioregionaldigital.com.br\/index.php?rest_route=\/wp\/v2\/types\/post"}],"author":[{"embeddable":true,"href":"https:\/\/diarioregionaldigital.com.br\/index.php?rest_route=\/wp\/v2\/users\/246"}],"replies":[{"embeddable":true,"href":"https:\/\/diarioregionaldigital.com.br\/index.php?rest_route=%2Fwp%2Fv2%2Fcomments&post=193153"}],"version-history":[{"count":1,"href":"https:\/\/diarioregionaldigital.com.br\/index.php?rest_route=\/wp\/v2\/posts\/193153\/revisions"}],"predecessor-version":[{"id":193156,"href":"https:\/\/diarioregionaldigital.com.br\/index.php?rest_route=\/wp\/v2\/posts\/193153\/revisions\/193156"}],"wp:featuredmedia":[{"embeddable":true,"href":"https:\/\/diarioregionaldigital.com.br\/index.php?rest_route=\/wp\/v2\/media\/193155"}],"wp:attachment":[{"href":"https:\/\/diarioregionaldigital.com.br\/index.php?rest_route=%2Fwp%2Fv2%2Fmedia&parent=193153"}],"wp:term":[{"taxonomy":"category","embeddable":true,"href":"https:\/\/diarioregionaldigital.com.br\/index.php?rest_route=%2Fwp%2Fv2%2Fcategories&post=193153"},{"taxonomy":"post_tag","embeddable":true,"href":"https:\/\/diarioregionaldigital.com.br\/index.php?rest_route=%2Fwp%2Fv2%2Ftags&post=193153"}],"curies":[{"name":"wp","href":"https:\/\/api.w.org\/{rel}","templated":true}]}}