{"id":193142,"date":"2021-12-31T16:41:11","date_gmt":"2021-12-31T19:41:11","guid":{"rendered":"https:\/\/diarioregionaldigital.com.br\/?p=193142"},"modified":"2021-12-31T16:41:11","modified_gmt":"2021-12-31T19:41:11","slug":"pjf-divulga-convocacao-para-contratacao-de-pr-a-e-resultados-de-disciplinas-especializadas-nesta-6a-31","status":"publish","type":"post","link":"https:\/\/diarioregionaldigital.com.br\/?p=193142","title":{"rendered":"PJF divulga convoca\u00e7\u00e3o para contrata\u00e7\u00e3o de PR-A e resultados de disciplinas especializadas nesta 6\u00aa, 31"},"content":{"rendered":"<p>Segundo informa\u00e7\u00f5es do site da Prefeitura de Juiz de Fora, a Prefeitura de Juiz de Fora (PJF) divulga nesta sexta-feira, dia 31, mais uma lista de convoca\u00e7\u00e3o de professores regentes A (PR-A) classificados no processo seletivo para contrata\u00e7\u00e3o tempor\u00e1ria para atua\u00e7\u00e3o na rede municipal no ano letivo de 2022 (Edital n\u00ba 442-SRH). A previs\u00e3o \u00e9 que sejam convocados mais de 1.600 profissionais nesta chamada. A contrata\u00e7\u00e3o ser\u00e1 realizada entre os dias 3 e 11 de janeiro, j\u00e1 iniciando na pr\u00f3xima segunda-feira. Os candidatos dever\u00e3o observar atentamente a convoca\u00e7\u00e3o &#8211; que ser\u00e1 publicada no Atos do Governo no site da PJF &#8211; para verificar o dia e hor\u00e1rio em que dever\u00e3o comparecer ao Centro de Forma\u00e7\u00e3o do Professor (Av. Get\u00falio Vargas, 200, Centro).<\/p>\n<p>O(a) candidato(a) dever\u00e1 entregar, em envelope lacrado e devidamente identificado, os documentos necess\u00e1rios \u00e0 sua contrata\u00e7\u00e3o, a saber: c\u00f3pia da certid\u00e3o de nascimento (solteiro) ou de casamento; c\u00f3pia do diploma; 1 retrato \u00be; c\u00f3pia da carteira de identidade e CPF; c\u00f3pia do t\u00edtulo de eleitor e do comprovante de vota\u00e7\u00e3o; c\u00f3pia do n\u00famero e s\u00e9rie da carteira profissional (CTPS); c\u00f3pia do certificado de reservista (homens); c\u00f3pia do n\u00famero do PIS ou PASEP; c\u00f3pia do comprovante de resid\u00eancia; e\u00a0<a href=\"http:\/\/consultacadastral.inss.gov.br\/Esocial\/pages\/index.xhtml\">qualifica\u00e7\u00e3o cadastral sem pend\u00eancias<\/a>, al\u00e9m de comprovar imuniza\u00e7\u00e3o completa ou parcial, de acordo com o Calend\u00e1rio de Vacina\u00e7\u00e3o do Munic\u00edpio, contra a Covid-19.<\/p>\n<p>O(a) candidato(a) que apresenta o exame m\u00e9dico admissional realizado no Departamento de Ambi\u00eancia Organizacional (Damor) consegue sair da Secretaria de Educa\u00e7\u00e3o com o encaminhamento pronto e com o procedimento 100% resolvido. O(a) candidato(a) que, no ato da contrata\u00e7\u00e3o declarar possuir outro v\u00ednculo p\u00fablico, dever\u00e1 apresentar, no prazo m\u00e1ximo de cinco dias \u00fateis, as declara\u00e7\u00f5es dos v\u00ednculos contando carga hor\u00e1ria, dias trabalhados e hor\u00e1rio de trabalho, atrav\u00e9s do e-mail\u00a0spvc.dmp@pjf.mg.gov.br.<\/p>\n<p>A chamada ser\u00e1 publicada pelas secretarias de Recursos Humanos (SRH) e de Educa\u00e7\u00e3o (SE), e estar\u00e1 dispon\u00edvel no Di\u00e1rio Oficial Eletr\u00f4nico do Munic\u00edpio (Atos do Governo)\u00a0sexta-feira, dia 31<\/p>\n<p>&nbsp;<\/p>\n<p><strong>Edital n\u00ba 441-SRH &#8211; PJF divulga resultados finais e convoca\u00e7\u00e3o para prova pr\u00e1tica\u00a0<\/strong><\/p>\n<p>A PJF tamb\u00e9m divulga no DI\u00e1rio Oficial Eletr\u00f4nico do Munic\u00edpio (Atos do Governo)\u00a0nesta sexta-feira, dia 31\u00a0os resultados finais p\u00f3s-recurso do processo seletivo para contrata\u00e7\u00e3o de professor das \u00e1reas de Artes Visuais, M\u00fasica, Teatro, Capoeira, Dan\u00e7a, Inform\u00e1tica, Int\u00e9rprete Educacional de Libras, Libras e Braile (Edital n\u00ba 441-SRH). Ainda nesta sexta-feira, tamb\u00e9m ser\u00e3o publicadas as convoca\u00e7\u00f5es para a prova pr\u00e1tica destas disciplinas, exceto inform\u00e1tica, cuja chamada deve ser publicada na pr\u00f3xima semana.<\/p>\n<p>&nbsp;<\/p>\n<p><strong>PR-B<\/strong><\/p>\n<p>A banca examinadora est\u00e1 em fase final na avalia\u00e7\u00e3o de recursos dos inscritos no edital n\u00ba 443-SRH, que prev\u00ea as diretrizes para professor regente B (PR-B). A previs\u00e3o \u00e9 que as primeiras chamadas sejam publicadas a partir do dia 11 de janeiro.<\/p>\n","protected":false},"excerpt":{"rendered":"<p>Segundo informa\u00e7\u00f5es do site da Prefeitura de Juiz de Fora, a Prefeitura de Juiz de Fora (PJF) divulga nesta sexta-feira, dia 31, mais uma lista de convoca\u00e7\u00e3o de professores regentes A (PR-A) classificados no processo seletivo para contrata\u00e7\u00e3o tempor\u00e1ria para atua\u00e7\u00e3o na rede municipal no ano letivo de 2022 (Edital n\u00ba 442-SRH). A previs\u00e3o \u00e9 [&hellip;]<\/p>\n","protected":false},"author":246,"featured_media":193143,"comment_status":"closed","ping_status":"closed","sticky":false,"template":"","format":"standard","meta":{"footnotes":""},"categories":[253,436,439],"tags":[],"class_list":["post-193142","post","type-post","status-publish","format-standard","has-post-thumbnail","hentry","category-cidade","category-destaque-da-semana","category-ultima-hora"],"_links":{"self":[{"href":"https:\/\/diarioregionaldigital.com.br\/index.php?rest_route=\/wp\/v2\/posts\/193142","targetHints":{"allow":["GET"]}}],"collection":[{"href":"https:\/\/diarioregionaldigital.com.br\/index.php?rest_route=\/wp\/v2\/posts"}],"about":[{"href":"https:\/\/diarioregionaldigital.com.br\/index.php?rest_route=\/wp\/v2\/types\/post"}],"author":[{"embeddable":true,"href":"https:\/\/diarioregionaldigital.com.br\/index.php?rest_route=\/wp\/v2\/users\/246"}],"replies":[{"embeddable":true,"href":"https:\/\/diarioregionaldigital.com.br\/index.php?rest_route=%2Fwp%2Fv2%2Fcomments&post=193142"}],"version-history":[{"count":2,"href":"https:\/\/diarioregionaldigital.com.br\/index.php?rest_route=\/wp\/v2\/posts\/193142\/revisions"}],"predecessor-version":[{"id":193145,"href":"https:\/\/diarioregionaldigital.com.br\/index.php?rest_route=\/wp\/v2\/posts\/193142\/revisions\/193145"}],"wp:featuredmedia":[{"embeddable":true,"href":"https:\/\/diarioregionaldigital.com.br\/index.php?rest_route=\/wp\/v2\/media\/193143"}],"wp:attachment":[{"href":"https:\/\/diarioregionaldigital.com.br\/index.php?rest_route=%2Fwp%2Fv2%2Fmedia&parent=193142"}],"wp:term":[{"taxonomy":"category","embeddable":true,"href":"https:\/\/diarioregionaldigital.com.br\/index.php?rest_route=%2Fwp%2Fv2%2Fcategories&post=193142"},{"taxonomy":"post_tag","embeddable":true,"href":"https:\/\/diarioregionaldigital.com.br\/index.php?rest_route=%2Fwp%2Fv2%2Ftags&post=193142"}],"curies":[{"name":"wp","href":"https:\/\/api.w.org\/{rel}","templated":true}]}}