{"id":193138,"date":"2021-12-31T16:39:19","date_gmt":"2021-12-31T19:39:19","guid":{"rendered":"https:\/\/diarioregionaldigital.com.br\/?p=193138"},"modified":"2021-12-31T16:39:19","modified_gmt":"2021-12-31T19:39:19","slug":"2021-da-defesa-civil-e-marcado-por-reestruturacao-acoes-preventivas-e-reconhecimento","status":"publish","type":"post","link":"https:\/\/diarioregionaldigital.com.br\/?p=193138","title":{"rendered":"2021 da Defesa Civil \u00e9 marcado por reestrutura\u00e7\u00e3o, a\u00e7\u00f5es preventivas e reconhecimento"},"content":{"rendered":"<p>Segundo informa\u00e7\u00f5es do site da Prefeitura de Juiz de Fora, a Defesa Civil da Prefeitura de Juiz de Fora (PJF) foi reestruturada no ano de 2021 e as a\u00e7\u00f5es desenvolvidas ganharam reconhecimento em \u00e2mbito estadual e nacional. O \u00f3rg\u00e3o passou a integrar a Secretaria de Governo (SG), que garantiu suporte, valoriza\u00e7\u00e3o, amplia\u00e7\u00e3o e qualifica\u00e7\u00e3o para a equipe.<\/p>\n<p>Logo no come\u00e7o do ano, a secret\u00e1ria de governo, Cidinha Louzada, coordenou trabalho integrado entre a Defesa Civil e demais setores da PJF para responder a a\u00e7\u00f5es emergenciais causadas pelas fortes chuvas. Assim, foi poss\u00edvel atender as ocorr\u00eancias com mais agilidade. S\u00f3 em janeiro foram<a href=\"https:\/\/www.pjf.mg.gov.br\/noticias\/view.php?modo=link2&amp;idnoticia2=70018\">\u00a0460 ocorr\u00eancias atendidas<\/a>\u00a0e a Defesa Civil vistoriou im\u00f3veis, realizou atendimento social com as fam\u00edlias e encaminhou a\u00e7\u00f5es de mitiga\u00e7\u00e3o de riscos, como a instala\u00e7\u00e3o de lonas e a coloca\u00e7\u00e3o de leiras. Com o empenho da equipe, al\u00e9m de atender as demandas de Juiz de Fora, a Defesa Civil tamb\u00e9m enviou servidores para auxiliar a cidade de<a href=\"https:\/\/www.pjf.mg.gov.br\/noticias\/view.php?modo=link2&amp;idnoticia2=70165\">\u00a0Carangola<\/a>, que foi atingida por fortes chuvas.<\/p>\n<p>J\u00e1 no per\u00edodo de estiagem, o trabalho na \u00e1rea de preven\u00e7\u00e3o e de monitoramento foi o grande destaque. Todo o mapeamento de \u00e1reas de risco da cidade foi atualizado, assim como o Plano de Conting\u00eancia. A Defesa Civil de Juiz de Fora foi a<a href=\"https:\/\/www.pjf.mg.gov.br\/noticias\/view.php?modo=link2&amp;idnoticia2=71547\">\u00a0primeira<\/a>\u00a0do Brasil a realizar mapeamento de \u00e1rea de risco utilizando &#8211; de forma independente &#8211; a metodologia Gides, que garante mais precis\u00e3o nos dados obtidos e foi desenvolvida pelo\u00a0Servi\u00e7o Geol\u00f3gico do Brasil (CPRM)\u00a0em parceria com o Governo do Jap\u00e3o.<\/p>\n<p>Juiz de Fora se aproximou mais dos objetivos do Programa Cidades Resilientes, da ONU. Houve amplia\u00e7\u00e3o das vistorias preventivas &#8211; em compara\u00e7\u00e3o com 2020, o aumento foi de mais de 500%. Tamb\u00e9m foram feitas vistorias preventivas em escolas municipais e em todas as escolas<a href=\"https:\/\/www.pjf.mg.gov.br\/noticias\/view.php?modo=link2&amp;idnoticia2=73532\">\u00a0estaduais<\/a>\u00a0de Juiz de Fora; a<a href=\"https:\/\/www.pjf.mg.gov.br\/noticias\/view.php?modo=link2&amp;idnoticia2=72281\">\u00a0capacita\u00e7\u00e3o<\/a>\u00a0de novos servidores; a<a href=\"https:\/\/www.pjf.mg.gov.br\/noticias\/view.php?modo=link2&amp;idnoticia2=72469\">\u00a0forma\u00e7\u00e3o<\/a>\u00a0de volunt\u00e1rios para o N\u00facleo de Prote\u00e7\u00e3o e Defesa Civil (Nupdec) do bairro Graminha; a capacita\u00e7\u00e3o de servidores para operar drones; a<a href=\"https:\/\/www.pjf.mg.gov.br\/noticias\/view.php?modo=link2&amp;idnoticia2=72768\">\u00a0Semana Municipal de Redu\u00e7\u00e3o de Riscos<\/a>, com cursos, palestras e o projeto<a href=\"https:\/\/www.youtube.com\/watch?v=RWmE2p_nVEU\">\u00a0Defesa Civil Itinerante<\/a>; a identifica\u00e7\u00e3o de\u00a0locais priorit\u00e1rios para limpeza de c\u00f3rregos e de bocas de lobo e o trabalho integrado com o<a href=\"https:\/\/www.pjf.mg.gov.br\/gabinetecomunitario\/\">\u00a0Gabinete de A\u00e7\u00e3o e Di\u00e1logo Comunit\u00e1rio<\/a>, que programou a realiza\u00e7\u00e3o dos servi\u00e7os necess\u00e1rios a fim de minimizar alagamentos;\u00a0e, em parceria com a Secretaria de Sustentabilidade em Meio Ambiente e Atividades Urbanas (Sesmaur), foi lan\u00e7ada a campanha<a href=\"https:\/\/www.pjf.mg.gov.br\/noticias\/view.php?modo=link2&amp;idnoticia2=71462\">\u00a0\u201cQueimada Mata\u201d<\/a>\u00a0para apoiar a opera\u00e7\u00e3o do Corpo de Bombeiros que visa reduzir os impactos causados por inc\u00eandios em lotes vazios.<\/p>\n<p>Al\u00e9m disso, no per\u00edodo de frio a Defesa Civil desenvolveu pela primeira vez em Juiz de Fora o<a href=\"https:\/\/www.pjf.mg.gov.br\/noticias\/view.php?modo=link2&amp;idnoticia2=72652\">\u00a0\u201cPlano de Conting\u00eancia Para Baixas Temperaturas\u201d<\/a>\u00a0que &#8211; sob coordena\u00e7\u00e3o da SG &#8211; reuniu todos os setores da PJF e mobilizou a popula\u00e7\u00e3o. Mais de mil pessoas foram alcan\u00e7adas pela a\u00e7\u00e3o, que garantiu abrigo emergencial, hot\u00e9is e<a href=\"https:\/\/www.pjf.mg.gov.br\/noticias\/view.php?modo=link2&amp;idnoticia2=71820\">\u00a0tendas emergenciais<\/a>\u00a0para pessoas em situa\u00e7\u00e3o de vulnerabilidade durante a onda de frio.<\/p>\n<p>J\u00e1 o in\u00edcio do per\u00edodo de chuvas 2021\/2022 mostrou a import\u00e2ncia das a\u00e7\u00f5es preventivas: em<a href=\"https:\/\/www.pjf.mg.gov.br\/noticias\/view.php?modo=link2&amp;idnoticia2=72994\">\u00a0outubro mais chuvoso dos \u00faltimos 45 anos<\/a>, a Defesa Civil registrou a mesma quantidade de atendimentos em situa\u00e7\u00f5es de resposta do que no mesmo per\u00edodo de 2020. Neste final de ano, a equipe da Defesa Civil est\u00e1 atendendo prontamente todas as ocorr\u00eancias e agindo com efici\u00eancia nas a\u00e7\u00f5es emergenciais, como em<a href=\"https:\/\/www.pjf.mg.gov.br\/noticias\/view.php?modo=link2&amp;idnoticia2=73590\">\u00a0Santa Luzia<\/a>\u00a0e<a href=\"https:\/\/www.pjf.mg.gov.br\/noticias\/view.php?modo=link2&amp;idnoticia2=73699\">\u00a0Igrejinha<\/a>. O trabalho integrado com o Gabinete de A\u00e7\u00e3o e Di\u00e1logo Comunit\u00e1rio foi fundamental para reduzir o impacto das chuvas, que est\u00e3o afetando diversos estados brasileiros no \u00faltimo m\u00eas.<\/p>\n<p>Outras a\u00e7\u00f5es que tiveram o apoio da Defesa Civil s\u00e3o a cria\u00e7\u00e3o da<a href=\"https:\/\/www.pjf.mg.gov.br\/noticias\/view.php?modo=link2&amp;idnoticia2=73576\">\u00a0Assist\u00eancia T\u00e9cnica para Habita\u00e7\u00e3o de Interesse Social<\/a>, a amplia\u00e7\u00e3o do valor do<a href=\"https:\/\/www.pjf.mg.gov.br\/noticias\/view.php?modo=link2&amp;idnoticia2=71651\">\u00a0aux\u00edlio-moradia<\/a>\u00a0para R$ 600. A equipe de Servi\u00e7o Social da Defesa Civil realizou quase 200 atendimentos sociais em 2021 e h\u00e1 37 fam\u00edlias inseridas no Programa Aux\u00edlio-Moradia. Todas foram convidadas para a<a href=\"https:\/\/www.pjf.mg.gov.br\/noticias\/view.php?modo=link2&amp;idnoticia2=73648\">\u00a0confraterniza\u00e7\u00e3o de natal<\/a>\u00a0promovida pela SG, onde as crian\u00e7as receberam presentes que haviam pedido em cartas colocadas na \u00e1rvore de natal da SG.<\/p>\n<p><strong>Reconhecimento<\/strong><\/p>\n<p>&nbsp;<\/p>\n<p>Em fun\u00e7\u00e3o de todos os trabalhos desenvolvidos durante o ano, a<a href=\"https:\/\/www.pjf.mg.gov.br\/noticias\/resultado.php\">\u00a0Medalha de M\u00e9rito da Defesa Civil<\/a>\u00a0foi entregue ao subsecret\u00e1rio de Prote\u00e7\u00e3o e Defesa Civil, Lu\u00eds Fernando Martins. A honraria \u00e9 concedida pelo governo de Minas Gerais a cidad\u00e3os que fizeram a diferen\u00e7a na vida da popula\u00e7\u00e3o na \u00e1rea de prote\u00e7\u00e3o e defesa civil. \u201cN\u00e3o ganhamos nada sozinhos. A equipe \u00e9 muito boa, empenhada e engajada em prol de fazer um servi\u00e7o de qualidade para a popula\u00e7\u00e3o. Ter este reconhecimento de maneira t\u00e3o r\u00e1pida s\u00f3 foi poss\u00edvel devido a ida da Defesa Civil para a Secretaria de Governo, ao apoio incondicional e confian\u00e7a da Cidinha e ao trabalho que \u00e9 desenvolvido em toda a Prefeitura de maneira integrada. \u00c9 o reconhecimento de um ano de muito trabalho de todos n\u00f3s\u201d, pontua o subsecret\u00e1rio.<\/p>\n<p>&nbsp;<\/p>\n<p>Al\u00e9m disso, em 2021<a href=\"https:\/\/www.pjf.mg.gov.br\/noticias\/view.php?modo=link2&amp;idnoticia2=72525\">\u00a0dois projetos<\/a>\u00a0desenvolvidos em Juiz de Fora passaram a compor o Banco de Boas Pr\u00e1ticas em A\u00e7\u00f5es de Prote\u00e7\u00e3o e Defesa Civil do Minist\u00e9rio do Desenvolvimento Regional (MDR): a utiliza\u00e7\u00e3o do Sistema Municipal de Prote\u00e7\u00e3o e Defesa Civil (Sisdec) e a ado\u00e7\u00e3o da Metodologia do Projeto Gides para o Mapeamento de Risco.<\/p>\n<p>&nbsp;<\/p>\n<p>A secret\u00e1ria de governo, Cidinha Louzada, ressalta a import\u00e2ncia da reestrutura\u00e7\u00e3o da Defesa Civil. \u201cNo come\u00e7o da gest\u00e3o, ao assumir a Secretaria de Governo, eu queria ver a Defesa Civil de Juiz de Fora se tornar refer\u00eancia. Conseguimos! Hoje as pessoas trabalham na Defesa Civil felizes, comprometidas e est\u00e3o tendo o trabalho merecidamente reconhecido. Como a equipe \u00e9 praticamente toda formada por servidores efetivos, \u00e9 muito bom saber que esse nosso esfor\u00e7o tamb\u00e9m vai ser refletido em administra\u00e7\u00f5es futuras\u201d, afirma.<\/p>\n","protected":false},"excerpt":{"rendered":"<p>Segundo informa\u00e7\u00f5es do site da Prefeitura de Juiz de Fora, a Defesa Civil da Prefeitura de Juiz de Fora (PJF) foi reestruturada no ano de 2021 e as a\u00e7\u00f5es desenvolvidas ganharam reconhecimento em \u00e2mbito estadual e nacional. O \u00f3rg\u00e3o passou a integrar a Secretaria de Governo (SG), que garantiu suporte, valoriza\u00e7\u00e3o, amplia\u00e7\u00e3o e qualifica\u00e7\u00e3o para [&hellip;]<\/p>\n","protected":false},"author":246,"featured_media":193139,"comment_status":"closed","ping_status":"closed","sticky":false,"template":"","format":"standard","meta":{"footnotes":""},"categories":[253,436,439],"tags":[],"class_list":["post-193138","post","type-post","status-publish","format-standard","has-post-thumbnail","hentry","category-cidade","category-destaque-da-semana","category-ultima-hora"],"_links":{"self":[{"href":"https:\/\/diarioregionaldigital.com.br\/index.php?rest_route=\/wp\/v2\/posts\/193138","targetHints":{"allow":["GET"]}}],"collection":[{"href":"https:\/\/diarioregionaldigital.com.br\/index.php?rest_route=\/wp\/v2\/posts"}],"about":[{"href":"https:\/\/diarioregionaldigital.com.br\/index.php?rest_route=\/wp\/v2\/types\/post"}],"author":[{"embeddable":true,"href":"https:\/\/diarioregionaldigital.com.br\/index.php?rest_route=\/wp\/v2\/users\/246"}],"replies":[{"embeddable":true,"href":"https:\/\/diarioregionaldigital.com.br\/index.php?rest_route=%2Fwp%2Fv2%2Fcomments&post=193138"}],"version-history":[{"count":2,"href":"https:\/\/diarioregionaldigital.com.br\/index.php?rest_route=\/wp\/v2\/posts\/193138\/revisions"}],"predecessor-version":[{"id":193141,"href":"https:\/\/diarioregionaldigital.com.br\/index.php?rest_route=\/wp\/v2\/posts\/193138\/revisions\/193141"}],"wp:featuredmedia":[{"embeddable":true,"href":"https:\/\/diarioregionaldigital.com.br\/index.php?rest_route=\/wp\/v2\/media\/193139"}],"wp:attachment":[{"href":"https:\/\/diarioregionaldigital.com.br\/index.php?rest_route=%2Fwp%2Fv2%2Fmedia&parent=193138"}],"wp:term":[{"taxonomy":"category","embeddable":true,"href":"https:\/\/diarioregionaldigital.com.br\/index.php?rest_route=%2Fwp%2Fv2%2Fcategories&post=193138"},{"taxonomy":"post_tag","embeddable":true,"href":"https:\/\/diarioregionaldigital.com.br\/index.php?rest_route=%2Fwp%2Fv2%2Ftags&post=193138"}],"curies":[{"name":"wp","href":"https:\/\/api.w.org\/{rel}","templated":true}]}}