{"id":193135,"date":"2021-12-31T16:36:33","date_gmt":"2021-12-31T19:36:33","guid":{"rendered":"https:\/\/diarioregionaldigital.com.br\/?p=193135"},"modified":"2021-12-31T16:36:33","modified_gmt":"2021-12-31T19:36:33","slug":"secretaria-de-obras-realiza-mais-de-27-mil-acoes-em-2021-pelo-programa-boniteza","status":"publish","type":"post","link":"https:\/\/diarioregionaldigital.com.br\/?p=193135","title":{"rendered":"Secretaria de Obras realiza mais de 27 mil a\u00e7\u00f5es em 2021 pelo Programa Boniteza"},"content":{"rendered":"<p><strong>Secretaria de Obras realiza mais de 27 mil a\u00e7\u00f5es em 2021 pelo Programa Boniteza<\/strong><\/p>\n<p>Segundo informa\u00e7\u00f5es do site da Prefeitura de Juiz de Fora, como parte das 37.966 a\u00e7\u00f5es do Programa Boniteza e do Gabinete de A\u00e7\u00e3o e Di\u00e1logo Comunit\u00e1rio, a Secretaria de Obras realizou mais de 27.400 mil a\u00e7\u00f5es em 2021.<\/p>\n<p>Ao todo, foram realizadas mais de 25.300 manuten\u00e7\u00f5es de l\u00e2mpadas, mais de 1.400 limpezas de bocas de lobo e manuten\u00e7\u00f5es de redes de \u00e1guas pluviais e 181 interven\u00e7\u00f5es em estradas vicinais, refor\u00e7ando o compromisso da atual gest\u00e3o com a Boniteza de todas as regi\u00f5es de Juiz de Fora.<\/p>\n<p>O secret\u00e1rio de Obras, Lincoln Santos Lima, destacou a import\u00e2ncia da otimiza\u00e7\u00e3o do trabalho e refor\u00e7ou que ainda h\u00e1 muito trabalho a ser feito: \u201cA Secretaria de Obras tem atuado de forma conjunta com o Gabinete de A\u00e7\u00e3o e Di\u00e1logo Comunit\u00e1rio para otimizar as interven\u00e7\u00f5es e atender a todas as regi\u00f5es da cidade. Destacamos os esfor\u00e7os da atual gest\u00e3o em solucionar problemas antigos em Juiz de Fora de forma estrat\u00e9gica e otimizada, atrav\u00e9s do Programa Boniteza. Vamos continuar com os esfor\u00e7os para realizar ainda mais a\u00e7\u00f5es em 2022\u201d.<\/p>\n<p>&nbsp;<\/p>\n<p><strong>Brilha JF e Programa Boniteza<\/strong><\/p>\n<p>Al\u00e9m da manuten\u00e7\u00e3o da ilumina\u00e7\u00e3o p\u00fablica, a atual administra\u00e7\u00e3o da PJF tamb\u00e9m tem trabalhado na moderniza\u00e7\u00e3o da cidade com a instala\u00e7\u00e3o de lumin\u00e1rias em LED, adequando-se ao modelo das \u201ccidades inteligentes\u201d e reiterando o compromisso com a sustentabilidade.<\/p>\n<p>Atrav\u00e9s do Programa Boniteza e do Brilha JF j\u00e1 foram instaladas mais de 1.500 lumin\u00e1rias de LED em vias estrat\u00e9gicas da cidade como a Avenida JK, que est\u00e1 em fase de finaliza\u00e7\u00e3o; Avenida Get\u00falio Vargas; Avenida Brasil, at\u00e9 o viaduto da BD; Avenida Governador Valadares; Rua S\u00e3o Mateus; Rua Ibitiguaia; Rua Benjamin Constant; Rua Ces\u00e1rio Alvim; Avenida Francisco Bernardino; Rua Paulo Frontin; Rua Doutor Prisco; Estrada Engenheiro Gentil Forn; Rua Jos\u00e9 Louren\u00e7o Kelmer, entre a Ponte Casablanca e a UFJF; acesso \u00e0 Nova Benfica pela Rua Martins Barbosa, Viaduto Augusto Franco e Viaduto Ramirez Gonzales, al\u00e9m de diversas pra\u00e7as da cidade.<\/p>\n<p>&nbsp;<\/p>\n<p><strong>Gabinete de A\u00e7\u00e3o e Di\u00e1logo Comunit\u00e1rio<\/strong><\/p>\n<p>As a\u00e7\u00f5es da Secretaria de Obras s\u00e3o realizadas atrav\u00e9s do Gabinete de A\u00e7\u00e3o e Di\u00e1logo Comunit\u00e1rio, que recebe demandas de melhorias urbanas pelo n\u00famero (32) 3690-7241, por liga\u00e7\u00e3o ou WhatsApp.<\/p>\n<p>No\u00a0<a href=\"https:\/\/www.pjf.mg.gov.br\/gabinetecomunitario\/\"><strong>site do gabinete<\/strong><\/a>, est\u00e3o dispon\u00edveis informa\u00e7\u00f5es atualizadas diariamente sobre os servi\u00e7os realizados pelas secretarias de Obras (SO); de Sustentabilidade em Meio Ambiente e Atividades Urbanas (Sesmaur); de Mobilidade Urbana (SMU); e pela\u00a0 Empresa Municipal de Pavimenta\u00e7\u00e3o e Urbaniza\u00e7\u00e3o (Empav); Departamento Municipal de Limpeza Urbana (Demlurb); e Companhia de Saneamento Municipal (Cesama).<\/p>\n","protected":false},"excerpt":{"rendered":"<p>Secretaria de Obras realiza mais de 27 mil a\u00e7\u00f5es em 2021 pelo Programa Boniteza Segundo informa\u00e7\u00f5es do site da Prefeitura de Juiz de Fora, como parte das 37.966 a\u00e7\u00f5es do Programa Boniteza e do Gabinete de A\u00e7\u00e3o e Di\u00e1logo Comunit\u00e1rio, a Secretaria de Obras realizou mais de 27.400 mil a\u00e7\u00f5es em 2021. Ao todo, foram [&hellip;]<\/p>\n","protected":false},"author":246,"featured_media":193136,"comment_status":"closed","ping_status":"closed","sticky":false,"template":"","format":"standard","meta":{"footnotes":""},"categories":[253,436,439],"tags":[],"class_list":["post-193135","post","type-post","status-publish","format-standard","has-post-thumbnail","hentry","category-cidade","category-destaque-da-semana","category-ultima-hora"],"_links":{"self":[{"href":"https:\/\/diarioregionaldigital.com.br\/index.php?rest_route=\/wp\/v2\/posts\/193135","targetHints":{"allow":["GET"]}}],"collection":[{"href":"https:\/\/diarioregionaldigital.com.br\/index.php?rest_route=\/wp\/v2\/posts"}],"about":[{"href":"https:\/\/diarioregionaldigital.com.br\/index.php?rest_route=\/wp\/v2\/types\/post"}],"author":[{"embeddable":true,"href":"https:\/\/diarioregionaldigital.com.br\/index.php?rest_route=\/wp\/v2\/users\/246"}],"replies":[{"embeddable":true,"href":"https:\/\/diarioregionaldigital.com.br\/index.php?rest_route=%2Fwp%2Fv2%2Fcomments&post=193135"}],"version-history":[{"count":1,"href":"https:\/\/diarioregionaldigital.com.br\/index.php?rest_route=\/wp\/v2\/posts\/193135\/revisions"}],"predecessor-version":[{"id":193137,"href":"https:\/\/diarioregionaldigital.com.br\/index.php?rest_route=\/wp\/v2\/posts\/193135\/revisions\/193137"}],"wp:featuredmedia":[{"embeddable":true,"href":"https:\/\/diarioregionaldigital.com.br\/index.php?rest_route=\/wp\/v2\/media\/193136"}],"wp:attachment":[{"href":"https:\/\/diarioregionaldigital.com.br\/index.php?rest_route=%2Fwp%2Fv2%2Fmedia&parent=193135"}],"wp:term":[{"taxonomy":"category","embeddable":true,"href":"https:\/\/diarioregionaldigital.com.br\/index.php?rest_route=%2Fwp%2Fv2%2Fcategories&post=193135"},{"taxonomy":"post_tag","embeddable":true,"href":"https:\/\/diarioregionaldigital.com.br\/index.php?rest_route=%2Fwp%2Fv2%2Ftags&post=193135"}],"curies":[{"name":"wp","href":"https:\/\/api.w.org\/{rel}","templated":true}]}}