{"id":193132,"date":"2021-12-31T16:34:04","date_gmt":"2021-12-31T19:34:04","guid":{"rendered":"https:\/\/diarioregionaldigital.com.br\/?p=193132"},"modified":"2021-12-31T16:34:04","modified_gmt":"2021-12-31T19:34:04","slug":"vacinacao-contra-covid-19-e-retomada-em-todas-as-regioes-da-cidade-na-segunda-3","status":"publish","type":"post","link":"https:\/\/diarioregionaldigital.com.br\/?p=193132","title":{"rendered":"Vacina\u00e7\u00e3o contra Covid-19 \u00e9 retomada em todas as regi\u00f5es da cidade na segunda, 3"},"content":{"rendered":"<p>Segundo informa\u00e7\u00f5es do site da Prefeitura de Juiz de Fora, ap\u00f3s um ano de 2021 de sucesso na vacina\u00e7\u00e3o com mais de um milh\u00e3o de doses aplicadas, cerca de 90% da popula\u00e7\u00e3o tendo recebido, ao menos, uma dose, e 80% com as duas, a campanha de imuniza\u00e7\u00e3o contra a Covid-19, realizada pela Secretaria de Sa\u00fade (SS) da Prefeitura de Juiz de Fora (PJF), \u00e9 retomada na segunda-feira, 3. S\u00e3o aplicadas primeiras e segundas doses contra Covid-19, al\u00e9m da vacina de refor\u00e7o, que \u00e9 o principal foco da campanha neste momento. A vacina\u00e7\u00e3o acontece em 43 UBSs espalhadas por todas as regi\u00f5es do munic\u00edpio, no Espa\u00e7o Cidade e no Departamento de Sa\u00fade do Idoso (DSI).<\/p>\n<p>As segundas doses dos imunizantes AstraZeneca, Coronavac, Janssen e Pfizer, al\u00e9m das vacinas de refor\u00e7o, seguir\u00e3o dispon\u00edveis. A 2\u00aa dose da Janssen \u00e9 destinada \u00e0s pessoas que receberam a primeira dose desse imunizante em 18 de julho ou antes. J\u00e1 o intervalo entre 1\u00aa e 2\u00aa aplica\u00e7\u00e3o da AstraZeneca \u00e9 de oito semanas; da Coronavac \u00e9 de 28 dias; e da Pfizer, de 21 dias. O intervalo da 2\u00aa dose para a aplica\u00e7\u00e3o da vacina de refor\u00e7o \u00e9 de quatro meses. Portanto, todos os que receberam a D2 no dia 3 de setembro ou antes podem tomar a vacina de refor\u00e7o. Aquelas pessoas a partir de 12 anos que por qualquer motivo ainda n\u00e3o tenham sido vacinadas, podem receber a dose inicial em qualquer um dos 47 pontos de imuniza\u00e7\u00e3o.<\/p>\n<p>A vacina\u00e7\u00e3o acontece\u00a0 nas dez UBSs refer\u00eancia, das 8h \u00e0s 11h e das 13h \u00e0s 16h, em outras 33 unidades, das 8h \u00e0s 11h, no Espa\u00e7o Cidade, das 14h \u00e0s 20h, e no DSI, local em que a imuniza\u00e7\u00e3o \u00e9 exclusiva para o p\u00fablico de 60 anos ou mais, das 8h \u00e0s 11h.\u00a0<strong>A lista com todos os endere\u00e7os e hor\u00e1rios de funcionamento dos locais de vacina\u00e7\u00e3o destinados a cada um dos p\u00fablicos est\u00e1 dispon\u00edvel no fim deste texto.\u00a0<\/strong><\/p>\n<p><strong>\u00a0<\/strong><\/p>\n<p><strong>Segundas doses<\/strong><\/p>\n<p>&nbsp;<\/p>\n<p><strong>AstraZeneca<\/strong>\u00a0&#8211; A aplica\u00e7\u00e3o da segunda dose de AstraZeneca segue a data descrita no cart\u00e3o de vacina. Portanto, recebem a D2 todos aqueles com retorno agendado para o dia 3 de janeiro ou data anterior. O Espa\u00e7o Cidade, das 14h \u00e0s 20h, e as dez UBSs refer\u00eancia, das 8h \u00e0s 11h e das 13h \u00e0s 16h, disponibilizam a D2 de AstraZeneca para este p\u00fablico.<\/p>\n<p><strong>Coronavac<\/strong>\u00a0&#8211; A aplica\u00e7\u00e3o da segunda dose do imunizante Coronavac segue a data descrita no cart\u00e3o de vacina. Nesta segunda, recebem a D2 todos aqueles com retorno agendado para o dia 3 de janeiro ou data anterior. O Espa\u00e7o Cidade, das 14h \u00e0s 20h, as dez UBSs refer\u00eancia, das 8h \u00e0s 11h e das 13h \u00e0s 16h, atendem este p\u00fablico.<\/p>\n<p><strong>Janssen &#8211;<\/strong>\u00a0As segundas doses do imunizante Janssen nesta segunda-feira s\u00e3o destinadas \u00e0s pessoas que receberam a primeira dose desta vacina no dia 18 de julho ou data anterior e s\u00e3o aplicadas no Espa\u00e7o Cidade, das 14h \u00e0s 20h, e nas dez UBSs refer\u00eancia, das 8h \u00e0s 11h e das 13h \u00e0s 16h.<\/p>\n<p><strong>Pfizer<\/strong>\u00a0&#8211; Quem recebeu a primeira dose da Pfizer no dia 12 de dezembro ou antes pode procurar um dos postos de imuniza\u00e7\u00e3o para receber a segunda. Isso ocorre devido \u00e0 mudan\u00e7a no aprazamento (o intervalo entre uma dose e outra), definido pelo Minist\u00e9rio da Sa\u00fade (MS), que diminuiu para 21 dias, seguindo orienta\u00e7\u00e3o do fabricante do imunizante. O Espa\u00e7o Cidade, das 14h \u00e0s 20h; as dez UBSs refer\u00eancia, das 8h \u00e0s 11h e das 13h \u00e0s 16h; e outras 33 UBSs, das 8h \u00e0s 11h, disponibilizam a D2 do imunizante nesta quarta.<\/p>\n<p>&nbsp;<\/p>\n<p><strong>Doses de refor\u00e7o<\/strong><\/p>\n<p>As doses de refor\u00e7o s\u00e3o destinadas \u00e0s pessoas a partir de 18 anos que receberam a segunda\u00a0<strong>h\u00e1 quatro meses ou mais\u00a0<\/strong>e s\u00e3o aplicadas nas dez UBSs refer\u00eancia, das 8h \u00e0s 11h; em outras 33 UBSs, tamb\u00e9m de 8h \u00e0s 11h; e no Espa\u00e7o Cidade, das 14h \u00e0s 20h. Os idosos a partir de 60 anos, que v\u00e3o receber primeira, segunda dose ou vacina de refor\u00e7o, al\u00e9m destes locais, podem ser vacinados no DSI, das 8h \u00e0s 11h.\u00a0<strong>Os imunossuprimidos<\/strong>, que receberam a D2 h\u00e1 pelo menos 28 dias, tamb\u00e9m devem receber a dose de refor\u00e7o. Este p\u00fablico pode ser vacinado no Espa\u00e7o Cidade, das 14h \u00e0s 18h; nas dez UBSs refer\u00eancia, das 8h \u00e0s 11h e das 13h \u00e0s 16h, em outras 33 unidades, das das 8h \u00e0s 11h.<\/p>\n<p>As pessoas que v\u00e3o receber a primeira dose devem apresentar originais e c\u00f3pias de documento de identifica\u00e7\u00e3o com foto (como documento de identidade (RG) ou carteira de motorista) e o CPF, caso o n\u00famero do mesmo n\u00e3o conste na identidade, al\u00e9m da ficha de vacina\u00e7\u00e3o impressa e preenchida. Os pr\u00e9-adolescentes e adolescentes que n\u00e3o tiverem o documento de identidade, podem apresentar a certid\u00e3o de nascimento.<\/p>\n<p>As pessoas que v\u00e3o receber a D2 ou a dose de refor\u00e7o precisam apresentar apenas a ficha de vacina\u00e7\u00e3o, o cart\u00e3o de vacina e um documento de identifica\u00e7\u00e3o com foto, enquanto os imunossuprimidos, al\u00e9m destes documentos, devem apresentar um laudo ou atestado m\u00e9dico datado de, no m\u00e1ximo, 12 meses, comprovando a condi\u00e7\u00e3o. Este p\u00fablico pode buscar pela dose de refor\u00e7o a partir de 28 dias do recebimento da 2\u00aa dose. N\u00e3o \u00e9 necess\u00e1ria a apresenta\u00e7\u00e3o de comprovante de resid\u00eancia<\/p>\n<p>Refor\u00e7amos o pedido para todos que v\u00e3o ser vacinados levarem, impressa e preenchida, a Ficha de Vacina\u00e7\u00e3o, cujo modelo est\u00e1 dispon\u00edvel no\u00a0<a href=\"https:\/\/covid19.pjf.mg.gov.br\/arquivos\/formulario_para_vacinacao.pdf\"><strong>site da PJF<\/strong><\/a>, isso facilita no momento da triagem e agiliza o processo de vacina\u00e7\u00e3o.<\/p>\n<p>&nbsp;<\/p>\n<p><strong>Confira o calend\u00e1rio de vacina\u00e7\u00e3o contra a Covid-19 de segunda-feira, 3 de janeiro<\/strong><br \/>\n<strong>Primeiras doses de todas as pessoas com 12 anos ou mais<\/strong><\/p>\n<p>Espa\u00e7o Cidade, das 14h \u00e0s 20h;\u00a0 as 10 UBSs refer\u00eancia, das 8h \u00e0s 11h e das 13h \u00e0s 16h, e em outras 33 unidades,\u00a0 das 8h \u00e0s 11h,<\/p>\n<p><strong>Vacina\u00e7\u00e3o de refor\u00e7o para idosos com 60 anos ou mais que receberam a segunda dose h\u00e1 4 meses (3 de setembro) ou antes<\/strong><\/p>\n<p>Espa\u00e7o Cidade, das 14h \u00e0s 20h; nas 10 UBSs refer\u00eancia, das 8h \u00e0s 11h e das 13h \u00e0s 16h, em outras 33 unidades, das 8h \u00e0s 11h; e no DSI, tamb\u00e9m das 8h \u00e0s 11h.<\/p>\n<p>&nbsp;<\/p>\n<p><strong>Vacina\u00e7\u00e3o de refor\u00e7o para pessoas com 18 anos ou mais que receberam a segunda dose h\u00e1 4 meses (3 de setembro) ou antes<\/strong><\/p>\n<p>Espa\u00e7o Cidade, das 14h \u00e0s 20h; as 10 UBSs refer\u00eancia, das 8h \u00e0s 11h e das 13h \u00e0s 16h, e em outras 33 unidades, das das 8h \u00e0s 11h,<\/p>\n<p><strong>Vacina\u00e7\u00e3o de refor\u00e7o para imunossuprimidos que receberam a segunda dose h\u00e1 pelo menos 28 dias<\/strong><\/p>\n<p>Espa\u00e7o Cidade, das 14h \u00e0s 20h; nas 10 UBSs refer\u00eancia, das 8h \u00e0s 11h e das 13h \u00e0s 16h, e em outras 33 unidades, das 8h \u00e0s 11h.<\/p>\n<p><strong>Segundas doses de AstraZeneca seguindo a data de retorno do cart\u00e3o de vacina, voltada a todas pessoas que devem receber a segunda dose do imunizante no dia 3 de janeiro ou em data anterior<\/strong><\/p>\n<p>Espa\u00e7o Cidade, das 14h \u00e0s 20h, e as 10 UBSs refer\u00eancia, das 8h \u00e0s 11h e das 13h \u00e0s 16h.<\/p>\n<p>&nbsp;<\/p>\n<p><strong>Segundas doses de Coronavac para pessoas com retorno no cart\u00e3o no dia 3 de janeiro ou data anterior<\/strong><\/p>\n<p>Espa\u00e7o Cidade, das 14h \u00e0s 20h, e nas 10 UBSs refer\u00eancia, das 8h \u00e0s 11h e das 13h \u00e0s 16h.<\/p>\n<p>&nbsp;<\/p>\n<p><strong>Segundas doses de Janssen para todas as pessoas que foram vacinadas no dia 18 de julho ou antes<\/strong><\/p>\n<p>Espa\u00e7o Cidade, das 14h \u00e0s 20h,\u00a0 e nas 10 UBSs refer\u00eancia, das 8h \u00e0s 11h e das 13h \u00e0s 16h.<\/p>\n<p>&nbsp;<\/p>\n<p><strong>Segundas doses de Pfizer para todos que receberam a primeira dose at\u00e9 o dia 12 de dezembro ou data anterior<\/strong><\/p>\n<p>Espa\u00e7o Cidade, das 14h \u00e0s 20h;\u00a0 as 10 UBSs refer\u00eancia, das 8h \u00e0s 11h e das 13h \u00e0s 16h. e em outras 33 unidades, das das 8h \u00e0s 11h.<\/p>\n<p><strong>Endere\u00e7os dos locais de vacina\u00e7\u00e3o<\/strong><\/p>\n<p>&nbsp;<\/p>\n<p><strong>Departamento de Sa\u00fade do Idoso (DSI)*\u00a0<\/strong>&#8211; das 8h \u00e0s 11h<\/p>\n<p>Rua Batista de Oliveira, 943, Granbery.<\/p>\n<p>&nbsp;<\/p>\n<p>*O\u00a0<strong>Departamento de Sa\u00fade do Idoso\u00a0<\/strong>realiza a vacina\u00e7\u00e3o dos idosos a partir de 60 anos que tenham que receber primeira, segunda dose ou a vacina de refor\u00e7o.<\/p>\n<p>&nbsp;<\/p>\n<p><strong>Espa\u00e7o Cidade, das 14h \u00e0s 20h\u00a0<\/strong>&#8211; das 14h \u00e0s 20h<\/p>\n<p>Av. Bar\u00e3o do Rio Branco, 2234.<\/p>\n<p>&nbsp;<\/p>\n<p><strong>10 UBSs refer\u00eancia &#8211; das 8h \u00e0s 11h e das 13h \u00e0s 16h<\/strong><\/p>\n<p>UBS Bairro Nossa Senhora de Lourdes, Rua In\u00e1cio Gama, 813;<\/p>\n<p>UBS Benfica, Rua Guararapes, 106;<\/p>\n<p>UBS Milho Branco, Rua Nicolau Schuery, s\/n\u00ba<\/p>\n<p>UBS Nossa Senhora Aparecida, Rua Nossa Senhora Aparecida, 775;<\/p>\n<p>UBS Nossa Senhora das Gra\u00e7as, Rua Queluz 72;*<\/p>\n<p>UBS Santa Cec\u00edlia, Rua Gabriel Rodrigues, n\u00ba 900<\/p>\n<p>UBS Santa Luzia, Rua Torre\u00f5es, s\/n\u00ba<\/p>\n<p>UBS S\u00e3o Pedro, Rua Jo\u00e3o Louren\u00e7o Kelmer, 1.433;<\/p>\n<p>UBS Progresso, Rua Jorge Knopp, n\u00ba 119<\/p>\n<p>UBS Vila Ideal, Avenida Francisco Valadares, 1.910<\/p>\n<p>&nbsp;<\/p>\n<p>&nbsp;<\/p>\n<p><strong>Demais 33 UBSs que\u00a0 vacinam de 8h \u00e0s 11h:\u00a0<\/strong><\/p>\n<p>&#8211; UBS Alto Graja\u00fa, Rua Doutor Leonel Jaguaribe, 178;<\/p>\n<p>&#8211; UBS Bairro Industrial, Rua Jo\u00e3o Gualberto,110;<\/p>\n<p>&#8211; UBS Barreira do Triunfo, Avenida Juscelino Kubitscheck, s\/n\u00ba;<\/p>\n<p>&#8211; UBS Centro Sul, Av. Bar\u00e3o do Rio Branco, 3.132, Centro;<\/p>\n<p>&#8211; UBS Cidade do Sol, Rua Gustavo Capanema, 70;<\/p>\n<p>&#8211; UBS Dom Bosco, Rua Jo\u00e3o Manata, 93;<\/p>\n<p>&#8211; UBS Esplanada, Rua Bias Fortes, 74;<\/p>\n<p>&#8211; UBS Filgueiras, Rua Orlando Riani, 2.200;<\/p>\n<p>&#8211; UBS Furtado de Menezes, Rua Furtado de Menezes, 19;<\/p>\n<p>&#8211; UBS Grama, Pra\u00e7a \u00c1ureo Carneiro s\/n;<\/p>\n<p>&#8211; UBS Granjas Beth\u00e2nia, Rua Nove de Julho, 294;<\/p>\n<p>&#8211; UBS Ipiranga, Rua Etiene Loures, 85;<\/p>\n<p>&#8211; UBS Jardim da Lua, Rua Natalino Jos\u00e9 de Paula, 314;<\/p>\n<p>&#8211; UBS Jardim Esperan\u00e7a, Rua Padre Jo\u00e3o Micheleto, 35;<\/p>\n<p>&#8211; UBS Jardim Natal, Rua Tenente Lucas Drumond, 370;<\/p>\n<p>&#8211; UBS Joquei Clube I, Rua Antonio Armando Pereira, 140;<\/p>\n<p>&#8211; UBS Joquei Clube II, Rua Ant\u00f4nio Guimar\u00e3es Peralva, 130;<\/p>\n<p>&#8211; UBS Linhares, Rua Ministro Odilon Braga, s\/n\u00ba;<\/p>\n<p>&#8211; UBS Marumbi, Rua Bar\u00e3o do Retiro, 1.462;<\/p>\n<p>&#8211; UBS Monte Castelo, Rua Doutor Oswaldo Mascarenhas, s\/n\u00ba;<\/p>\n<p>&#8211; UBS Nossa Senhora das Gra\u00e7as, Rua Queluz 72;<\/p>\n<p>&#8211; UBS Nova Era, Rua Guimar\u00e3es J\u00fanior, 850;<\/p>\n<p>&#8211; UBS Retiro, Rua Sebasti\u00e3o Cardoso, 41;<\/p>\n<p>&#8211; UBS Santa Cruz, Rua Doutor Ant\u00f4nio Mour\u00e3o Guimar\u00e3es, 245;<\/p>\n<p>&#8211; UBS Santa Efig\u00eania, Rua Jos\u00e9 Ferreira, 13;<\/p>\n<p>&#8211; UBS Santa Rita, Rua Jos\u00e9 Vicente, 390;<\/p>\n<p>&#8211; UBS Santo Ant\u00f4nio, Rua Pedro Trogo, 285;<\/p>\n<p>&#8211; UBS S\u00e3o Judas Tadeu; Rua Ernesto Pancini, 446;<\/p>\n<p>&#8211; UBS S\u00e3o Sebasti\u00e3o; Rua Jorge Raimundo, 209;<\/p>\n<p>&#8211; UBS Parque Guarani, Rua Sofia Rafael Zacarias, 685;<\/p>\n<p>&#8211; UBS Teixeiras; Rua Cust\u00f3dio Furtado de Souza, 131;<\/p>\n<p>&#8211; UBS Vale Verde; Rua Marciano Pinto, 685;<\/p>\n<p>&#8211; UBS Vila Esperan\u00e7a; Rua Nova, 30;<\/p>\n<p>&#8211; UBS Vila Ideal; Avenida Francisco Valadares, 1.910;<\/p>\n<p>&#8211; UBS Vila Olavo Costa; Rua Jacinto Marcelino, 16.<\/p>\n<p>&nbsp;<\/p>\n<p>*<strong>As UBS dos bairros Borboleta e Santos Dumont passam por reparos e n\u00e3o realizam a vacina\u00e7\u00e3o na segunda-feira, 3.<\/p>\n<p><\/strong><\/p>\n","protected":false},"excerpt":{"rendered":"<p>Segundo informa\u00e7\u00f5es do site da Prefeitura de Juiz de Fora, ap\u00f3s um ano de 2021 de sucesso na vacina\u00e7\u00e3o com mais de um milh\u00e3o de doses aplicadas, cerca de 90% da popula\u00e7\u00e3o tendo recebido, ao menos, uma dose, e 80% com as duas, a campanha de imuniza\u00e7\u00e3o contra a Covid-19, realizada pela Secretaria de Sa\u00fade [&hellip;]<\/p>\n","protected":false},"author":246,"featured_media":193133,"comment_status":"closed","ping_status":"closed","sticky":false,"template":"","format":"standard","meta":{"footnotes":""},"categories":[253,436,440,439],"tags":[],"class_list":["post-193132","post","type-post","status-publish","format-standard","has-post-thumbnail","hentry","category-cidade","category-destaque-da-semana","category-destaques-do-dia","category-ultima-hora"],"_links":{"self":[{"href":"https:\/\/diarioregionaldigital.com.br\/index.php?rest_route=\/wp\/v2\/posts\/193132","targetHints":{"allow":["GET"]}}],"collection":[{"href":"https:\/\/diarioregionaldigital.com.br\/index.php?rest_route=\/wp\/v2\/posts"}],"about":[{"href":"https:\/\/diarioregionaldigital.com.br\/index.php?rest_route=\/wp\/v2\/types\/post"}],"author":[{"embeddable":true,"href":"https:\/\/diarioregionaldigital.com.br\/index.php?rest_route=\/wp\/v2\/users\/246"}],"replies":[{"embeddable":true,"href":"https:\/\/diarioregionaldigital.com.br\/index.php?rest_route=%2Fwp%2Fv2%2Fcomments&post=193132"}],"version-history":[{"count":1,"href":"https:\/\/diarioregionaldigital.com.br\/index.php?rest_route=\/wp\/v2\/posts\/193132\/revisions"}],"predecessor-version":[{"id":193134,"href":"https:\/\/diarioregionaldigital.com.br\/index.php?rest_route=\/wp\/v2\/posts\/193132\/revisions\/193134"}],"wp:featuredmedia":[{"embeddable":true,"href":"https:\/\/diarioregionaldigital.com.br\/index.php?rest_route=\/wp\/v2\/media\/193133"}],"wp:attachment":[{"href":"https:\/\/diarioregionaldigital.com.br\/index.php?rest_route=%2Fwp%2Fv2%2Fmedia&parent=193132"}],"wp:term":[{"taxonomy":"category","embeddable":true,"href":"https:\/\/diarioregionaldigital.com.br\/index.php?rest_route=%2Fwp%2Fv2%2Fcategories&post=193132"},{"taxonomy":"post_tag","embeddable":true,"href":"https:\/\/diarioregionaldigital.com.br\/index.php?rest_route=%2Fwp%2Fv2%2Ftags&post=193132"}],"curies":[{"name":"wp","href":"https:\/\/api.w.org\/{rel}","templated":true}]}}