{"id":193121,"date":"2021-12-31T16:25:35","date_gmt":"2021-12-31T19:25:35","guid":{"rendered":"https:\/\/diarioregionaldigital.com.br\/?p=193121"},"modified":"2021-12-31T16:25:35","modified_gmt":"2021-12-31T19:25:35","slug":"campea-em-2018-dupla-africana-retorna-ao-topo-da-sao-silvestre","status":"publish","type":"post","link":"https:\/\/diarioregionaldigital.com.br\/?p=193121","title":{"rendered":"Campe\u00e3 em 2018, dupla africana retorna ao topo da S\u00e3o Silvestre"},"content":{"rendered":"<p>A 96\u00aa edi\u00e7\u00e3o da Corrida de S\u00e3o Silvestre consagrou dois novos bicampe\u00f5es. Nesta sexta-feira (31), o et\u00edope Belay Bezabh e a queniana Sandrafelis Chebet repetiram a dobradinha de 2018 e venceram as disputas da elite masculina e feminina, respectivamente, nas ruas de S\u00e3o Paulo.<img decoding=\"async\" src=\"https:\/\/agenciabrasil.ebc.com.br\/ebc.png?id=1434693&amp;o=node\" \/><img decoding=\"async\" src=\"https:\/\/agenciabrasil.ebc.com.br\/ebc.gif?id=1434693&amp;o=node\" \/><\/p>\n<p>Chebet imprimiu um ritmo forte desde o in\u00edcio da corrida e pouco foi amea\u00e7ada pela compatriota Yenenesh Dinkesa, que chegou em segundo. A bicampe\u00e3 cruzou a linha de chegada na Avenida Paulista com tempo de 50 minutos e seis segundos, um minuto e 20 segundos \u00e0 frente de Dinkesa. Os outros tr\u00eas lugares do p\u00f3dio foram ocupados por brasileiras. Jenifer do Nascimento concluiu a prova em terceiro lugar (53 minutos e 32 segundos), melhor desempenho de uma fundista do pa\u00eds desde 2010, seguida por Valdilene dos Santos e Franciane dos Santos.<\/p>\n<p>&#8220;Essa prova \u00e9 muito disputada, sempre com estrangeiras, ent\u00e3o fazia um tempo que n\u00e3o tinha brasileira no p\u00f3dio. Desta vez, subiram tr\u00eas, ent\u00e3o fica pra hist\u00f3ria. \u00c9 um marco. Estou muito feliz mesmo, porque a gente est\u00e1 aqui para representar bem o pa\u00eds&#8221;, celebrou Jenifer, em entrevista coletiva.<\/p>\n<p>Na prova masculina, Daniel Ferreira do Nascimento encarou Bezabh durante boa parte dos 15 quil\u00f4metros de percurso, mas sentiu o desgaste no fim. Melhor para o et\u00edope, que finalizou a corrida em 44 minutos e 54 segundos, somente 15 segundos \u00e0 frente do brasileiro, que repetiu o resultado de 2019 e voltou a ser o melhor atleta do pa\u00eds na S\u00e3o Silvestre. A diferen\u00e7a \u00e9 que, h\u00e1 dois anos, ele chegou em 11\u00ba lugar. Agora, foi vice-campe\u00e3o. Jos\u00e9 M\u00e1rcio Le\u00e3o da Silva ficou em quinto e tamb\u00e9m foi ao p\u00f3dio.<\/p>\n<p>&#8220;Fui para o Qu\u00eania treinar e buscar evolu\u00e7\u00e3o. [Em 2021] Fiz minha estreia na maratona, alcancei \u00edndice ol\u00edmpico [para os Jogos de T\u00f3quio, no Jap\u00e3o], voltei ao Qu\u00eania, consegui fazer a segunda melhor marca do Brasil em uma maratona [em Val\u00eancia, na Espanha]. Foi um dos meus melhores anos e acredito que possa evoluir ainda mais. Tenho que ficar no meio dos campe\u00f5es e pensar nos Jogos Ol\u00edmpicos [de Paris, na Fran\u00e7a, em 2024], pois o sonho \u00e9 chegar l\u00e1 entre os tr\u00eas melhores do mundo. Sou jovem, vivo um momento bom, ent\u00e3o acho que, com sabedoria e disciplina, tudo d\u00e1 certo&#8221;, destacou Daniel, tamb\u00e9m em coletiva.<\/p>\n<p>Por fim, na disputa entre cadeirantes, as vit\u00f3rias foram de Leonardo de Melo entre os homens (48 minutos e 41 segundos) e de Josiane Nowicki no feminino (55 minutos e 35 segundos). Josiane, inclusive, ficou em segundo na classifica\u00e7\u00e3o geral da categoria, superando tamb\u00e9m os demais corredores do masculino.<\/p>\n<p>O evento reuniu cerca de 20 mil corredores, entre amadores e profissionais. Devido \u00e0 pandemia da covid-19, que suspendeu a realiza\u00e7\u00e3o em 2020, a prova foi disputada obedecendo a protocolos sanit\u00e1rios, com obrigatoriedade do uso de m\u00e1scara na concentra\u00e7\u00e3o, na largada e na chegada e recomenda\u00e7\u00e3o de que a mesma fosse mantida no rosto durante a corrida, se poss\u00edvel. Os atletas tiveram que apresentar o comprovante de vacina\u00e7\u00e3o contra o coronav\u00edrus para competir na S\u00e3o Silvestre.<\/p>\n<p><span style=\"font-weight: 400;\"><br \/>\n<\/span><span style=\"font-weight: 400;\">Fonte: Ag\u00eancia Brasil\u00a0<\/span><span style=\"font-weight: 400;\"><br \/>\n<\/span><\/p>\n","protected":false},"excerpt":{"rendered":"<p>A 96\u00aa edi\u00e7\u00e3o da Corrida de S\u00e3o Silvestre consagrou dois novos bicampe\u00f5es. Nesta sexta-feira (31), o et\u00edope Belay Bezabh e a queniana Sandrafelis Chebet repetiram a dobradinha de 2018 e venceram as disputas da elite masculina e feminina, respectivamente, nas ruas de S\u00e3o Paulo. Chebet imprimiu um ritmo forte desde o in\u00edcio da corrida e [&hellip;]<\/p>\n","protected":false},"author":246,"featured_media":193122,"comment_status":"closed","ping_status":"closed","sticky":false,"template":"","format":"standard","meta":{"footnotes":""},"categories":[436,257,439],"tags":[],"class_list":["post-193121","post","type-post","status-publish","format-standard","has-post-thumbnail","hentry","category-destaque-da-semana","category-esporte","category-ultima-hora"],"_links":{"self":[{"href":"https:\/\/diarioregionaldigital.com.br\/index.php?rest_route=\/wp\/v2\/posts\/193121","targetHints":{"allow":["GET"]}}],"collection":[{"href":"https:\/\/diarioregionaldigital.com.br\/index.php?rest_route=\/wp\/v2\/posts"}],"about":[{"href":"https:\/\/diarioregionaldigital.com.br\/index.php?rest_route=\/wp\/v2\/types\/post"}],"author":[{"embeddable":true,"href":"https:\/\/diarioregionaldigital.com.br\/index.php?rest_route=\/wp\/v2\/users\/246"}],"replies":[{"embeddable":true,"href":"https:\/\/diarioregionaldigital.com.br\/index.php?rest_route=%2Fwp%2Fv2%2Fcomments&post=193121"}],"version-history":[{"count":2,"href":"https:\/\/diarioregionaldigital.com.br\/index.php?rest_route=\/wp\/v2\/posts\/193121\/revisions"}],"predecessor-version":[{"id":193124,"href":"https:\/\/diarioregionaldigital.com.br\/index.php?rest_route=\/wp\/v2\/posts\/193121\/revisions\/193124"}],"wp:featuredmedia":[{"embeddable":true,"href":"https:\/\/diarioregionaldigital.com.br\/index.php?rest_route=\/wp\/v2\/media\/193122"}],"wp:attachment":[{"href":"https:\/\/diarioregionaldigital.com.br\/index.php?rest_route=%2Fwp%2Fv2%2Fmedia&parent=193121"}],"wp:term":[{"taxonomy":"category","embeddable":true,"href":"https:\/\/diarioregionaldigital.com.br\/index.php?rest_route=%2Fwp%2Fv2%2Fcategories&post=193121"},{"taxonomy":"post_tag","embeddable":true,"href":"https:\/\/diarioregionaldigital.com.br\/index.php?rest_route=%2Fwp%2Fv2%2Ftags&post=193121"}],"curies":[{"name":"wp","href":"https:\/\/api.w.org\/{rel}","templated":true}]}}