{"id":193117,"date":"2021-12-31T16:22:52","date_gmt":"2021-12-31T19:22:52","guid":{"rendered":"https:\/\/diarioregionaldigital.com.br\/?p=193117"},"modified":"2021-12-31T16:22:52","modified_gmt":"2021-12-31T19:22:52","slug":"avai-e-denunciado-por-atrasos-e-punicao-pode-custar-acesso-a-serie-a","status":"publish","type":"post","link":"https:\/\/diarioregionaldigital.com.br\/?p=193117","title":{"rendered":"Ava\u00ed \u00e9 denunciado por atrasos e puni\u00e7\u00e3o pode custar acesso \u00e0 S\u00e9rie A"},"content":{"rendered":"<p>O Superior Tribunal de Justi\u00e7a Desportiva (STJD) do Futebol revelou nesta quinta-feira (30) que foi acionado por sete jogadores do Ava\u00ed alegando atraso de sal\u00e1rios na S\u00e9rie B do Campeonato Brasileiro. Caso seja julgado e condenado, o Le\u00e3o da Ilha pode ter pontos deduzidos e perder o acesso \u00e0 elite. O CSA se beneficiaria e assumiria o lugar dos catarinenses.<img decoding=\"async\" src=\"https:\/\/agenciabrasil.ebc.com.br\/ebc.png?id=1434618&amp;o=node\" \/><img decoding=\"async\" src=\"https:\/\/agenciabrasil.ebc.com.br\/ebc.gif?id=1434618&amp;o=node\" \/><\/p>\n<p>Os laterais Diego Renan, Edilson, Jo\u00e3o Lucas e Iury, o zagueiro Rafael Pereira e os atacantes Jonathan e Ronaldo procuraram o Sindicato dos Atletas Profissionais de Santa Catarina (Sapfesc) na \u00faltima segunda-feira (27). Segundo a nota do STJD, a entidade afirma que o Ava\u00ed j\u00e1 havia sido notificado em agosto sobre os atrasos, mas que os d\u00e9bitos ainda n\u00e3o foram regularizados.<\/p>\n<p>A den\u00fancia do Sapefesc se baseia nos artigos 31 da Lei Pel\u00e9 e 27 do regulamento da S\u00e9rie B. Segundo este \u00faltimo, a partir de 30 dias de atraso nos vencimentos,\u00a0a equipe fica sujeita &#8220;\u00e0 perda de tr\u00eas pontos por partida a ser disputada, depois de reconhecida a mora e o inadimplemento&#8221;.<\/p>\n<p>O Le\u00e3o terminou a competi\u00e7\u00e3o em quarto lugar, no limite da zona de acesso \u00e0 S\u00e9rie A, com 64 pontos. Se tiver a pontua\u00e7\u00e3o descontada, ser\u00e1 ultrapassado pelo CSA, que fez 62 pontos. No pior cen\u00e1rio, caso o entendimento seja de que a dedu\u00e7\u00e3o de pontos\u00a0deve ocorrer a partir da notifica\u00e7\u00e3o de agosto, os catarinenses podem at\u00e9 serem rebaixados \u00e0 S\u00e9rie C, salvando o Remo (que ficou na 17\u00aa coloca\u00e7\u00e3o, a primeira no Z4, com 43 pontos).<\/p>\n<p>O procurador-geral do STJD, Ronaldo Piacente, determinou nesta quinta a abertura de vista para que o Ava\u00ed se manifeste. O prazo de tr\u00eas dias come\u00e7a a valer\u00a0depois do recesso do Tribunal, a partir de 21 de janeiro. Na sequ\u00eancia, a not\u00edcia de infra\u00e7\u00e3o ser\u00e1 encaminhada ao procurador designado para avaliar o cabimento da den\u00fancia.<\/p>\n<p>Em nota, o Le\u00e3o informou que o departamento jur\u00eddico se pronunciar\u00e1 ap\u00f3s a notifica\u00e7\u00e3o. O novo presidente do clube, Julio Heerdt, que tomar\u00e1 posse\u00a0no s\u00e1bado (1\u00ba de janeiro), manifestou-se pelo Twitter.<\/p>\n<p>&#8220;Venho a p\u00fablico reafirmar o compromisso de toda a nova diretoria, com o pagamento dos sal\u00e1rios atrasados de atletas e funcion\u00e1rios. Estou ciente da den\u00fancia encaminhada ao STJD, acompanhando de perto o desenrolar dos fatos e certo de que ser\u00e1 encontrada a melhor solu\u00e7\u00e3o para o problema. A torcida avaiana pode virar tranquila: jogaremos a S\u00e9rie A em 2022&#8221;, afirmou.<\/p>\n<p>Tamb\u00e9m pelo Twitter, o CSA informou &#8220;que est\u00e1 observando todas as not\u00edcias e movimenta\u00e7\u00f5es envolvendo uma poss\u00edvel perda de pontos de uma equipe que disputou a S\u00e9rie B, em 2021&#8221;. O\u00a0time alagoano afirmou, tamb\u00e9m, que &#8220;est\u00e1 estudando o caso para obter maiores detalhes e, se for necess\u00e1rio, acionar o STJD, para salvaguardar seus interesses&#8221;. Por fim, em nota publicada no site oficial, o Remo disse que &#8220;o departamento jur\u00eddico azulino est\u00e1 estudando sobre o caso para obter mais informa\u00e7\u00f5es&#8221;.<\/p>\n<p><span style=\"font-weight: 400;\"><br \/>\n<\/span><span style=\"font-weight: 400;\">Fonte: Ag\u00eancia Brasil <\/span><\/p>\n","protected":false},"excerpt":{"rendered":"<p>O Superior Tribunal de Justi\u00e7a Desportiva (STJD) do Futebol revelou nesta quinta-feira (30) que foi acionado por sete jogadores do Ava\u00ed alegando atraso de sal\u00e1rios na S\u00e9rie B do Campeonato Brasileiro. Caso seja julgado e condenado, o Le\u00e3o da Ilha pode ter pontos deduzidos e perder o acesso \u00e0 elite. O CSA se beneficiaria e [&hellip;]<\/p>\n","protected":false},"author":246,"featured_media":193118,"comment_status":"closed","ping_status":"closed","sticky":false,"template":"","format":"standard","meta":{"footnotes":""},"categories":[436,440,257,439],"tags":[],"class_list":["post-193117","post","type-post","status-publish","format-standard","has-post-thumbnail","hentry","category-destaque-da-semana","category-destaques-do-dia","category-esporte","category-ultima-hora"],"_links":{"self":[{"href":"https:\/\/diarioregionaldigital.com.br\/index.php?rest_route=\/wp\/v2\/posts\/193117","targetHints":{"allow":["GET"]}}],"collection":[{"href":"https:\/\/diarioregionaldigital.com.br\/index.php?rest_route=\/wp\/v2\/posts"}],"about":[{"href":"https:\/\/diarioregionaldigital.com.br\/index.php?rest_route=\/wp\/v2\/types\/post"}],"author":[{"embeddable":true,"href":"https:\/\/diarioregionaldigital.com.br\/index.php?rest_route=\/wp\/v2\/users\/246"}],"replies":[{"embeddable":true,"href":"https:\/\/diarioregionaldigital.com.br\/index.php?rest_route=%2Fwp%2Fv2%2Fcomments&post=193117"}],"version-history":[{"count":2,"href":"https:\/\/diarioregionaldigital.com.br\/index.php?rest_route=\/wp\/v2\/posts\/193117\/revisions"}],"predecessor-version":[{"id":193120,"href":"https:\/\/diarioregionaldigital.com.br\/index.php?rest_route=\/wp\/v2\/posts\/193117\/revisions\/193120"}],"wp:featuredmedia":[{"embeddable":true,"href":"https:\/\/diarioregionaldigital.com.br\/index.php?rest_route=\/wp\/v2\/media\/193118"}],"wp:attachment":[{"href":"https:\/\/diarioregionaldigital.com.br\/index.php?rest_route=%2Fwp%2Fv2%2Fmedia&parent=193117"}],"wp:term":[{"taxonomy":"category","embeddable":true,"href":"https:\/\/diarioregionaldigital.com.br\/index.php?rest_route=%2Fwp%2Fv2%2Fcategories&post=193117"},{"taxonomy":"post_tag","embeddable":true,"href":"https:\/\/diarioregionaldigital.com.br\/index.php?rest_route=%2Fwp%2Fv2%2Ftags&post=193117"}],"curies":[{"name":"wp","href":"https:\/\/api.w.org\/{rel}","templated":true}]}}