{"id":192963,"date":"2021-12-28T20:07:43","date_gmt":"2021-12-28T23:07:43","guid":{"rendered":"https:\/\/diarioregionaldigital.com.br\/?p=192963"},"modified":"2021-12-28T20:07:43","modified_gmt":"2021-12-28T23:07:43","slug":"programa-boniteza-opera-em-159-acoes-de-zeladoria-em-todas-as-regioes","status":"publish","type":"post","link":"https:\/\/diarioregionaldigital.com.br\/?p=192963","title":{"rendered":"Programa Boniteza opera em 159 a\u00e7\u00f5es de zeladoria em todas as regi\u00f5es"},"content":{"rendered":"<p>Segundo informa\u00e7\u00f5es do site da Prefeitura de Juiz de Fora, atrav\u00e9s do Programa Boniteza e por meio do Gabinete de A\u00e7\u00e3o e Di\u00e1logo Comunit\u00e1rio (GADC), a Secretaria de Obras (SO) da Prefeitura de Juiz de Fora (PJF) realiza 159 interven\u00e7\u00f5es de melhorias urbanas nesta ter\u00e7a-feira, 28.<\/p>\n<p><strong>Obras<\/strong><\/p>\n<p>Os Departamentos de Opera\u00e7\u00e3o e Manuten\u00e7\u00e3o em Obras (Domo) e de Estradas Vicinais da Secretaria de Obras t\u00eam previstas 20 a\u00e7\u00f5es.<\/p>\n<p>&nbsp;<\/p>\n<p>Interven\u00e7\u00f5es em continuidade:<\/p>\n<p>-Corre\u00e7\u00e3o de eros\u00e3o na cabeceira da ponte &#8211; Ponte do Carlos Chagas &#8211; Carlos Chagas<\/p>\n<p>-Corre\u00e7\u00e3o de cal\u00e7amento com pedra portuguesa &#8211; Parque Halfeld &#8211; Centro<\/p>\n<p>-Lan\u00e7amento de material em pontos cr\u00edticos &#8211; Estrada dos Pe\u00f5es &#8211; Linhares<\/p>\n<p>-Patrolamento e coloca\u00e7\u00e3o de material granulado &#8211; Estrada de Humait\u00e1 &#8211; Humait\u00e1<\/p>\n<p>-Encabe\u00e7amento de bueiro na Estrada do Taquaral &#8211; Estrada do Taquaral<\/p>\n<p>-Ro\u00e7ada na Estrada de Pires &#8211; Estrada Principal de Pires &#8211; Pires<\/p>\n<p>-Patrolamento com lan\u00e7amento de material granulado &#8211; Estrada de Pirapitinga \u2013 Ponto Estrela &#8211; Pirapitinga<\/p>\n<p>&nbsp;<\/p>\n<p>Novas interven\u00e7\u00f5es:<\/p>\n<p>-Corre\u00e7\u00e3o de eros\u00e3o &#8211; Rua Jos\u00e9 Theodoro de Ara\u00fajo &#8211; Bom Clima<\/p>\n<p>-Corre\u00e7\u00e3o de eros\u00e3o &#8211; Travessa Jos\u00e9\u00a0 Teixeira Filho &#8211; S\u00e3o Benedito<\/p>\n<p>-Recomposi\u00e7\u00e3o de base &#8211; Rua Francisco Moreira Guedes esquina com Rua Luiz Rocha &#8211; Eldorado<\/p>\n<p>-Desentupimento de boca de lobo &#8211; Rua Mascarenhas &#8211; Costa Carvalho<\/p>\n<p>-Corre\u00e7\u00e3o de eros\u00e3o &#8211; Rua Carlos Chagas &#8211; S\u00e3o Mateus<\/p>\n<p>-Reforma de boca de lobo para constru\u00e7\u00e3o de rampa de acessibilidade &#8211; Rua Santana com Avenida Rui Barbosa &#8211; Santa Terezinha<\/p>\n<p>-Limpeza das bocas de lobo &#8211; Rua Alberto Agapito Ferreira &#8211; Jardim de Al\u00e1<\/p>\n<p>-Reparo em boca de lobo &#8211; Rua Jos\u00e9\u00a0 Lib\u00e2nio Rodrigues &#8211; Bandeirantes<\/p>\n<p>-Coloca\u00e7\u00e3o de tamp\u00e3o em PV de \u00e1gua pluvial &#8211; Rua Goi\u00e1s &#8211; S\u00e3o Bernardo<\/p>\n<p>-Reparo em boca de lobo &#8211; Rua Luiz Favero &#8211; Bom Jardim<\/p>\n<p>-Retirada de galhos quebrados e ca\u00eddos devido \u00e0s fortes chuvas &#8211; Estrada do Distrito de Torre\u00f5es &#8211; Torre\u00f5es<\/p>\n<p>-Patrolamento com lan\u00e7amento de material granulado &#8211; Estrada das Palmeiras &#8211; Na\u00fatico<\/p>\n<p>-Limpeza de bueiro na Estrada Principal &#8211; Estrada de Pires (devido \u00e0s chuvas, ca\u00edram galhos em dire\u00e7\u00e3o aos bueiros) &#8211; Pires<\/p>\n<p>&nbsp;<\/p>\n<p><strong>Ilumina\u00e7\u00e3o P\u00fablica<\/strong><\/p>\n<p>&nbsp;<\/p>\n<p>O departamento de Ilumina\u00e7\u00e3o P\u00fablica da PJF d\u00e1 continuidade \u00e0s a\u00e7\u00f5es com a previs\u00e3o de trocas de 139 l\u00e2mpadas em todas as regi\u00f5es.<\/p>\n<p>&nbsp;<\/p>\n<p>-S\u00e3o Tarc\u00edsio<\/p>\n<p>Rua S\u00e3o Tarc\u00edsio<\/p>\n<p>&nbsp;<\/p>\n<p>-Furtado de Menezes<\/p>\n<p>Rua Theophilo Amaral Castel\u00f5es<\/p>\n<p>Rua Doutor Alberto Surek<\/p>\n<p>Rua Valentin Dilly<\/p>\n<p>&nbsp;<\/p>\n<p>-Recanto dos Bruggers<\/p>\n<p>Alameda Jos\u00e9 Bruggers<\/p>\n<p>&nbsp;<\/p>\n<p>-Previdenci\u00e1rios<\/p>\n<p>Rua D<\/p>\n<p>Condom\u00ednio Fazendinhas do Ipiranga &#8211; Estrada 2<\/p>\n<p>Condom\u00ednio Fazendinhas do Ipiranga &#8211; Estrada 1<\/p>\n<p>&nbsp;<\/p>\n<p>-Barbosa Lage<\/p>\n<p>Rua Pastor Ant\u00f4nio Bispo Luz<\/p>\n<p>Rua Professor Leopoldo Cathoud<\/p>\n<p>&nbsp;<\/p>\n<p>-Vila Ideal<\/p>\n<p>Rua Alexandre Joaquim de Siqueira<\/p>\n<p>&nbsp;<\/p>\n<p>-Vila Esperan\u00e7a<\/p>\n<p>Rua Cust\u00f3dio Lopes de Mattos<\/p>\n<p>Rua Dezoito<\/p>\n<p>Rua da Passagem<\/p>\n<p>&nbsp;<\/p>\n<p>-Cruzeiro do Sul<\/p>\n<p>Travessa Sebasti\u00e3o dos Santos<\/p>\n<p>&nbsp;<\/p>\n<p>-Bonsucesso<\/p>\n<p>Rua Ac\u00e1cio Paulino Pinto<\/p>\n<p>&nbsp;<\/p>\n<p>-Santa Helena<\/p>\n<p>Rua Doutor Constantino Paleta<\/p>\n<p>&nbsp;<\/p>\n<p>-Paula Lima<\/p>\n<p>Rua Vicente G\u00e1vio<\/p>\n<p>&nbsp;<\/p>\n<p>-Centro<\/p>\n<p>Avenida Bar\u00e3o do Rio Branco<\/p>\n<p>Rua Doutor Gil Horta<\/p>\n<p>&nbsp;<\/p>\n<p>-Bom Jardim<\/p>\n<p>Rua Eunice Fortini Costa<\/p>\n<p>&nbsp;<\/p>\n<p>-Nova Era<\/p>\n<p>Rua Jos\u00e9 Gustavo do Nascimento<\/p>\n<p>Rua Jos\u00e9 Albuquerque de Moraes<\/p>\n<p>Rua Sebasti\u00e3o Alves Marcato<\/p>\n<p>&nbsp;<\/p>\n<p>-Itatiaia<\/p>\n<p>Rua Professor Vicente Mazini<\/p>\n<p>&nbsp;<\/p>\n<p>-S\u00e3o Francisco de Paula<\/p>\n<p>Rua Jos\u00e9 Dias Ferreira<\/p>\n<p>&nbsp;<\/p>\n<p>-Realeza<\/p>\n<p>Rua Omar Baptista de Oliveira<\/p>\n<p>Rua Ottoni de Campos Alvim<\/p>\n<p>&nbsp;<\/p>\n<p>-Santo Ant\u00f4nio<\/p>\n<p>Alameda Ilva Mello Reis<\/p>\n<p>Rua Francisco Pereira<\/p>\n<p>Rua Luiz Fellet<\/p>\n<p>&nbsp;<\/p>\n<p>-Nova Germania<\/p>\n<p>Rua Manoel Porfirio Ferreira<\/p>\n<p>&nbsp;<\/p>\n<p>-Benfica<\/p>\n<p>Rua Professor Walter Miranda<\/p>\n<p>Rua Walter Miranda<\/p>\n<p>&nbsp;<\/p>\n<p>-Ara\u00fajo<\/p>\n<p>Rua 24 Horas<\/p>\n<p>&nbsp;<\/p>\n<p>-Jardim Esperan\u00e7a<\/p>\n<p>Rua Padre Ac\u00e1cio Duarte<\/p>\n<p>Rua Arist\u00f3teles Evaristo do Nascimento<\/p>\n<p>Rua Argemiro Fran\u00e7a<\/p>\n<p>Rua Alberto Guedes<\/p>\n<p>Rua Elizabetta Taroco<\/p>\n<p>Rua Guido Bassoli<\/p>\n<p>Rua Henrique Pimenta Brasiel<\/p>\n<p>&nbsp;<\/p>\n<p>-Cidade Nova<\/p>\n<p>Rua da Conquista<\/p>\n<p>&nbsp;<\/p>\n<p>-S\u00e3o Pedro<\/p>\n<p>Rua Jos\u00e9 Louren\u00e7o Kelmer<\/p>\n<p>&nbsp;<\/p>\n<p>-Terras Altas<\/p>\n<p>Rua Nicolau Lammoglia<\/p>\n<p>Rua Quatro<\/p>\n<p>Rua Wilson Gomes de Freitas<\/p>\n<p>Avenida Fernando Senra<\/p>\n<p>Rua Jaimes Ferreira Gomes<\/p>\n<p>Rua Farmac\u00eautico Jos\u00e9 Fontes Louren\u00e7o<\/p>\n<p>Rua Geraldo Dias Passos<\/p>\n<p>Rua 15<\/p>\n<p>Rua Orides Milit\u00e3o da Costa<\/p>\n<p>&nbsp;<\/p>\n<p>-S\u00e3o Judas Tadeu<\/p>\n<p>Rua Luiz Villani<\/p>\n<p>&nbsp;<\/p>\n<p>-Dom Orione<\/p>\n<p>Rua Pedro Wiereck<\/p>\n<p>&nbsp;<\/p>\n<p>-Nossa Senhora de Lourdes<\/p>\n<p>Rua Jo\u00e3o de Ara\u00fajo Braga<\/p>\n<p>&nbsp;<\/p>\n<p>-Graja\u00fa<\/p>\n<p>Rua Alvina Alves<\/p>\n<p>Rua Beliz\u00e1rio de Castro<\/p>\n<p>&nbsp;<\/p>\n<p>-Nossa Senhora Aparecida<\/p>\n<p>Rua Nossa Senhora Aparecida<\/p>\n<p>&nbsp;<\/p>\n<p>-Industrial<\/p>\n<p>Rua Avelino Milagres<\/p>\n<p>&nbsp;<\/p>\n<p>-Cruzeiro do Sul<\/p>\n<p>Rua Jos\u00e9 Orozimbo de Oliveira<\/p>\n<p>Travessa Manoel Mineiro<\/p>\n<p>&nbsp;<\/p>\n<p>-Jardim Lermitage<\/p>\n<p>Rua Jo\u00e3o Batista Tostes<\/p>\n<p>Rua Ot\u00e1vio Alves Ferreira<\/p>\n<p>&nbsp;<\/p>\n<p>-Bairu<\/p>\n<p>Rua Ribeiro de Abreu<\/p>\n<p>Rua Professor Francisco Faria<\/p>\n<p>&nbsp;<\/p>\n<p>-Miguel Marinho<\/p>\n<p>Rua Dom Juvenal Roriz<\/p>\n<p>&nbsp;<\/p>\n<p>-Linhares<\/p>\n<p>Rua Roberto Hargreaves<\/p>\n<p>Rua Lamartine Ferreira Leite<\/p>\n<p>Rua Doutor Moacir de Castro Xavier<\/p>\n<p>&nbsp;<\/p>\n<p>-Bom Pastor<\/p>\n<p>Rua Doutor Delorme de Carvalho<\/p>\n<p>&nbsp;<\/p>\n<p>-S\u00e3o Benedito<\/p>\n<p>Rua Arax\u00e1<\/p>\n<p>&nbsp;<\/p>\n<p>-Ladeira<\/p>\n<p>Avenida Surerus<\/p>\n<p>&nbsp;<\/p>\n<p>-J\u00f3quei Clube I<\/p>\n<p>Rua Ant\u00f4nio Armando Pereira<\/p>\n<p>Rua Ambrosina Nunes Lima<\/p>\n<p>&nbsp;<\/p>\n<p>-Dom Bosco<\/p>\n<p>Rua Mirai<\/p>\n<p>&nbsp;<\/p>\n<p>-Po\u00e7o Rico<\/p>\n<p>Rua Professora Carolina Coelho<\/p>\n<p>&nbsp;<\/p>\n<p>-Progresso<\/p>\n<p>Rua Vitar Maria de Oliveira<\/p>\n<p>Rua do Planalto<\/p>\n<p>&nbsp;<\/p>\n<p>-Bela Aurora<\/p>\n<p>Rua Silvino Augusto Moreira<\/p>\n<p>&nbsp;<\/p>\n<p>-Bar\u00e3o do Retiro<\/p>\n<p>Avenida Doutor Francisco \u00c1lvares de Assis<\/p>\n<p>Rua Irm\u00e3 Emerenciana<\/p>\n<p>Rua Sebasti\u00e3o Cardoso<\/p>\n<p>Rua Walfrido Machado Mendon\u00e7a<\/p>\n<p>Rua Jos\u00e9 Augusto Ara\u00fajo<\/p>\n<p>Rua Doutor Saulo Vilela<\/p>\n<p>Rua Jos\u00e9 Francisco Mota<\/p>\n<p>&nbsp;<\/p>\n<p>-Floresta<\/p>\n<p>Rua Coronel Assis<\/p>\n<p>&nbsp;<\/p>\n<p>-Santa Luzia<\/p>\n<p>Travessa Manoel Mineiro<\/p>\n<p>Rua Jos\u00e9 Orozimbo de Oliveira<\/p>\n<p>&nbsp;<\/p>\n<p>-Retiro<\/p>\n<p>Radar da Ponte<\/p>\n<p>&nbsp;<\/p>\n<p>-Manoel Hon\u00f3rio<\/p>\n<p>Rua Am\u00e9rico Luz<\/p>\n<p>&nbsp;<\/p>\n<p>-Graminha<\/p>\n<p>Avenida Joaquim Vicente Guedes<\/p>\n<p>&nbsp;<\/p>\n<p>-Alto dos Passos<\/p>\n<p>Rua Dom Vi\u00e7oso<\/p>\n<p>&nbsp;<\/p>\n<p>-Alta Vista<\/p>\n<p>Rua Uacari-preto<\/p>\n<p>&nbsp;<\/p>\n<p>-S\u00e3o Mateus<\/p>\n<p>Rua Monsenhor Gustavo Freire<\/p>\n<p>&nbsp;<\/p>\n<p>-Vila Ideal<\/p>\n<p>Avenida Francisco Valadares<\/p>\n<p>&nbsp;<\/p>\n<p>-Santos Anjos<\/p>\n<p>Rua Ademir Pedretti dos Santos<\/p>\n<p>&nbsp;<\/p>\n<p><strong>Gabinete de A\u00e7\u00e3o e Di\u00e1logo Comunit\u00e1rio<\/strong><\/p>\n<p>&nbsp;<\/p>\n<p>As a\u00e7\u00f5es da Secretaria de Obras s\u00e3o realizadas atrav\u00e9s do Gabinete de A\u00e7\u00e3o e Di\u00e1logo Comunit\u00e1rio, que recebe demandas de melhorias urbanas pelo n\u00famero (32) 3690-7241, por liga\u00e7\u00e3o ou WhatsApp.<\/p>\n<p>&nbsp;<\/p>\n<p>No\u00a0<a href=\"https:\/\/www.pjf.mg.gov.br\/gabinetecomunitario\/\"><strong>site do gabinete<\/strong><\/a>, est\u00e3o dispon\u00edveis informa\u00e7\u00f5es atualizadas diariamente sobre os servi\u00e7os realizados pelas secretarias de Obras (SO); de Sustentabilidade em Meio Ambiente e Atividades Urbanas (Sesmaur); de Mobilidade Urbana (SMU); e pela\u00a0 Empresa Municipal de Pavimenta\u00e7\u00e3o e Urbaniza\u00e7\u00e3o (Empav); Departamento Municipal de Limpeza Urbana (Demlurb); e Companhia de Saneamento Municipal (Cesama).<\/p>\n","protected":false},"excerpt":{"rendered":"<p>Segundo informa\u00e7\u00f5es do site da Prefeitura de Juiz de Fora, atrav\u00e9s do Programa Boniteza e por meio do Gabinete de A\u00e7\u00e3o e Di\u00e1logo Comunit\u00e1rio (GADC), a Secretaria de Obras (SO) da Prefeitura de Juiz de Fora (PJF) realiza 159 interven\u00e7\u00f5es de melhorias urbanas nesta ter\u00e7a-feira, 28. Obras Os Departamentos de Opera\u00e7\u00e3o e Manuten\u00e7\u00e3o em Obras [&hellip;]<\/p>\n","protected":false},"author":246,"featured_media":192964,"comment_status":"closed","ping_status":"closed","sticky":false,"template":"","format":"standard","meta":{"footnotes":""},"categories":[253,436,439],"tags":[],"class_list":["post-192963","post","type-post","status-publish","format-standard","has-post-thumbnail","hentry","category-cidade","category-destaque-da-semana","category-ultima-hora"],"_links":{"self":[{"href":"https:\/\/diarioregionaldigital.com.br\/index.php?rest_route=\/wp\/v2\/posts\/192963","targetHints":{"allow":["GET"]}}],"collection":[{"href":"https:\/\/diarioregionaldigital.com.br\/index.php?rest_route=\/wp\/v2\/posts"}],"about":[{"href":"https:\/\/diarioregionaldigital.com.br\/index.php?rest_route=\/wp\/v2\/types\/post"}],"author":[{"embeddable":true,"href":"https:\/\/diarioregionaldigital.com.br\/index.php?rest_route=\/wp\/v2\/users\/246"}],"replies":[{"embeddable":true,"href":"https:\/\/diarioregionaldigital.com.br\/index.php?rest_route=%2Fwp%2Fv2%2Fcomments&post=192963"}],"version-history":[{"count":1,"href":"https:\/\/diarioregionaldigital.com.br\/index.php?rest_route=\/wp\/v2\/posts\/192963\/revisions"}],"predecessor-version":[{"id":192965,"href":"https:\/\/diarioregionaldigital.com.br\/index.php?rest_route=\/wp\/v2\/posts\/192963\/revisions\/192965"}],"wp:featuredmedia":[{"embeddable":true,"href":"https:\/\/diarioregionaldigital.com.br\/index.php?rest_route=\/wp\/v2\/media\/192964"}],"wp:attachment":[{"href":"https:\/\/diarioregionaldigital.com.br\/index.php?rest_route=%2Fwp%2Fv2%2Fmedia&parent=192963"}],"wp:term":[{"taxonomy":"category","embeddable":true,"href":"https:\/\/diarioregionaldigital.com.br\/index.php?rest_route=%2Fwp%2Fv2%2Fcategories&post=192963"},{"taxonomy":"post_tag","embeddable":true,"href":"https:\/\/diarioregionaldigital.com.br\/index.php?rest_route=%2Fwp%2Fv2%2Ftags&post=192963"}],"curies":[{"name":"wp","href":"https:\/\/api.w.org\/{rel}","templated":true}]}}