{"id":192960,"date":"2021-12-28T20:05:30","date_gmt":"2021-12-28T23:05:30","guid":{"rendered":"https:\/\/diarioregionaldigital.com.br\/?p=192960"},"modified":"2021-12-28T20:05:30","modified_gmt":"2021-12-28T23:05:30","slug":"equipamentos-vacinacao-e-retomada-de-atendimentos-marcam-a-subsecretaria-de-atencao-a-saude","status":"publish","type":"post","link":"https:\/\/diarioregionaldigital.com.br\/?p=192960","title":{"rendered":"Equipamentos, vacina\u00e7\u00e3o e retomada de atendimentos marcam a Subsecretaria de Aten\u00e7\u00e3o \u00e0 Sa\u00fade"},"content":{"rendered":"<p>Segundo informa\u00e7\u00f5es do site da Prefeitura de Juiz de Fora, a Subsecretaria de Aten\u00e7\u00e3o \u00e0 Sa\u00fade (SSAS) da Prefeitura de Juiz de Fora (PJF) \u00e9 respons\u00e1vel pelo primeiro atendimento e por uma gama de a\u00e7\u00f5es, nas esferas individuais e coletivas,\u00a0 abrangendo a prote\u00e7\u00e3o e promo\u00e7\u00e3o da sa\u00fade, a preven\u00e7\u00e3o de danos e agravos,a\u00a0 identifica\u00e7\u00e3o e diagn\u00f3stico, a reabilita\u00e7\u00e3o, a redu\u00e7\u00e3o de anomalias e o monitoramento da sa\u00fade com o prop\u00f3sito de progredir uma aten\u00e7\u00e3o integral aos juiz-foranos, que repercute positivamente na sa\u00fade de todas e todos.<\/p>\n<p>Os setores da SSAS formam a principal porta de entrada do Sistema \u00danico de Sa\u00fade (SUS) e est\u00e3o em constante comunica\u00e7\u00e3o com toda a rede e \u00e9 composta pela aten\u00e7\u00e3o prim\u00e1ria e secund\u00e1ria \u00e0 sa\u00fade. \u00c9 constitu\u00edda pelas\u00a0 Unidades B\u00e1sicas de Sa\u00fade (UBSs), Agentes Comunit\u00e1rios de Sa\u00fade (ACSs), Equipe de Sa\u00fade da Fam\u00edlia (ESF), N\u00facleo de Apoio \u00e0 Sa\u00fade da Fam\u00edlia (NASF), educa\u00e7\u00e3o permanente, planejamento de obras, sa\u00fade bucal, servi\u00e7os especializados, de diagn\u00f3stico, apoio e terap\u00eautico.<\/p>\n<p>A Subsecret\u00e1ria de Aten\u00e7\u00e3o \u00e0 Sa\u00fade, Joana D\u2019Arc Zanelli, enfatiza que mesmo com o agravo da pandemia, a SSAS continuou os trabalhos de acolhimento, diagn\u00f3stico, testagem e vacina\u00e7\u00e3o. Com a demanda ainda maior por conta da pandemia e campanha de vacina\u00e7\u00e3o contra a Covid-19, juntamente com a de rotina, a avalia\u00e7\u00e3o de 2021 \u00e9 positiva.<\/p>\n<p>&#8220;Apesar dos desafios e limita\u00e7\u00f5es impostos pela pandemia, a assist\u00eancia participou da campanha gigantesca contra a Covid-19 concomitante \u00e0s demais a\u00e7\u00f5es realizadas nas unidades b\u00e1sicas. Praticamente 70% da vacina\u00e7\u00e3o realizada em Juiz de Fora foi realizada pelas equipes de aten\u00e7\u00e3o prim\u00e1ria, e as nossas equipes tiveram papel essencial, se desdobrando e fazendo o seu m\u00e1ximo. Fizemos a gest\u00e3o complexa das emendas parlamentares e os recursos vinculados, que puderem conceder uma qualifica\u00e7\u00e3o e robustez na nossa assist\u00eancia como um todo. Esse entendimento e organiza\u00e7\u00e3o do dinheiro p\u00fablico, ressaltamos tamb\u00e9m como um dos pontos positivos deste ano\u201d, afirma Joana.<\/p>\n<p>Dentre as principais a\u00e7\u00f5es da SSAS no enfrentamento \u00e0 pandemia, est\u00e3o \u00e0 expans\u00e3o do quadro de profissionais para atendimento \u00e0 popula\u00e7\u00e3o, manuten\u00e7\u00e3o do Centro Covid, localizado no PAM Marechal, que concede suporte ao territ\u00f3rio descoberto da aten\u00e7\u00e3o prim\u00e1ria, bem como na identifica\u00e7\u00e3o de casos suspeitos e nas sequelas p\u00f3s-Covid, entrega de c\u00e2maras frias para as UBS\u2019s, entre outras a\u00e7\u00f5es. A subsecretaria teve uma participa\u00e7\u00e3o ativa nas campanhas de vacina\u00e7\u00e3o em 2021, tanto na contra a Covid-19, utilizando 46 UBSs na zona urbana e tamb\u00e9m levando a vacina\u00e7\u00e3o \u00e0 zona rural, quanto nas campanhas de imuniza\u00e7\u00e3o contra a Influenza, Antirr\u00e1bica em c\u00e3es e gatos, al\u00e9m de manter toda a vacina\u00e7\u00e3o de rotina, disponibilizando\u00a0 imunizantes que combatem mais de 30 diferentes doen\u00e7as. Com as retomadas das atividades, os departamentos tamb\u00e9m foram empenhados na elabora\u00e7\u00e3o do Plano de Retorno Seguro das atividades escolares.<\/p>\n<p><strong>Obras, moderniza\u00e7\u00e3o e mapeamento para a constru\u00e7\u00e3o de novas UBS\u00a0<\/strong><\/p>\n<p>Foram conclu\u00eddas e entregues obras nas unidades do bairros Santa Rita, Cruzeiro do Sul, Progresso, Grama, Santos Dumont e Caet\u00e9, al\u00e9m de reformas em outras unidades. A UBS Bandeirantes est\u00e1 com a data\u00a0 prevista para conclus\u00e3o dos trabalhos no final deste ano. Visando a melhorar e agilizar os servi\u00e7os, foi contratado empresa para a implementa\u00e7\u00e3o de redes estruturadas de comunica\u00e7\u00e3o e de dados (rede l\u00f3gica). Na UBS do bairro Igrejinha, os trabalhos j\u00e1 foram conclu\u00eddos, seguindo para o bairro Furtado de Menezes, que est\u00e1 em andamento. Outras unidades ser\u00e3o atendidas em 2021. Al\u00e9m disso, s\u00e3o realizados estudos e mapeamento de territ\u00f3rios para que futuramente possamos expandir a cobertura e at\u00e9 mesmo termos outras unidades.<\/p>\n<p><strong>Ades\u00e3o \u00e0 programas<\/strong><\/p>\n<p>Com a ades\u00e3o, foram recebidos cinco novos m\u00e9dicos que fazem parte do Programa Mais M\u00e9dicos e renova\u00e7\u00e3o do contrato de outros 11 m\u00e9dicos. As equipes est\u00e3o trabalhando na ades\u00e3o do novo Edital do Programa M\u00e9dicos pelo Brasil, que substituir\u00e1 o Mais M\u00e9dicos. Os outros aderidos pela gest\u00e3o foram: Sa\u00fade com Agente; Sa\u00fade na Escola (Crescer Saud\u00e1vel e Estrat\u00e9gia NutriSUS, no \u00e2mbito do Programa Sa\u00fade na Escola); Sa\u00fade em Redes, do Governo Estadual; Sequ\u00eancia nos procedimentos ligados \u00e0s diferentes linhas de a\u00e7\u00e3o da Pol\u00edtica Estadual de Promo\u00e7\u00e3o da Sa\u00fade. Estes e outros programas t\u00eam o objetivo de expandir e melhorar cada vez mais nossa atua\u00e7\u00e3o.<\/p>\n<p><strong>Planos para 2022<\/strong><\/p>\n<p>A SSAS vai atuar para que a rede de preven\u00e7\u00e3o de doen\u00e7as e promo\u00e7\u00e3o da sa\u00fade, bem como o atendimento seja cada vez melhor e mais organizado, dando sequ\u00eancia aos trabalhos deste ano. As UBSs s\u00e3o a porta de entrada da maior parte da popula\u00e7\u00e3o, e trabalhar levando em conta as especificidades de cada territ\u00f3rio \u00e9 de suma import\u00e2ncia. Em 2022, a SSAS estar\u00e1 voltada para cada vez mais fazer este atendimento integrado e inteligente.<\/p>\n<p>Outra a\u00e7\u00e3o importante que foi iniciada e que ter\u00e1 sequ\u00eancia no come\u00e7o do pr\u00f3ximo ano \u00e9 o cadastramento das pessoas atendidas pelas UBSs no \u201cPrevine Brasil\u201d. O cadastro \u00e9 essencial para o repasse de recursos federais destinados \u00e0 manuten\u00e7\u00e3o dos servi\u00e7os nas unidades de sa\u00fade do munic\u00edpio, como consultas m\u00e9dicas e de enfermagem, procedimentos e exames. Para ser cadastrado, o cidad\u00e3o deve levar documentos pessoais como o CPF ou Cart\u00e3o Nacional de Sa\u00fade (CNS) e um comprovante de resid\u00eancia at\u00e9 sua UBS de refer\u00eancia, caso esta possua Estrat\u00e9gia Sa\u00fade da Fam\u00edlia ou equipe de Aten\u00e7\u00e3o Prim\u00e1ria, e solicitar a realiza\u00e7\u00e3o de seu cadastro aos profissionais da unidade.<\/p>\n<p>Outra das a\u00e7\u00f5es espec\u00edficas j\u00e1 programadas para 2022 \u00e9 a realiza\u00e7\u00e3o do Semin\u00e1rio de capacita\u00e7\u00e3o, da Rede como um todo, totalizando 320 profissionais, com o tema sobre preven\u00e7\u00e3o de Doen\u00e7as Sexualmente Transmiss\u00edveis, focando na s\u00edfilis na e AIDS, para assim regionalizar o teste r\u00e1pido, aproveitando para trabalhar protocolos de outras patologias negligenciadas\/transmiss\u00edveis.<\/p>\n","protected":false},"excerpt":{"rendered":"<p>Segundo informa\u00e7\u00f5es do site da Prefeitura de Juiz de Fora, a Subsecretaria de Aten\u00e7\u00e3o \u00e0 Sa\u00fade (SSAS) da Prefeitura de Juiz de Fora (PJF) \u00e9 respons\u00e1vel pelo primeiro atendimento e por uma gama de a\u00e7\u00f5es, nas esferas individuais e coletivas,\u00a0 abrangendo a prote\u00e7\u00e3o e promo\u00e7\u00e3o da sa\u00fade, a preven\u00e7\u00e3o de danos e agravos,a\u00a0 identifica\u00e7\u00e3o e [&hellip;]<\/p>\n","protected":false},"author":246,"featured_media":192961,"comment_status":"closed","ping_status":"closed","sticky":false,"template":"","format":"standard","meta":{"footnotes":""},"categories":[253,436,439],"tags":[],"class_list":["post-192960","post","type-post","status-publish","format-standard","has-post-thumbnail","hentry","category-cidade","category-destaque-da-semana","category-ultima-hora"],"_links":{"self":[{"href":"https:\/\/diarioregionaldigital.com.br\/index.php?rest_route=\/wp\/v2\/posts\/192960","targetHints":{"allow":["GET"]}}],"collection":[{"href":"https:\/\/diarioregionaldigital.com.br\/index.php?rest_route=\/wp\/v2\/posts"}],"about":[{"href":"https:\/\/diarioregionaldigital.com.br\/index.php?rest_route=\/wp\/v2\/types\/post"}],"author":[{"embeddable":true,"href":"https:\/\/diarioregionaldigital.com.br\/index.php?rest_route=\/wp\/v2\/users\/246"}],"replies":[{"embeddable":true,"href":"https:\/\/diarioregionaldigital.com.br\/index.php?rest_route=%2Fwp%2Fv2%2Fcomments&post=192960"}],"version-history":[{"count":1,"href":"https:\/\/diarioregionaldigital.com.br\/index.php?rest_route=\/wp\/v2\/posts\/192960\/revisions"}],"predecessor-version":[{"id":192962,"href":"https:\/\/diarioregionaldigital.com.br\/index.php?rest_route=\/wp\/v2\/posts\/192960\/revisions\/192962"}],"wp:featuredmedia":[{"embeddable":true,"href":"https:\/\/diarioregionaldigital.com.br\/index.php?rest_route=\/wp\/v2\/media\/192961"}],"wp:attachment":[{"href":"https:\/\/diarioregionaldigital.com.br\/index.php?rest_route=%2Fwp%2Fv2%2Fmedia&parent=192960"}],"wp:term":[{"taxonomy":"category","embeddable":true,"href":"https:\/\/diarioregionaldigital.com.br\/index.php?rest_route=%2Fwp%2Fv2%2Fcategories&post=192960"},{"taxonomy":"post_tag","embeddable":true,"href":"https:\/\/diarioregionaldigital.com.br\/index.php?rest_route=%2Fwp%2Fv2%2Ftags&post=192960"}],"curies":[{"name":"wp","href":"https:\/\/api.w.org\/{rel}","templated":true}]}}