{"id":192957,"date":"2021-12-28T20:03:05","date_gmt":"2021-12-28T23:03:05","guid":{"rendered":"https:\/\/diarioregionaldigital.com.br\/?p=192957"},"modified":"2021-12-28T20:03:05","modified_gmt":"2021-12-28T23:03:05","slug":"prefeitura-realiza-pagamento-dos-servidores-nesta-quinta-feira-30","status":"publish","type":"post","link":"https:\/\/diarioregionaldigital.com.br\/?p=192957","title":{"rendered":"Prefeitura realiza pagamento dos servidores nesta quinta-feira, 30"},"content":{"rendered":"<p>Segundo informa\u00e7\u00f5es do site da Prefeitura de Juiz de Fora, o pagamento dos servidores da Prefeitura de Juiz de Fora (PJF), referente ao m\u00eas de dezembro, ser\u00e1 realizado nesta quinta-feira, 30. A data do pagamento foi definida pelas secretarias de Recursos Humanos e da Fazenda. O contracheque estar\u00e1 dispon\u00edvel para os servidores a partir desta quarta-feira, 29.<\/p>\n","protected":false},"excerpt":{"rendered":"<p>Segundo informa\u00e7\u00f5es do site da Prefeitura de Juiz de Fora, o pagamento dos servidores da Prefeitura de Juiz de Fora (PJF), referente ao m\u00eas de dezembro, ser\u00e1 realizado nesta quinta-feira, 30. A data do pagamento foi definida pelas secretarias de Recursos Humanos e da Fazenda. O contracheque estar\u00e1 dispon\u00edvel para os servidores a partir desta [&hellip;]<\/p>\n","protected":false},"author":246,"featured_media":192958,"comment_status":"closed","ping_status":"closed","sticky":false,"template":"","format":"standard","meta":{"footnotes":""},"categories":[253,436,439],"tags":[],"class_list":["post-192957","post","type-post","status-publish","format-standard","has-post-thumbnail","hentry","category-cidade","category-destaque-da-semana","category-ultima-hora"],"_links":{"self":[{"href":"https:\/\/diarioregionaldigital.com.br\/index.php?rest_route=\/wp\/v2\/posts\/192957","targetHints":{"allow":["GET"]}}],"collection":[{"href":"https:\/\/diarioregionaldigital.com.br\/index.php?rest_route=\/wp\/v2\/posts"}],"about":[{"href":"https:\/\/diarioregionaldigital.com.br\/index.php?rest_route=\/wp\/v2\/types\/post"}],"author":[{"embeddable":true,"href":"https:\/\/diarioregionaldigital.com.br\/index.php?rest_route=\/wp\/v2\/users\/246"}],"replies":[{"embeddable":true,"href":"https:\/\/diarioregionaldigital.com.br\/index.php?rest_route=%2Fwp%2Fv2%2Fcomments&post=192957"}],"version-history":[{"count":1,"href":"https:\/\/diarioregionaldigital.com.br\/index.php?rest_route=\/wp\/v2\/posts\/192957\/revisions"}],"predecessor-version":[{"id":192959,"href":"https:\/\/diarioregionaldigital.com.br\/index.php?rest_route=\/wp\/v2\/posts\/192957\/revisions\/192959"}],"wp:featuredmedia":[{"embeddable":true,"href":"https:\/\/diarioregionaldigital.com.br\/index.php?rest_route=\/wp\/v2\/media\/192958"}],"wp:attachment":[{"href":"https:\/\/diarioregionaldigital.com.br\/index.php?rest_route=%2Fwp%2Fv2%2Fmedia&parent=192957"}],"wp:term":[{"taxonomy":"category","embeddable":true,"href":"https:\/\/diarioregionaldigital.com.br\/index.php?rest_route=%2Fwp%2Fv2%2Fcategories&post=192957"},{"taxonomy":"post_tag","embeddable":true,"href":"https:\/\/diarioregionaldigital.com.br\/index.php?rest_route=%2Fwp%2Fv2%2Ftags&post=192957"}],"curies":[{"name":"wp","href":"https:\/\/api.w.org\/{rel}","templated":true}]}}