{"id":192954,"date":"2021-12-28T20:00:06","date_gmt":"2021-12-28T23:00:06","guid":{"rendered":"https:\/\/diarioregionaldigital.com.br\/?p=192954"},"modified":"2021-12-28T20:00:06","modified_gmt":"2021-12-28T23:00:06","slug":"juiz-de-fora-atinge-a-marca-de-um-milhao-de-vacinas-aplicadas-contra-a-covid-19","status":"publish","type":"post","link":"https:\/\/diarioregionaldigital.com.br\/?p=192954","title":{"rendered":"Juiz de Fora atinge a marca de um milh\u00e3o de vacinas aplicadas contra a Covid-19"},"content":{"rendered":"<p>Juiz de Fora ultrapassou um milh\u00e3o de vacinas aplicadas contra a Covid-19 nesta segunda-feira, 27. J\u00e1 s\u00e3o 1.001.828 doses de esperan\u00e7a e este n\u00famero expressivo \u00e9 fruto do sucesso de uma gest\u00e3o da sa\u00fade p\u00fablica que tem como prioridade defender a vida das pessoas por meio da ci\u00eancia, da valoriza\u00e7\u00e3o do Sistema \u00fanico de Sa\u00fade (SUS) e do trabalho de seus profissionais. Com organiza\u00e7\u00e3o log\u00edstica de diversas secretarias da Prefeitura de Juiz de Fora (PJF) e grande esfor\u00e7o de centenas de pessoas, entre profissionais da sa\u00fade, servidores de diversos setores e volunt\u00e1rios, a prote\u00e7\u00e3o da vacina p\u00f4de ser levada a tantos juiz-foranos.<\/p>\n<p><span style=\"font-weight: 400;\">Segundo informa\u00e7\u00f5es do site da Prefeitura de Juiz de Fora, a<\/span> campanha foi iniciada em 20 de janeiro deste ano, quando 47 vacinadores receberam as primeiras doses aplicadas no munic\u00edpio para que, posteriormente, pudessem iniciar a imuniza\u00e7\u00e3o dos profissionais de sa\u00fade que, naquele momento, trabalhavam na linha de frente. A partir da\u00ed, diversos grupos priorit\u00e1rios e a popula\u00e7\u00e3o em geral foi vacinada e, atualmente, todos os adolescentes a partir de 12 anos podem receber o imunizante, dispon\u00edvel tamb\u00e9m para segundas doses e de refor\u00e7o vacinal. Soma-se a isso a prepara\u00e7\u00e3o para levar a prote\u00e7\u00e3o da vacina \u00e0s crian\u00e7as, assim que poss\u00edvel.<\/p>\n<p>A prefeita Margarida Salom\u00e3o lembra da import\u00e2ncia do esfor\u00e7o e organiza\u00e7\u00e3o da PJF, entretanto, ressalta que a alta ades\u00e3o da popula\u00e7\u00e3o juiz-forana \u00e0 vacina \u00e9 um fator primordial para que tenhamos \u00edndices t\u00e3o bons e sigamos progredindo. &#8220;Juiz de Fora escolheu o lado da vida. A Prefeitura trabalhou muito para que a campanha de vacina\u00e7\u00e3o fosse o sucesso que \u00e9. Mas nada seria poss\u00edvel sem o protagonismo de nossa popula\u00e7\u00e3o, que abra\u00e7ou a causa da vacina. \u00c9 para nosso povo que todos os cumprimentos devem ser dirigidos. Viva Juiz de Fora!&#8221;<\/p>\n<p>Considerada como uma das campanhas de vacina\u00e7\u00e3o contra a Covid-19 mais bem-sucedidas e consolidando-se acima das m\u00e9dias nacional e estadual, tanto na aplica\u00e7\u00e3o de primeiras quanto de segundas doses, a campanha de imuniza\u00e7\u00e3o contra a Covid-19, realizada pela Secretaria de Sa\u00fade (SS) da PJF, se aproxima de 90% da popula\u00e7\u00e3o de Juiz de Fora com ao menos a uma dose recebida e de 80% com a 2\u00aa dose. S\u00e3o 464.399 pessoas com a dose inicial, sendo que 419.409 j\u00e1 tomaram a segunda, al\u00e9m das 118.020 pessoas que j\u00e1 tiveram acesso \u00e0 vacina de refor\u00e7o. No momento, o complemento do esquema vacinal, atrav\u00e9s da aplica\u00e7\u00e3o da segunda dose e do refor\u00e7o, \u00e9 o foco da campanha. Cerca de 5 mil pessoas t\u00eam recebido vacinas diariamente, sendo que a maior parte delas tem buscado pela dose de refor\u00e7o.<\/p>\n<p>A secret\u00e1ria de Sa\u00fade, Ana Pimentel, ressalta que s\u00f3 foram poss\u00edveis estes resultados positivos gra\u00e7as ao Sistema \u00fanico de Sa\u00fade (SUS), \u00e0 Ci\u00eancia e ao esfor\u00e7o de tantas pessoas envolvidas direta ou indiretamente na campanha de imuniza\u00e7\u00e3o. \u201cChegar a este n\u00famero de doses aplicadas e pessoas alcan\u00e7adas \u00e9 resultado do trabalho e do compromisso dos servidores p\u00fablicos, do SUS e da Ci\u00eancia, que possibilitou a exist\u00eancia da vacina. Foi um ano de muito trabalho, de muito esfor\u00e7o, e o efeito principal disso \u00e9 que hoje as nossas taxas de ocupa\u00e7\u00e3o de leitos est\u00e3o baixas. Agora, queremos seguir avan\u00e7ando e, por isso, chamamos toda a popula\u00e7\u00e3o para que tome a dose de refor\u00e7o. A vacina salva vidas e precisamos de todos para superar definitivamente a pandemia.&#8221;<\/p>\n<p>Envolvido diretamente na campanha contra a Covid-19 desde o come\u00e7o, o subsecret\u00e1rio de Vigil\u00e2ncia em Sa\u00fade, Jonathan Ferreira, tamb\u00e9m agradece aos que trabalharam para que o sucesso da vacina\u00e7\u00e3o em Juiz de Fora fosse poss\u00edvel. \u201cChegar a um milh\u00e3o de doses aplicadas \u00e9 um feito hist\u00f3rico, que \u00e9 fruto do esfor\u00e7o coletivo para a promo\u00e7\u00e3o da sa\u00fade. Em um cen\u00e1rio at\u00edpico e desfavor\u00e1vel, a Prefeitura mostrou sua for\u00e7a de trabalho e seu compromisso com a popula\u00e7\u00e3o, levando a um milh\u00e3o de doses aos bra\u00e7os dos mun\u00edcipes. Contamos com apoio de servidores, volunt\u00e1rios, trabalhadores e estudantes da \u00e1rea de sa\u00fade. A eles, nosso muito obrigado.\u201d<\/p>\n<p>A supervisora do Setor de Imuniza\u00e7\u00f5es, Marcilene Chaves, comemora mais esta marca do combate \u00e0 pandemia em Juiz de Fora e as mudan\u00e7as que o avan\u00e7o na vacina\u00e7\u00e3o j\u00e1 trouxe. \u201cComo resultado da alta cobertura vacinal que temos em Juiz de Fora das pessoas a partir de 12 anos, as taxas de contamina\u00e7\u00e3o ca\u00edram e, aos poucos, diversas atividades puderam voltar de forma segura, como o caso das aulas das crian\u00e7as. Inclusive, j\u00e1 nos preparamos para realizar a vacina\u00e7\u00e3o dessas crian\u00e7as assim que for liberado. Estamos vivendo um momento bem melhor que no mesmo per\u00edodo do ano passado e isso acontece gra\u00e7as ao SUS, gra\u00e7as \u00e0 Ci\u00eancia e gra\u00e7as \u00e0 vacina\u00e7\u00e3o, que est\u00e1 nos permitindo reverter esta hist\u00f3ria. Essa marca de um milh\u00e3o de doses \u00e9 para ser celebrada e mostra o qu\u00e3o mais seguros estamos com tantas pessoas sendo vacinadas. N\u00f3s, que desde os primeiros momentos estamos diretamente envolvidos neste trabalho, ficamos com uma sensa\u00e7\u00e3o muito boa ao ver estes resultados, o que nos d\u00e1 ainda mais for\u00e7a para seguir em frente.\u201d<\/p>\n<p><strong>Campanha de vacina\u00e7\u00e3o feita para todas e todos<\/strong><\/p>\n<p>Com o objetivo de levar a vacina para perto das pessoas e pensando nas especificidades de cada um dos diversos p\u00fablicos a serem imunizados, a PJF utilizou 46 UBSs da zona urbana como pontos de vacina\u00e7\u00e3o, al\u00e9m de periodicamente aplicar vacinas nas unidades da zona rural. Grandes pontos de vacina\u00e7\u00e3o deram importante suporte atrav\u00e9s de parcerias, como com o Sport Club Juiz de Fora, onde mais de 200 mil vacinas foram aplicadas; C\u00edrculo Militar; RU da UFJF, Sesc JF; al\u00e9m de pr\u00e9dios utilizados pela Prefeitura, como o Pam Marechal e, atualmente, o Espa\u00e7o Cidade, entre outros locais que auxiliaram ao longo deste ano.<\/p>\n<p>Sempre buscando que a vacina chegue a todas e todos da melhor e mais breve forma poss\u00edvel, a aplica\u00e7\u00e3o tamb\u00e9m aconteceu em locais voltados \u00e0 p\u00fablicos espec\u00edficos, como nas Institui\u00e7\u00f5es de Longa Perman\u00eancia para Idosos (ILPIs), na Associa\u00e7\u00e3o de Livre Apoio ao Excepcional (Alae), no Departamento de Sa\u00fade do Idoso (DSI), entre outros. Al\u00e9m disso, foi realizada a imuniza\u00e7\u00e3o de acamados com nossas equipes indo at\u00e9 as suas resid\u00eancias, de pessoas privadas de liberdade nos pres\u00eddios do munic\u00edpios e de pessoas em situa\u00e7\u00e3o de rua, atrav\u00e9s da equipe do Consult\u00f3rio na Rua.<\/p>\n<p>Realizar a vacina\u00e7\u00e3o em hor\u00e1rios diversos ao longo da semana, incluindo no come\u00e7o da noite, e tamb\u00e9m aos s\u00e1bados foram algumas das a\u00e7\u00f5es da SS\/PJF para facilitar o acesso das pessoas que n\u00e3o conseguem ser vacinadas ao longo do expediente de trabalho e dar para dar acesso aos imunizantes para os mais diversos grupos. A vacina\u00e7\u00e3o no drive-thru da UFJF, que possibilita que as pessoas possam aguardar na fila e serem vacinadas dentro dos seus carros, facilitando a imuniza\u00e7\u00e3o daqueles que t\u00eam problemas de mobilidade, \u00e9 fruto da mais uma bem-sucedida parceria da PJF com a Universidade.<\/p>\n<p><strong>Avan\u00e7o de vacina\u00e7\u00e3o e manuten\u00e7\u00e3o dos demais cuidados fazem casos e \u00f3bitos diminu\u00edrem\u00a0<\/strong><\/p>\n<p>Os n\u00fameros de casos de contamina\u00e7\u00e3o por Covid-19, de casos graves da doen\u00e7as, e das interna\u00e7\u00f5es decorrentes do v\u00edrus t\u00eam ca\u00eddo de maneira constante nos \u00faltimos meses e, segundo dados da Vigil\u00e2ncia Epidemiol\u00f3gica e Ambiental, Juiz de Fora felizmente n\u00e3o tem nenhuma notifica\u00e7\u00e3o de \u00f3bito causado pelo v\u00edrus desde o dia 9 de dezembro. Os n\u00fameros s\u00e3o animadores s\u00e3o frutos da vacina\u00e7\u00e3o e dos cuidados, por isso devemos seguir avan\u00e7ando na imuniza\u00e7\u00e3o e manter os cuidados b\u00e1sicos, como o uso correto de m\u00e1scaras, higieniza\u00e7\u00e3o das m\u00e3os e distanciamento social, para que desta forma possamos voltar \u00e0 normalidade o mais breve poss\u00edvel.<\/p>\n<p><strong>Transpar\u00eancia e informa\u00e7\u00e3o \u00e0 popula\u00e7\u00e3o<\/strong><\/p>\n<p>Os dados atualizados da vacina\u00e7\u00e3o s\u00e3o divulgados diariamente nas redes sociais e no site da PJF pelo\u00a0<a href=\"https:\/\/covid19.pjf.mg.gov.br\/vacinometro.php\"><strong>vacin\u00f4metro<\/strong><\/a>. Diariamente, tamb\u00e9m s\u00e3o atualizadas as informa\u00e7\u00f5es sobre locais e hor\u00e1rios de vacina\u00e7\u00e3o, bem como o calend\u00e1rio dos p\u00fablicos que devem receber a dose naquele per\u00edodo. Mas se, ainda assim, houver d\u00favidas, h\u00e1 o atendimento no whatsapp voltado para a popula\u00e7\u00e3o tirar d\u00favidas gerais sobre a vacina\u00e7\u00e3o contra a Covid-19, pelo n\u00famero 3690-7389<\/p>\n","protected":false},"excerpt":{"rendered":"<p>Juiz de Fora ultrapassou um milh\u00e3o de vacinas aplicadas contra a Covid-19 nesta segunda-feira, 27. J\u00e1 s\u00e3o 1.001.828 doses de esperan\u00e7a e este n\u00famero expressivo \u00e9 fruto do sucesso de uma gest\u00e3o da sa\u00fade p\u00fablica que tem como prioridade defender a vida das pessoas por meio da ci\u00eancia, da valoriza\u00e7\u00e3o do Sistema \u00fanico de Sa\u00fade [&hellip;]<\/p>\n","protected":false},"author":246,"featured_media":192955,"comment_status":"closed","ping_status":"closed","sticky":false,"template":"","format":"standard","meta":{"footnotes":""},"categories":[253,436,440,439],"tags":[],"class_list":["post-192954","post","type-post","status-publish","format-standard","has-post-thumbnail","hentry","category-cidade","category-destaque-da-semana","category-destaques-do-dia","category-ultima-hora"],"_links":{"self":[{"href":"https:\/\/diarioregionaldigital.com.br\/index.php?rest_route=\/wp\/v2\/posts\/192954","targetHints":{"allow":["GET"]}}],"collection":[{"href":"https:\/\/diarioregionaldigital.com.br\/index.php?rest_route=\/wp\/v2\/posts"}],"about":[{"href":"https:\/\/diarioregionaldigital.com.br\/index.php?rest_route=\/wp\/v2\/types\/post"}],"author":[{"embeddable":true,"href":"https:\/\/diarioregionaldigital.com.br\/index.php?rest_route=\/wp\/v2\/users\/246"}],"replies":[{"embeddable":true,"href":"https:\/\/diarioregionaldigital.com.br\/index.php?rest_route=%2Fwp%2Fv2%2Fcomments&post=192954"}],"version-history":[{"count":1,"href":"https:\/\/diarioregionaldigital.com.br\/index.php?rest_route=\/wp\/v2\/posts\/192954\/revisions"}],"predecessor-version":[{"id":192956,"href":"https:\/\/diarioregionaldigital.com.br\/index.php?rest_route=\/wp\/v2\/posts\/192954\/revisions\/192956"}],"wp:featuredmedia":[{"embeddable":true,"href":"https:\/\/diarioregionaldigital.com.br\/index.php?rest_route=\/wp\/v2\/media\/192955"}],"wp:attachment":[{"href":"https:\/\/diarioregionaldigital.com.br\/index.php?rest_route=%2Fwp%2Fv2%2Fmedia&parent=192954"}],"wp:term":[{"taxonomy":"category","embeddable":true,"href":"https:\/\/diarioregionaldigital.com.br\/index.php?rest_route=%2Fwp%2Fv2%2Fcategories&post=192954"},{"taxonomy":"post_tag","embeddable":true,"href":"https:\/\/diarioregionaldigital.com.br\/index.php?rest_route=%2Fwp%2Fv2%2Ftags&post=192954"}],"curies":[{"name":"wp","href":"https:\/\/api.w.org\/{rel}","templated":true}]}}