{"id":192951,"date":"2021-12-28T19:54:30","date_gmt":"2021-12-28T22:54:30","guid":{"rendered":"https:\/\/diarioregionaldigital.com.br\/?p=192951"},"modified":"2021-12-28T19:54:30","modified_gmt":"2021-12-28T22:54:30","slug":"alegando-questoes-familiares-cuca-deixa-o-comando-do-atletico-mg","status":"publish","type":"post","link":"https:\/\/diarioregionaldigital.com.br\/?p=192951","title":{"rendered":"Alegando quest\u00f5es familiares, Cuca deixa o comando do Atl\u00e9tico-MG"},"content":{"rendered":"<p>O Atl\u00e9tico-MG informou nesta ter\u00e7a-feira (28) pela manh\u00e3 a sa\u00edda de Cuca. Campe\u00e3o mineiro, Brasileiro e da Copa do Brasil a frente do Galo, o t\u00e9cnico se reuniu com dirigentes do clube na segunda-feira (27) \u00e0 tarde, de forma virtual, e alegou &#8220;motivos pessoais, de ordem familiar&#8221; para deixar o comando da equipe, segundo a nota oficial divulgada pelo Alvinegro.<img decoding=\"async\" src=\"https:\/\/agenciabrasil.ebc.com.br\/ebc.png?id=1434204&amp;o=node\" \/><img decoding=\"async\" src=\"https:\/\/agenciabrasil.ebc.com.br\/ebc.gif?id=1434204&amp;o=node\" \/><\/p>\n<p>Conforme o comunicado, o Atl\u00e9tico lamentou a decis\u00e3o, pois &#8220;contava com o treinador no seu planejamento para o pr\u00f3ximo ano&#8221;. A nota destaca, ainda, que o t\u00e9cnico afirmou que &#8220;n\u00e3o iria trabalhar em nenhum outro clube em 2022, para se dedicar unicamente \u00e0s quest\u00f5es familiares&#8221;.<\/p>\n<p>Cuca finalizou a segunda passagem pelo Atl\u00e9tico com 74,17% de aproveitamento. Contratado em mar\u00e7o para substituir Jorge Sampaoli, que foi para o Olympique de Marselha (Fran\u00e7a), o t\u00e9cnico comandou o Galo em 71 partidas, com 48 vit\u00f3rias, 14 empates e nove derrotas. Na primeira vez que dirigiu o Alvinegro, entre agosto de 2011 e dezembro de 2013, o treinador levou o clube ao t\u00edtulo da Libertadores.<\/p>\n<h2>Jesus livre no mercado<\/h2>\n<p>Simultaneamente \u00e0 sa\u00edda de Cuca, o Benfica (Portugal) anunciou a rescis\u00e3o de contrato com Jorge Jesus &#8220;por m\u00fatuo acordo&#8221;. O t\u00e9cnico &#8211; que fica dispon\u00edvel no mercado, inclusive na mira do pr\u00f3prio Atl\u00e9tico &#8211; estava em baixa no clube portugu\u00eas, apesar da classifica\u00e7\u00e3o \u00e0s oitavas de final da Liga dos Campe\u00f5es, com a demiss\u00e3o pedida por parte da torcida, insatisfeita com o n\u00edvel de atua\u00e7\u00e3o, especialmente nos jogos contra Sporting e Porto.<\/p>\n<p>Jesus era o principal alvo do Flamengo desde que Renato Portaluppi deixou a G\u00e1vea, em novembro, ap\u00f3s perder a Libertadores para o Palmeiras. O Rubro-Negro enviou dirigentes a Portugal para negociar o retorno do t\u00e9cnico campe\u00e3o nacional e da Am\u00e9rica em 2019, mas a inten\u00e7\u00e3o &#8211; publicamente, ao menos &#8211; do treinador de cumprir o contrato com o Benfica e da equipe encarnada de mant\u00ea-lo, apesar das cr\u00edticas, fez com que os cariocas procurassem outro comandante portugu\u00eas: Paulo Sousa, atualmente \u00e0 frente da sele\u00e7\u00e3o da Pol\u00f4nia.<\/p>\n<h2>Luxa fora do Cruzeiro<\/h2>\n<p>Outra agremia\u00e7\u00e3o a comunicar mudan\u00e7as na comiss\u00e3o t\u00e9cnica nesta ter\u00e7a foi o Cruzeiro, que demitiu Vanderlei Luxemburgo. Em nota oficial, a Raposa justificou a decis\u00e3o &#8220;para adequar as contas \u00e0 realidade or\u00e7ament\u00e1ria do clube&#8221;, que vive uma transi\u00e7\u00e3o ap\u00f3s o ex-atacante Ronaldo Fen\u00f4meno adquirir 90% das a\u00e7\u00f5es da Sociedade An\u00f4nima do Futebol (SAF) celeste.<\/p>\n<p>Luxemburgo tinha renovado contrato com o Cruzeiro at\u00e9 2023, mas antes da compra das a\u00e7\u00f5es da SAF do clube por Ronaldo. Com isso, o t\u00e9cnico finaliza a terceira passagem pela Toca da Raposa com oito vit\u00f3rias, 11 empates e quatro derrotas em 23 jogos. A equipe celeste encerrou a S\u00e9rie B do Campeonato Brasileiro na 14\u00aa posi\u00e7\u00e3o, com 48 pontos, cinco a frente do Remo (primeiro time na zona de rebaixamento \u00e0 S\u00e9rie C) e 16 atr\u00e1s do Ava\u00ed (quarto colocado e \u00faltimo a conquistar acesso \u00e0 primeira divis\u00e3o).<\/p>\n<p><span style=\"font-weight: 400;\"><br \/>\n<\/span><span style=\"font-weight: 400;\">Fonte: Ag\u00eancia Brasil <\/span><\/p>\n","protected":false},"excerpt":{"rendered":"<p>O Atl\u00e9tico-MG informou nesta ter\u00e7a-feira (28) pela manh\u00e3 a sa\u00edda de Cuca. Campe\u00e3o mineiro, Brasileiro e da Copa do Brasil a frente do Galo, o t\u00e9cnico se reuniu com dirigentes do clube na segunda-feira (27) \u00e0 tarde, de forma virtual, e alegou &#8220;motivos pessoais, de ordem familiar&#8221; para deixar o comando da equipe, segundo a [&hellip;]<\/p>\n","protected":false},"author":246,"featured_media":192952,"comment_status":"closed","ping_status":"closed","sticky":false,"template":"","format":"standard","meta":{"footnotes":""},"categories":[436,257,439],"tags":[],"class_list":["post-192951","post","type-post","status-publish","format-standard","has-post-thumbnail","hentry","category-destaque-da-semana","category-esporte","category-ultima-hora"],"_links":{"self":[{"href":"https:\/\/diarioregionaldigital.com.br\/index.php?rest_route=\/wp\/v2\/posts\/192951","targetHints":{"allow":["GET"]}}],"collection":[{"href":"https:\/\/diarioregionaldigital.com.br\/index.php?rest_route=\/wp\/v2\/posts"}],"about":[{"href":"https:\/\/diarioregionaldigital.com.br\/index.php?rest_route=\/wp\/v2\/types\/post"}],"author":[{"embeddable":true,"href":"https:\/\/diarioregionaldigital.com.br\/index.php?rest_route=\/wp\/v2\/users\/246"}],"replies":[{"embeddable":true,"href":"https:\/\/diarioregionaldigital.com.br\/index.php?rest_route=%2Fwp%2Fv2%2Fcomments&post=192951"}],"version-history":[{"count":1,"href":"https:\/\/diarioregionaldigital.com.br\/index.php?rest_route=\/wp\/v2\/posts\/192951\/revisions"}],"predecessor-version":[{"id":192953,"href":"https:\/\/diarioregionaldigital.com.br\/index.php?rest_route=\/wp\/v2\/posts\/192951\/revisions\/192953"}],"wp:featuredmedia":[{"embeddable":true,"href":"https:\/\/diarioregionaldigital.com.br\/index.php?rest_route=\/wp\/v2\/media\/192952"}],"wp:attachment":[{"href":"https:\/\/diarioregionaldigital.com.br\/index.php?rest_route=%2Fwp%2Fv2%2Fmedia&parent=192951"}],"wp:term":[{"taxonomy":"category","embeddable":true,"href":"https:\/\/diarioregionaldigital.com.br\/index.php?rest_route=%2Fwp%2Fv2%2Fcategories&post=192951"},{"taxonomy":"post_tag","embeddable":true,"href":"https:\/\/diarioregionaldigital.com.br\/index.php?rest_route=%2Fwp%2Fv2%2Ftags&post=192951"}],"curies":[{"name":"wp","href":"https:\/\/api.w.org\/{rel}","templated":true}]}}