{"id":192948,"date":"2021-12-28T19:52:11","date_gmt":"2021-12-28T22:52:11","guid":{"rendered":"https:\/\/diarioregionaldigital.com.br\/?p=192948"},"modified":"2021-12-28T19:52:11","modified_gmt":"2021-12-28T22:52:11","slug":"artilheira-do-brasileiro-feminino-bia-zaneratto-retorna-ao-palmeiras","status":"publish","type":"post","link":"https:\/\/diarioregionaldigital.com.br\/?p=192948","title":{"rendered":"Artilheira do Brasileiro Feminino, Bia Zaneratto retorna ao Palmeiras"},"content":{"rendered":"<p>Artilheira do \u00faltimo Campeonato Brasileiro Feminino e eleita a craque da competi\u00e7\u00e3o, Bia Zaneratto est\u00e1 de volta ao Palmeiras. A atacante de 28 anos foi anunciada nesta segunda-feira (27) como refor\u00e7o das Palestrinas para 2022. Ap\u00f3s duas passagens por empr\u00e9stimo, cedida pelo Wuhan Xinjiyuan (China), a jogadora, desta vez, foi contratada em definitivo.<img decoding=\"async\" src=\"https:\/\/agenciabrasil.ebc.com.br\/ebc.png?id=1434080&amp;o=node\" \/><img decoding=\"async\" src=\"https:\/\/agenciabrasil.ebc.com.br\/ebc.gif?id=1434080&amp;o=node\" \/><\/p>\n<p>A primeira passagem de Bia foi em 2020, cedida pelo Wuhan devido \u00e0 paralisa\u00e7\u00e3o das competi\u00e7\u00f5es na China, em decorr\u00eancia da pandemia de covid-19. A Imperatriz conseguiu atuar apenas duas vezes, marcando dois gols, antes da interrup\u00e7\u00e3o do Brasileiro, tamb\u00e9m devido \u00e0 crise sanit\u00e1ria.<\/p>\n<p>Ela retornou em 2021 e participou de 15 jogos na temporada, fazendo 13 gols e dando oito assist\u00eancias. Apesar de ter voltado \u00e0 \u00c1sia ap\u00f3s a Olimp\u00edada de T\u00f3quio (Jap\u00e3o) e antes do mata-mata do Brasileiro, a atacante terminou a competi\u00e7\u00e3o nacional como artilheira e melhor jogadora. O clube alviverde concluiu o torneio como vice-campe\u00e3o, superado pelo Corinthians na final.<\/p>\n<p>&#8220;Estou muito motivada e feliz por retornar. Agrade\u00e7o todo o carinho da torcida nas redes sociais. O meu objetivo \u00e9 retornar ao Palmeiras e conquistar t\u00edtulos junto \u00e0s minhas companheiras&#8221;, disse Bia, em entrevista ao\u00a0<em>site<\/em>\u00a0do Verd\u00e3o.<\/p>\n<p>Tamb\u00e9m nesta segunda, o Palmeiras anunciou a renova\u00e7\u00e3o do contrato de oito jogadoras: a zagueira Thais, as laterais Bruna Calderan e Katrine, as meias Ary Borges, Camilinha e Duda e as atacantes Ottilia e Ch\u00fa est\u00e3o confirmadas no time de 2022. Na semana passada, o clube acertou a perman\u00eancia da zagueira e capit\u00e3 Agustina Barroso, da goleira Awanny, da zagueira Carolzinha, da lateral Manuela, da meia Ana Clara e da atacante Giovana.<\/p>\n<p><span style=\"font-weight: 400;\">Fonte: Ag\u00eancia Brasil <\/span><\/p>\n","protected":false},"excerpt":{"rendered":"<p>Artilheira do \u00faltimo Campeonato Brasileiro Feminino e eleita a craque da competi\u00e7\u00e3o, Bia Zaneratto est\u00e1 de volta ao Palmeiras. A atacante de 28 anos foi anunciada nesta segunda-feira (27) como refor\u00e7o das Palestrinas para 2022. Ap\u00f3s duas passagens por empr\u00e9stimo, cedida pelo Wuhan Xinjiyuan (China), a jogadora, desta vez, foi contratada em definitivo. A primeira [&hellip;]<\/p>\n","protected":false},"author":246,"featured_media":192949,"comment_status":"closed","ping_status":"closed","sticky":false,"template":"","format":"standard","meta":{"footnotes":""},"categories":[436,257,439],"tags":[],"class_list":["post-192948","post","type-post","status-publish","format-standard","has-post-thumbnail","hentry","category-destaque-da-semana","category-esporte","category-ultima-hora"],"_links":{"self":[{"href":"https:\/\/diarioregionaldigital.com.br\/index.php?rest_route=\/wp\/v2\/posts\/192948","targetHints":{"allow":["GET"]}}],"collection":[{"href":"https:\/\/diarioregionaldigital.com.br\/index.php?rest_route=\/wp\/v2\/posts"}],"about":[{"href":"https:\/\/diarioregionaldigital.com.br\/index.php?rest_route=\/wp\/v2\/types\/post"}],"author":[{"embeddable":true,"href":"https:\/\/diarioregionaldigital.com.br\/index.php?rest_route=\/wp\/v2\/users\/246"}],"replies":[{"embeddable":true,"href":"https:\/\/diarioregionaldigital.com.br\/index.php?rest_route=%2Fwp%2Fv2%2Fcomments&post=192948"}],"version-history":[{"count":1,"href":"https:\/\/diarioregionaldigital.com.br\/index.php?rest_route=\/wp\/v2\/posts\/192948\/revisions"}],"predecessor-version":[{"id":192950,"href":"https:\/\/diarioregionaldigital.com.br\/index.php?rest_route=\/wp\/v2\/posts\/192948\/revisions\/192950"}],"wp:featuredmedia":[{"embeddable":true,"href":"https:\/\/diarioregionaldigital.com.br\/index.php?rest_route=\/wp\/v2\/media\/192949"}],"wp:attachment":[{"href":"https:\/\/diarioregionaldigital.com.br\/index.php?rest_route=%2Fwp%2Fv2%2Fmedia&parent=192948"}],"wp:term":[{"taxonomy":"category","embeddable":true,"href":"https:\/\/diarioregionaldigital.com.br\/index.php?rest_route=%2Fwp%2Fv2%2Fcategories&post=192948"},{"taxonomy":"post_tag","embeddable":true,"href":"https:\/\/diarioregionaldigital.com.br\/index.php?rest_route=%2Fwp%2Fv2%2Ftags&post=192948"}],"curies":[{"name":"wp","href":"https:\/\/api.w.org\/{rel}","templated":true}]}}