{"id":192945,"date":"2021-12-28T19:50:11","date_gmt":"2021-12-28T22:50:11","guid":{"rendered":"https:\/\/diarioregionaldigital.com.br\/?p=192945"},"modified":"2021-12-28T19:50:11","modified_gmt":"2021-12-28T22:50:11","slug":"cbf-divulga-regulamento-e-calendario-da-copa-do-brasil-de-2022","status":"publish","type":"post","link":"https:\/\/diarioregionaldigital.com.br\/?p=192945","title":{"rendered":"CBF divulga regulamento e calend\u00e1rio da Copa do Brasil de 2022"},"content":{"rendered":"<p>A Confedera\u00e7\u00e3o Brasileira de Futebol (CBF) divulgou nesta segunda-feira (27) o regulamento e o calend\u00e1rio da Copa do Brasil de 2022. A entidade reservou os dias 23 e 24 de fevereiro para in\u00edcio da competi\u00e7\u00e3o. A partida de volta da final ser\u00e1 em 19 de outubro. O campe\u00e3o se garante na edi\u00e7\u00e3o de 2023 da Libertadores.<img decoding=\"async\" src=\"https:\/\/agenciabrasil.ebc.com.br\/ebc.png?id=1434075&amp;o=node\" \/><img decoding=\"async\" src=\"https:\/\/agenciabrasil.ebc.com.br\/ebc.gif?id=1434075&amp;o=node\" \/><\/p>\n<p>Os confrontos das duas fases iniciais ser\u00e3o disputados em jogo \u00fanico. Na primeira, que reunir\u00e1 80 clubes, o time pior colocado no\u00a0<em>ranking<\/em>\u00a0da CBF ser\u00e1 o anfitri\u00e3o, enquanto a equipe mais bem posicionada ter\u00e1 a vantagem do empate. Na segunda, os desempates ser\u00e3o nos p\u00eanaltis. A partir da terceira fase, os duelos ter\u00e3o partidas de ida e volta, tamb\u00e9m com decis\u00e3o por penalidades em caso de igualdade no placar agregado.<\/p>\n<p>Doze clubes ser\u00e3o somados aos 20 que alcan\u00e7arem a terceira fase: os nove representantes do pa\u00eds na Libertadores deste ano (Atl\u00e9tico-MG, Palmeiras, Flamengo, Fortaleza, Corinthians, Red Bull Bragantino, Fluminense, Am\u00e9rica-MG e Athletico-PR), os campe\u00f5es das Copas Verde (Remo) e do Nordeste (Bahia) e o vencedor da \u00faltima S\u00e9rie B (Botafogo).<\/p>\n<p>Os 26 estados brasileiros e o Distrito Federal estar\u00e3o presentes, com as vagas distribu\u00eddas conforme a posi\u00e7\u00e3o no\u00a0<em>ranking<\/em>\u00a0da CBF. As federa\u00e7\u00f5es de S\u00e3o Paulo e Rio de Janeiro, que encabe\u00e7am a lista, ter\u00e3o cinco representantes cada. Os clubes t\u00eam at\u00e9 4 de janeiro para confirmarem participa\u00e7\u00e3o no torneio.<\/p>\n<p>A Copa do Brasil \u00e9 realizada desde 1989 e tem o Cruzeiro como maior vencedor, com seis t\u00edtulos. O Atl\u00e9tico-MG \u00e9 o atual campe\u00e3o, com vit\u00f3ria sobre o Athletico-PR na final de 2021. Os valores de premia\u00e7\u00e3o da pr\u00f3xima edi\u00e7\u00e3o do torneio ainda n\u00e3o foram divulgados.<\/p>\n<h2>Datas da Copa do Brasil<\/h2>\n<p>Primeira fase: 23\/02, 24\/02, 02\/03 e 03\/03<\/p>\n<p>Segunda fase: 09\/03, 10\/03, 16\/03 e 17\/03<\/p>\n<p>Terceira fase: 20\/04 e 21\/04; 11\/05 e 12\/05<\/p>\n<p>Oitavas de final: 22\/06, 23\/06, 13\/07 e 14\/07<\/p>\n<p>Quartas de final: 27\/07, 28\/07 e 17\/08 e 18\/08<\/p>\n<p>Semifinais: 24\/08 e 14\/09<\/p>\n<p>Final: 12\/10 e 19\/10<\/p>\n<p><span style=\"font-weight: 400;\">Fonte: Ag\u00eancia Brasil <\/span><\/p>\n","protected":false},"excerpt":{"rendered":"<p>A Confedera\u00e7\u00e3o Brasileira de Futebol (CBF) divulgou nesta segunda-feira (27) o regulamento e o calend\u00e1rio da Copa do Brasil de 2022. A entidade reservou os dias 23 e 24 de fevereiro para in\u00edcio da competi\u00e7\u00e3o. A partida de volta da final ser\u00e1 em 19 de outubro. O campe\u00e3o se garante na edi\u00e7\u00e3o de 2023 da [&hellip;]<\/p>\n","protected":false},"author":246,"featured_media":192946,"comment_status":"closed","ping_status":"closed","sticky":false,"template":"","format":"standard","meta":{"footnotes":""},"categories":[436,257,439],"tags":[],"class_list":["post-192945","post","type-post","status-publish","format-standard","has-post-thumbnail","hentry","category-destaque-da-semana","category-esporte","category-ultima-hora"],"_links":{"self":[{"href":"https:\/\/diarioregionaldigital.com.br\/index.php?rest_route=\/wp\/v2\/posts\/192945","targetHints":{"allow":["GET"]}}],"collection":[{"href":"https:\/\/diarioregionaldigital.com.br\/index.php?rest_route=\/wp\/v2\/posts"}],"about":[{"href":"https:\/\/diarioregionaldigital.com.br\/index.php?rest_route=\/wp\/v2\/types\/post"}],"author":[{"embeddable":true,"href":"https:\/\/diarioregionaldigital.com.br\/index.php?rest_route=\/wp\/v2\/users\/246"}],"replies":[{"embeddable":true,"href":"https:\/\/diarioregionaldigital.com.br\/index.php?rest_route=%2Fwp%2Fv2%2Fcomments&post=192945"}],"version-history":[{"count":1,"href":"https:\/\/diarioregionaldigital.com.br\/index.php?rest_route=\/wp\/v2\/posts\/192945\/revisions"}],"predecessor-version":[{"id":192947,"href":"https:\/\/diarioregionaldigital.com.br\/index.php?rest_route=\/wp\/v2\/posts\/192945\/revisions\/192947"}],"wp:featuredmedia":[{"embeddable":true,"href":"https:\/\/diarioregionaldigital.com.br\/index.php?rest_route=\/wp\/v2\/media\/192946"}],"wp:attachment":[{"href":"https:\/\/diarioregionaldigital.com.br\/index.php?rest_route=%2Fwp%2Fv2%2Fmedia&parent=192945"}],"wp:term":[{"taxonomy":"category","embeddable":true,"href":"https:\/\/diarioregionaldigital.com.br\/index.php?rest_route=%2Fwp%2Fv2%2Fcategories&post=192945"},{"taxonomy":"post_tag","embeddable":true,"href":"https:\/\/diarioregionaldigital.com.br\/index.php?rest_route=%2Fwp%2Fv2%2Ftags&post=192945"}],"curies":[{"name":"wp","href":"https:\/\/api.w.org\/{rel}","templated":true}]}}