{"id":192942,"date":"2021-12-28T19:47:49","date_gmt":"2021-12-28T22:47:49","guid":{"rendered":"https:\/\/diarioregionaldigital.com.br\/?p=192942"},"modified":"2021-12-28T19:47:49","modified_gmt":"2021-12-28T22:47:49","slug":"alexander-zverev-espera-mudanca-de-geracao-no-tenis-masculino-em-2022","status":"publish","type":"post","link":"https:\/\/diarioregionaldigital.com.br\/?p=192942","title":{"rendered":"Alexander Zverev espera mudan\u00e7a de gera\u00e7\u00e3o no t\u00eanis masculino em 2022"},"content":{"rendered":"<p>O campe\u00e3o ol\u00edmpico Alexander Zverev est\u00e1 confiante de que uma troca de guarda est\u00e1 quase conclu\u00edda no t\u00eanis masculino e que os trof\u00e9us do ano que vem provavelmente ser\u00e3o divididos entre Novak Djokovic, Daniil Medvedev e ele mesmo.<img decoding=\"async\" src=\"https:\/\/agenciabrasil.ebc.com.br\/ebc.png?id=1433984&amp;o=node\" \/><img decoding=\"async\" src=\"https:\/\/agenciabrasil.ebc.com.br\/ebc.gif?id=1433984&amp;o=node\" \/><\/p>\n<p>O alem\u00e3o derrotou Djokovic e conquistou o ouro ol\u00edmpico e terminou o ano com o t\u00edtulo do ATP Finals pela segunda vez.<\/p>\n<p>Djokovic levou tr\u00eas t\u00edtulos de Grand Slam neste ano, mas os velhos rivais Rafael Nadal e Roger Federer n\u00e3o conseguiram aumentar suas cole\u00e7\u00f5es e o trio est\u00e1 empatado com 20 trof\u00e9us de Grand Slam cada.<\/p>\n<p>N\u00famero dois do mundo, Medvedev derrotou Djokovic na final do US Open, enquanto Zverev chegou a duas semifinais de Grand Slam em 2020.<\/p>\n<p>Pr\u00f3ximo da pr\u00f3xima temporada, Federer, de 40 anos, ainda se recupera de uma cirurgia no joelho, enquanto Nadal, de 35 anos, est\u00e1 nos est\u00e1gios iniciais de recupera\u00e7\u00e3o de uma les\u00e3o no p\u00e9.<\/p>\n<p>\u201cAcho que o ano que vem pode ser muito semelhante aos \u00faltimos seis meses deste ano\u201d, declarou Zverev, eleito esportista alem\u00e3o do ano nesta semana, ao podcast\u00a0<em>Das Gelbe vom Ball<\/em>\u00a0da rede\u00a0<em>Eurosport<\/em>.<\/p>\n<p>\u201cAntes, sempre se falava de Nadal, Federer e Djokovic. Agora, os grandes t\u00edtulos foram a Olimp\u00edada, o US Open, Turim [ATP Finals] e Wimbledon, e todos eles foram vencidos por Medvedev, Djokovic e eu. N\u00e3o espero que seja nada diferente no ano que vem\u201d, afirmou.<\/p>\n<p>Zverev encerrou o ano como terceiro do ranking e acredita que a primeira posi\u00e7\u00e3o \u00e9 uma meta vi\u00e1vel.<\/p>\n<p><span style=\"font-weight: 400;\"><br \/>\n<\/span><span style=\"font-weight: 400;\">Fonte: Ag\u00eancia Brasil\u00a0<\/span><span style=\"font-weight: 400;\"><br \/>\n<\/span><\/p>\n","protected":false},"excerpt":{"rendered":"<p>O campe\u00e3o ol\u00edmpico Alexander Zverev est\u00e1 confiante de que uma troca de guarda est\u00e1 quase conclu\u00edda no t\u00eanis masculino e que os trof\u00e9us do ano que vem provavelmente ser\u00e3o divididos entre Novak Djokovic, Daniil Medvedev e ele mesmo. O alem\u00e3o derrotou Djokovic e conquistou o ouro ol\u00edmpico e terminou o ano com o t\u00edtulo do [&hellip;]<\/p>\n","protected":false},"author":246,"featured_media":192943,"comment_status":"closed","ping_status":"closed","sticky":false,"template":"","format":"standard","meta":{"footnotes":""},"categories":[436,440,257,439],"tags":[],"class_list":["post-192942","post","type-post","status-publish","format-standard","has-post-thumbnail","hentry","category-destaque-da-semana","category-destaques-do-dia","category-esporte","category-ultima-hora"],"_links":{"self":[{"href":"https:\/\/diarioregionaldigital.com.br\/index.php?rest_route=\/wp\/v2\/posts\/192942","targetHints":{"allow":["GET"]}}],"collection":[{"href":"https:\/\/diarioregionaldigital.com.br\/index.php?rest_route=\/wp\/v2\/posts"}],"about":[{"href":"https:\/\/diarioregionaldigital.com.br\/index.php?rest_route=\/wp\/v2\/types\/post"}],"author":[{"embeddable":true,"href":"https:\/\/diarioregionaldigital.com.br\/index.php?rest_route=\/wp\/v2\/users\/246"}],"replies":[{"embeddable":true,"href":"https:\/\/diarioregionaldigital.com.br\/index.php?rest_route=%2Fwp%2Fv2%2Fcomments&post=192942"}],"version-history":[{"count":1,"href":"https:\/\/diarioregionaldigital.com.br\/index.php?rest_route=\/wp\/v2\/posts\/192942\/revisions"}],"predecessor-version":[{"id":192944,"href":"https:\/\/diarioregionaldigital.com.br\/index.php?rest_route=\/wp\/v2\/posts\/192942\/revisions\/192944"}],"wp:featuredmedia":[{"embeddable":true,"href":"https:\/\/diarioregionaldigital.com.br\/index.php?rest_route=\/wp\/v2\/media\/192943"}],"wp:attachment":[{"href":"https:\/\/diarioregionaldigital.com.br\/index.php?rest_route=%2Fwp%2Fv2%2Fmedia&parent=192942"}],"wp:term":[{"taxonomy":"category","embeddable":true,"href":"https:\/\/diarioregionaldigital.com.br\/index.php?rest_route=%2Fwp%2Fv2%2Fcategories&post=192942"},{"taxonomy":"post_tag","embeddable":true,"href":"https:\/\/diarioregionaldigital.com.br\/index.php?rest_route=%2Fwp%2Fv2%2Ftags&post=192942"}],"curies":[{"name":"wp","href":"https:\/\/api.w.org\/{rel}","templated":true}]}}