{"id":192939,"date":"2021-12-28T19:40:45","date_gmt":"2021-12-28T22:40:45","guid":{"rendered":"https:\/\/diarioregionaldigital.com.br\/?p=192939"},"modified":"2021-12-28T19:40:45","modified_gmt":"2021-12-28T22:40:45","slug":"conselho-estadual-de-politicas-agricolas-fecha-o-ano-com-avancos","status":"publish","type":"post","link":"https:\/\/diarioregionaldigital.com.br\/?p=192939","title":{"rendered":"Conselho Estadual de Pol\u00edticas Agr\u00edcolas fecha o ano com avan\u00e7os"},"content":{"rendered":"<p>A partir da escuta de diversos setores produtivos do agroneg\u00f3cio, o\u00a0<a href=\"https:\/\/www.mg.gov.br\/\">Governo de Minas<\/a>\u00a0cria pol\u00edticas p\u00fablicas amplas com efici\u00eancia e vis\u00e3o de futuro. Em 2021, o Conselho Estadual de Pol\u00edticas Agr\u00edcolas (Cepa), vinculado \u00e0\u00a0<a href=\"http:\/\/www.agricultura.mg.gov.br\/\">Secretaria de Estado de Agricultura, Pecu\u00e1ria e Abastecimento (Seapa)<\/a>, atingiu o marco in\u00e9dito de 42 reuni\u00f5es ordin\u00e1rias entre as suas 19 C\u00e2maras T\u00e9cnicas (CTs).<\/p>\n<p>&#8220;A cada ano da presente gest\u00e3o, a gente vem conseguindo melhorar os resultados&#8221;, afirma a coordenadora-geral do N\u00facleo de Gest\u00e3o de Conselhos (Nucon) da Seapa e secret\u00e1ria executiva do Cepa, Cristina Fontes.<\/p>\n<p>Criado em 1994 e institu\u00eddo em 2003, o Cepa \u00e9 propositivo e deliberativo. Em linhas gerais, o Conselho assegura a participa\u00e7\u00e3o dos agentes de produ\u00e7\u00e3o e da sociedade civil nas decis\u00f5es governamentais, uma vez que as CTs t\u00eam, enquanto coordena\u00e7\u00e3o, representantes de institui\u00e7\u00f5es dos setores produtivos. Os objetivos centrais s\u00e3o a formula\u00e7\u00e3o do planejamento e da execu\u00e7\u00e3o da pol\u00edtica rural, com foco nos interesses coletivos.<\/p>\n<p>A secret\u00e1ria executiva do Cepa ressalta ainda uma diferente din\u00e2mica relevante neste ano. Em todas as dezenas de reuni\u00f5es das c\u00e2maras foram discutidas proposi\u00e7\u00f5es que foram apresentadas em plen\u00e1rio do Cepa, realizado neste m\u00eas. Destas propostas, ser\u00e1 elaborado um documento a ser encaminhado para o governador Romeu Zema. Uma nova reuni\u00e3o, em abril de 2022, j\u00e1 est\u00e1 agendada para avalia\u00e7\u00e3o dos encaminhamentos.<\/p>\n<p>O \u00faltimo plen\u00e1rio do ano contou ainda com a presen\u00e7a da coordenadora-geral de Mudan\u00e7a do Clima e Agropecu\u00e1ria Conservacionista do Minist\u00e9rio da Agricultura, Fernanda Garcia Sampaio. A pesquisadora da Embrapa Meio Ambiente, atualmente cedida ao \u00f3rg\u00e3o federal, realizou uma exposi\u00e7\u00e3o sobre os compromissos e as oportunidades para o setor agropecu\u00e1rio brasileiro, debatidos durante a 26\u00aa Confer\u00eancia das Na\u00e7\u00f5es Unidas sobre Mudan\u00e7as Clim\u00e1ticas (COP 26), em novembro, na Esc\u00f3cia.<\/p>\n<p><strong>Avan\u00e7os<\/strong><\/p>\n<p>At\u00e9 2019, o Cepa era constitu\u00eddo por CTs tem\u00e1ticas, compreendendo: aquacultura; avicultura; bovinocultura de corte; bovinocultura de leite; cacha\u00e7a de alambique; caf\u00e9; defesa agropecu\u00e1ria; equideocultura; floricultura; fruticultura; gr\u00e3os; mel e produtos das abelhas; olericultura; ovino\/caprinocultura; pesca profissional e artesanal; seguro e cr\u00e9dito rural; silvicultura e suinocultura. Em 2020, foi institu\u00edda a 19\u00aa C\u00e2mara T\u00e9cnica, que trata sobre agricultura sustent\u00e1vel e irriga\u00e7\u00e3o.<\/p>\n<p>Outro exemplo de avan\u00e7o, que partiu dos encontros setoriais, \u00e9 o Hub MG Agro, desenvolvido em parceria com a\u00a0<a href=\"http:\/\/www.desenvolvimento.mg.gov.br\/\">Secretaria de Estado de Desenvolvimento Econ\u00f4mico (Sede)<\/a>. Nos \u00faltimos 12 meses, o programa, que incentiva a inova\u00e7\u00e3o tecnol\u00f3gica no agroneg\u00f3cio, promoveu um total de 16 eventos on-line, com a participa\u00e7\u00e3o de produtores rurais, agroindustriais e entidades representativas, conectando-os a pesquisadores e startups.<\/p>\n<p>Os hubs, que surgiram de demandas por solu\u00e7\u00f5es tecnol\u00f3gicas ouvidas nas C\u00e2maras T\u00e9cnicas, envolveram os setores da cafeicultura, l\u00e1cteo, produtores de palma, avicultores, fruticultores, suinocultores, algodoeiro e agropecu\u00e1rio em geral, em torno dos temas de comercializa\u00e7\u00e3o e exporta\u00e7\u00e3o dos produtos mineiros. Seis dessas a\u00e7\u00f5es foram ciclos completos de inova\u00e7\u00e3o aberta, com dura\u00e7\u00e3o m\u00e9dia de tr\u00eas a seis meses.<\/p>\n<p>No mesmo sentido, o III Semin\u00e1rio Mineiro da Cacha\u00e7a reuniu, em novembro, representantes da cadeia produtiva e comercial do destilado com participa\u00e7\u00e3o expressiva. Promovido pela Seapa, o evento apresentou tend\u00eancias de mercado e consumo, exporta\u00e7\u00e3o, entre outros assuntos. Transmitido ao vivo pelo canal do Youtube da Secretaria de Agricultura, o evento virtual registrou aproximadamente 250 inscritos e mais de mil visualiza\u00e7\u00f5es em quatro dias de debates.<\/p>\n<p><strong>Informa\u00e7\u00e3o qualificada<\/strong><\/p>\n<p>Mas os casos de sucesso e expans\u00e3o v\u00e3o al\u00e9m dos n\u00fameros. Dentre os casos de destaque, em 2021, que surgiram das discuss\u00f5es e parcerias firmadas nas reuni\u00f5es setoriais do Conselho, est\u00e1 a cria\u00e7\u00e3o da Plataforma de Ensino a Dist\u00e2ncia Semear, lan\u00e7ada em outubro, que oferece cursos com aulas on-line gravadas e em tempo real e tamb\u00e9m em formato h\u00edbrido, mesclando trocas virtuais e presenciais para os mais diversos setores produtivos e profissionais do agroneg\u00f3cio mineiro.<\/p>\n<p>Mais recentemente, em dezembro, a Secretaria de Agricultura lan\u00e7ou a cartilha \u201cMel e outros Produtos da Colmeia\u201d, tendo esta como p\u00fablico-alvo os consumidores da apicultura. A ideia \u00e9 informar, tirar d\u00favidas e popularizar o conhecimento sobre os produtos ap\u00edcolas, para garantir o consumo de alimentos puros e saud\u00e1veis. A publica\u00e7\u00e3o est\u00e1 dispon\u00edvel para download gratuito no site da Seapa\u00a0<a href=\"http:\/\/www.agricultura.mg.gov.br\/images\/documentos\/cartilha%20mel-A.pdf\">neste link<\/a>.<\/p>\n<p>Vale lembrar que Minas \u00e9 o \u00fanico estado brasileiro produtor da pr\u00f3polis verde, de alecrim. Por isso, dentre as pr\u00f3ximas metas do setor, est\u00e1 a implementa\u00e7\u00e3o do selo de Indica\u00e7\u00e3o Geogr\u00e1fica do produto, de forma a agregar cada vez mais valor \u00e0 produ\u00e7\u00e3o genuinamente mineira.<\/p>\n<p>Fonte: Ag\u00eancia Minas<\/p>\n","protected":false},"excerpt":{"rendered":"<p>A partir da escuta de diversos setores produtivos do agroneg\u00f3cio, o\u00a0Governo de Minas\u00a0cria pol\u00edticas p\u00fablicas amplas com efici\u00eancia e vis\u00e3o de futuro. Em 2021, o Conselho Estadual de Pol\u00edticas Agr\u00edcolas (Cepa), vinculado \u00e0\u00a0Secretaria de Estado de Agricultura, Pecu\u00e1ria e Abastecimento (Seapa), atingiu o marco in\u00e9dito de 42 reuni\u00f5es ordin\u00e1rias entre as suas 19 C\u00e2maras T\u00e9cnicas [&hellip;]<\/p>\n","protected":false},"author":246,"featured_media":192940,"comment_status":"closed","ping_status":"closed","sticky":false,"template":"","format":"standard","meta":{"footnotes":""},"categories":[436,254,439],"tags":[],"class_list":["post-192939","post","type-post","status-publish","format-standard","has-post-thumbnail","hentry","category-destaque-da-semana","category-politica","category-ultima-hora"],"_links":{"self":[{"href":"https:\/\/diarioregionaldigital.com.br\/index.php?rest_route=\/wp\/v2\/posts\/192939","targetHints":{"allow":["GET"]}}],"collection":[{"href":"https:\/\/diarioregionaldigital.com.br\/index.php?rest_route=\/wp\/v2\/posts"}],"about":[{"href":"https:\/\/diarioregionaldigital.com.br\/index.php?rest_route=\/wp\/v2\/types\/post"}],"author":[{"embeddable":true,"href":"https:\/\/diarioregionaldigital.com.br\/index.php?rest_route=\/wp\/v2\/users\/246"}],"replies":[{"embeddable":true,"href":"https:\/\/diarioregionaldigital.com.br\/index.php?rest_route=%2Fwp%2Fv2%2Fcomments&post=192939"}],"version-history":[{"count":1,"href":"https:\/\/diarioregionaldigital.com.br\/index.php?rest_route=\/wp\/v2\/posts\/192939\/revisions"}],"predecessor-version":[{"id":192941,"href":"https:\/\/diarioregionaldigital.com.br\/index.php?rest_route=\/wp\/v2\/posts\/192939\/revisions\/192941"}],"wp:featuredmedia":[{"embeddable":true,"href":"https:\/\/diarioregionaldigital.com.br\/index.php?rest_route=\/wp\/v2\/media\/192940"}],"wp:attachment":[{"href":"https:\/\/diarioregionaldigital.com.br\/index.php?rest_route=%2Fwp%2Fv2%2Fmedia&parent=192939"}],"wp:term":[{"taxonomy":"category","embeddable":true,"href":"https:\/\/diarioregionaldigital.com.br\/index.php?rest_route=%2Fwp%2Fv2%2Fcategories&post=192939"},{"taxonomy":"post_tag","embeddable":true,"href":"https:\/\/diarioregionaldigital.com.br\/index.php?rest_route=%2Fwp%2Fv2%2Ftags&post=192939"}],"curies":[{"name":"wp","href":"https:\/\/api.w.org\/{rel}","templated":true}]}}