{"id":192933,"date":"2021-12-28T19:33:04","date_gmt":"2021-12-28T22:33:04","guid":{"rendered":"https:\/\/diarioregionaldigital.com.br\/?p=192933"},"modified":"2021-12-28T19:33:04","modified_gmt":"2021-12-28T22:33:04","slug":"governo-de-minas-assina-acordo-de-cooperacao-tecnica-com-israel","status":"publish","type":"post","link":"https:\/\/diarioregionaldigital.com.br\/?p=192933","title":{"rendered":"Governo de Minas assina acordo de coopera\u00e7\u00e3o t\u00e9cnica com Israel"},"content":{"rendered":"<p>O\u00a0<a href=\"http:\/\/www.mg.gov.br\/\" target=\"_blank\" rel=\"noopener\">Governo de Minas<\/a>, por meio da\u00a0<a href=\"http:\/\/www.desenvolvimento.mg.gov.br\/\" target=\"_blank\" rel=\"noopener\">Secretaria de Estado de Desenvolvimento Econ\u00f4mico (Sede)<\/a>\u00a0e da Subsecretaria de Promo\u00e7\u00e3o de Investimentos, Cadeias Produtivas e Com\u00e9rcio Exterior (Subinvest), firmou neste m\u00eas de dezembro um acordo para intensificar as rela\u00e7\u00f5es econ\u00f4micas entre Minas Gerais e Israel. A parceria com a C\u00e2mara Minas Gerais Israel de Com\u00e9rcio e Ind\u00fastria pretende, tamb\u00e9m, fortalecer a presen\u00e7a internacional para um desenvolvimento econ\u00f4mico sustent\u00e1vel e, ainda, promover um ambiente est\u00e1vel para a realiza\u00e7\u00e3o dos neg\u00f3cios internacionais.<\/p>\n<p>De acordo com o vice-governador Paulo Brant, a atual gest\u00e3o mant\u00e9m pilares importantes, como a cren\u00e7a no poder de transforma\u00e7\u00e3o da iniciativa privada, no empreendedorismo, na criatividade dos investidores, na for\u00e7a da concorr\u00eancia e, principalmente, na for\u00e7a da coopera\u00e7\u00e3o internacional.<\/p>\n<p>\u201cIsrael tem pequenas dimens\u00f5es, enfrenta dificuldades, mas \u00e9 um pa\u00eds fant\u00e1stico. Temos muito o que aprender com ele. Aqui \u00e9 o inverso: temos uma abund\u00e2ncia de recursos e ainda n\u00e3o conseguimos realizar a nossa potencialidade. Israel, certamente, \u00e9 uma grande refer\u00eancia para nos apoiar. A gente tenta o poss\u00edvel para tornar o contexto mais amig\u00e1vel ao setor empresarial local e internacional. Temos tamb\u00e9m uma cren\u00e7a forte e robusta no poder da coopera\u00e7\u00e3o. Na\u00e7\u00f5es amigas, com culturas diversas cooperando a favor do bem comum\u201d, refor\u00e7a\u00a0Brant.<\/p>\n<p>De acordo com o secret\u00e1rio de Estado de Desenvolvimento Econ\u00f4mico, Fernando Passalio, a coopera\u00e7\u00e3o t\u00e9cnica ser\u00e1 uma oportunidade especial para melhorar e estreitar ainda mais os la\u00e7os entre os pa\u00edses.<\/p>\n<p>&#8220;A gente precisa aproveitar melhor essa fase que Minas viv\u00eancia, para poder estabelecer com Israel uma rela\u00e7\u00e3o comercial ainda mais densa. Minas Gerais agora consolida-se em um momento especial, batendo recorde hist\u00f3rico de aproximadamente R$ 190 bilh\u00f5es em atra\u00e7\u00e3o de investimentos em menos de tr\u00eas anos de gest\u00e3o. Por isso, acreditamos que \u00e9 a hora de Minas abra\u00e7ar mais ainda outras oportunidades junto a Israel. O momento \u00e9 voltado para o esfor\u00e7o de desburocratiza\u00e7\u00e3o e da seguran\u00e7a jur\u00eddica&#8221;, destaca o secret\u00e1rio.<\/p>\n<p>Segundo o c\u00f4nsul honor\u00e1rio de Israel em Belo Horizonte, Silvio Musman, o Estado de Israel considera o Brasil, em especial\u00a0Minas Gerais,\u00a0como um importante parceiro nas rela\u00e7\u00f5es comerciais, nas rela\u00e7\u00f5es de interc\u00e2mbio, de troca de experi\u00eancias e conhecimentos.<\/p>\n<p>\u201cA Embaixada de Israel j\u00e1 possu\u00eda aqui no Brasil uma estrutura importante de apoio ao fomento dessas rela\u00e7\u00f5es, por interm\u00e9dio da pr\u00f3pria embaixada, do Consulado Honor\u00e1rio em Minas Gerais, do escrit\u00f3rio econ\u00f4mico no Rio de Janeiro, que atende Minas Gerais. E, agora, com o nascimento e crescimento da C\u00e2mara de Com\u00e9rcio, as possibilidades de incremento das rela\u00e7\u00f5es aumentaram mais ainda\u201d, afirma\u00a0o c\u00f4nsul honor\u00e1rio de Israel em Belo Horizonte, Silvio Musman.<\/p>\n<p>Para Musman, a assinatura do acordo \u00e9 um elemento importante na cadeia de relacionamento para fortalecer essas rela\u00e7\u00f5es. \u201cApesar de Israel ser um pa\u00eds geograficamente pequeno, com uma popula\u00e7\u00e3o limitada em torno de nove milh\u00f5es de pessoas, n\u00e3o se constituindo um imenso mercado consumidor, pode se tornar um grande parceiro de Minas Gerais no sentido de contribuir para que os processos produtivos da ind\u00fastria mineira alavanquem em termos de produtividade, fazendo com que outros grandes mercados do mundo possam se abrir aos produtos mineiros e, obviamente, ao pr\u00f3prio mercado interno de Israel\u201d, avalia.<\/p>\n<p><strong>Crescimento no fluxo comercial\u00a0<\/strong><\/p>\n<p>H\u00e1 cinco anos, a C\u00e2mara Minas Gerais Israel promove a\u00e7\u00f5es\u00a0que viabilizam\u00a0a participa\u00e7\u00e3o\u00a0de\u00a0mineiros em eventos para fomentar neg\u00f3cios e minimizar, de alguma maneira, a dist\u00e2ncia geogr\u00e1fica e cultural entre os Minas e Israel, sempre pautados no apoio ao empreendedorismo, inova\u00e7\u00e3o e \u00e0 livre iniciativa.<\/p>\n<p>O fluxo comercial entre Minas Gerais e Israel, entre janeiro e novembro de 2021, somou\u00a0 US$ 44,9 milh\u00f5es, sendo US$ 18,2 milh\u00f5es referentes \u00e0s exporta\u00e7\u00f5es e US$ 26,7 milh\u00f5es relacionados \u00e0s importa\u00e7\u00f5es. Em n\u00edvel nacional, o estado foi o 8\u00ba maior exportador e o 9\u00ba maior importador de produtos israelenses. Houve crescimento de 4% no fluxo comercial entre Minas Gerais e Israel, considerando o per\u00edodo comparativo de 2020\/2021 (janeiro a novembro).<\/p>\n<p><strong>Produtos exportados e importados\u00a0<\/strong><\/p>\n<p>Entre os principais produtos exportados para Israel est\u00e3o: caf\u00e9, torrado ou descafeinado (47,4%); carne bovina congelada (28,8%); diamantes (5,6%); cal\u00e7ados de borracha ou pl\u00e1stico (4,2%); zinco em formas brutas (3,7%); pain\u00e9is de part\u00edculas e pain\u00e9is semelhantes, de madeira ou de outras mat\u00e9rias lenhosas (3,7%); produtos de confeitaria sem cacau (2,8%); Miudezas comest\u00edveis de animais das esp\u00e9cies bovina, su\u00edna, ovina, caprina, cavalar, asinina e muar, frescas, refrigeradas ou congeladas (1,6%); fornos el\u00e9tricos industriais ou de laborat\u00f3rio (0,6%); chocolate e outras prepara\u00e7\u00f5es aliment\u00edcias contendo cacau (0,3%).<\/p>\n<p>Nas importa\u00e7\u00f5es mineiras de Israel, destacam-se os seguintes produtos: compostos de fun\u00e7\u00e3o carboxiamida (16,4%); magn\u00e9sio, inclu\u00eddos res\u00edduos e sucata (15,6%); adubos (fertilizantes) minerais ou qu\u00edmicos, pot\u00e1ssicos (12,4%); Compostos heteroc\u00edclicos, exclusivamente de hetero-\u00e1tomo(s) de azoto (10,7%); carbonato de magn\u00e9sio natural (7,8%), aparelhos mec\u00e2nicos (5,4%),\u00a0torneiras, v\u00e1lvulas (4,1%); adubos (fertilizantes) minerais ou qu\u00edmicos, contendo dois ou tr\u00eas dos seguintes elementos fertilizantes: azoto (nitrog\u00e9nio), f\u00f3sforo e pot\u00e1ssio; outros adubos (3,9%); instrumentos e aparelhos para medicina, cirurgia, odontologia e veterin\u00e1ria (3,5%) al\u00e9m de\u00a0 centrifugadores (3,0%).<\/p>\n<p>A formaliza\u00e7\u00e3o do acordo de coopera\u00e7\u00e3o, na Cidade Administrativa, contou com a participa\u00e7\u00e3o da subsecret\u00e1ria de Promo\u00e7\u00e3o de Investimentos e Cadeias Produtivas, Kathleen Garcia Nascimento, e do embaixador de Israel no Brasil, Daniel Zohar Zonshine, entre outras autoridades.<\/p>\n<p><span style=\"font-weight: 400;\">Fonte: Ag\u00eancia Minas<\/span><\/p>\n","protected":false},"excerpt":{"rendered":"<p>O\u00a0Governo de Minas, por meio da\u00a0Secretaria de Estado de Desenvolvimento Econ\u00f4mico (Sede)\u00a0e da Subsecretaria de Promo\u00e7\u00e3o de Investimentos, Cadeias Produtivas e Com\u00e9rcio Exterior (Subinvest), firmou neste m\u00eas de dezembro um acordo para intensificar as rela\u00e7\u00f5es econ\u00f4micas entre Minas Gerais e Israel. A parceria com a C\u00e2mara Minas Gerais Israel de Com\u00e9rcio e Ind\u00fastria pretende, tamb\u00e9m, [&hellip;]<\/p>\n","protected":false},"author":246,"featured_media":192934,"comment_status":"closed","ping_status":"closed","sticky":false,"template":"","format":"standard","meta":{"footnotes":""},"categories":[436,254,439],"tags":[],"class_list":["post-192933","post","type-post","status-publish","format-standard","has-post-thumbnail","hentry","category-destaque-da-semana","category-politica","category-ultima-hora"],"_links":{"self":[{"href":"https:\/\/diarioregionaldigital.com.br\/index.php?rest_route=\/wp\/v2\/posts\/192933","targetHints":{"allow":["GET"]}}],"collection":[{"href":"https:\/\/diarioregionaldigital.com.br\/index.php?rest_route=\/wp\/v2\/posts"}],"about":[{"href":"https:\/\/diarioregionaldigital.com.br\/index.php?rest_route=\/wp\/v2\/types\/post"}],"author":[{"embeddable":true,"href":"https:\/\/diarioregionaldigital.com.br\/index.php?rest_route=\/wp\/v2\/users\/246"}],"replies":[{"embeddable":true,"href":"https:\/\/diarioregionaldigital.com.br\/index.php?rest_route=%2Fwp%2Fv2%2Fcomments&post=192933"}],"version-history":[{"count":1,"href":"https:\/\/diarioregionaldigital.com.br\/index.php?rest_route=\/wp\/v2\/posts\/192933\/revisions"}],"predecessor-version":[{"id":192935,"href":"https:\/\/diarioregionaldigital.com.br\/index.php?rest_route=\/wp\/v2\/posts\/192933\/revisions\/192935"}],"wp:featuredmedia":[{"embeddable":true,"href":"https:\/\/diarioregionaldigital.com.br\/index.php?rest_route=\/wp\/v2\/media\/192934"}],"wp:attachment":[{"href":"https:\/\/diarioregionaldigital.com.br\/index.php?rest_route=%2Fwp%2Fv2%2Fmedia&parent=192933"}],"wp:term":[{"taxonomy":"category","embeddable":true,"href":"https:\/\/diarioregionaldigital.com.br\/index.php?rest_route=%2Fwp%2Fv2%2Fcategories&post=192933"},{"taxonomy":"post_tag","embeddable":true,"href":"https:\/\/diarioregionaldigital.com.br\/index.php?rest_route=%2Fwp%2Fv2%2Ftags&post=192933"}],"curies":[{"name":"wp","href":"https:\/\/api.w.org\/{rel}","templated":true}]}}