{"id":192930,"date":"2021-12-28T19:28:46","date_gmt":"2021-12-28T22:28:46","guid":{"rendered":"https:\/\/diarioregionaldigital.com.br\/?p=192930"},"modified":"2021-12-28T19:28:46","modified_gmt":"2021-12-28T22:28:46","slug":"governo-do-estado-autoriza-a-manutencao-de-193-contratos-temporarios-para-o-hospital-universitario","status":"publish","type":"post","link":"https:\/\/diarioregionaldigital.com.br\/?p=192930","title":{"rendered":"Governo do Estado autoriza a manuten\u00e7\u00e3o de 193 contratos tempor\u00e1rios para o Hospital Universit\u00e1rio"},"content":{"rendered":"<p>O Hospital Universit\u00e1rio Clemente de Faria (HUCF), da\u00a0<a href=\"http:\/\/www.unimontes.br\/\" target=\"_blank\" rel=\"noopener\">Universidade Estadual de Montes Claros (Unimontes)<\/a>, obteve nesta ter\u00e7a-feira (28\/12) a confirma\u00e7\u00e3o, do\u00a0<a href=\"http:\/\/www.mg.gov.br\/\" target=\"_blank\" rel=\"noopener\">Governo de Minas Gerais<\/a>, quanto \u00e0 manuten\u00e7\u00e3o de 193 contratos tempor\u00e1rios na unidade. A decis\u00e3o foi comunicada oficialmente pelo\u00a0<a href=\"http:\/\/www.secretariageral.mg.gov.br\/\" target=\"_blank\" rel=\"noopener\">secret\u00e1rio-geral do Estado<\/a>, Mateus Sim\u00f5es, em of\u00edcio ao reitor Antonio Alvimar Souza.<\/p>\n<p>A validade ser\u00e1 por um per\u00edodo inicial de 180 dias, a partir de 31\/12\/2021, quando terminar\u00e1 a vig\u00eancia do decreto de calamidade p\u00fablica pela pandemia de covid-19. No entanto, conforme exig\u00eancia do Governo do Estado, a renova\u00e7\u00e3o dos contratos \u00e9 para permitir a continuidade da assist\u00eancia m\u00e9dico-hospitalar relacionada aos efeitos do coronav\u00edrus.<\/p>\n<p>Ap\u00f3s parecer favor\u00e1vel, a decis\u00e3o de manter os contratos tempor\u00e1rios para a Unimontes foi aprovada pelo Comit\u00ea de Or\u00e7amento e Finan\u00e7as (Cofin), \u00f3rg\u00e3o respons\u00e1vel pelas quest\u00f5es relacionadas a gastos com pessoal, suporte financeiro e de impacto or\u00e7ament\u00e1rio em Minas Gerais.<\/p>\n<p>Como justificativa, a Reitoria apresentou ao Estado dados que evidenciam a import\u00e2ncia da renova\u00e7\u00e3o desses contratos para garantir o funcionamento dos servi\u00e7os essenciais e a manuten\u00e7\u00e3o da qualidade no servi\u00e7o de sa\u00fade da comunidade local e regional.Ainda no pedido, foram consideradas as \u00e1reas da terapia intensiva, refer\u00eancia no atendimento dos casos mais complexos como maternidade e pediatria, e que foi ampliado neste per\u00edodo de pandemia.<\/p>\n<p><strong>Atendimento<\/strong><\/p>\n<p>\u201cA equipe do Estado foi extremamente atenciosa e entendeu a necessidade da situa\u00e7\u00e3o ao ouvir as demandas apresentadas pela Unimontes e orientar a Universidade sobre os procedimentos formais para encaminhamento\u201d, pontua o reitor da Unimontes.<\/p>\n<p>Com a decis\u00e3o do Estado, a superintendente do HUCF\/Unimontes, Pr\u00edscilla Izabella de Menezes, explica que a unidade manter\u00e1 os 193 servidores tempor\u00e1rios em v\u00e1rias \u00e1reas assistenciais. &#8220;S\u00e3o profissionais que prestam a assist\u00eancia e a aten\u00e7\u00e3o direta aos usu\u00e1rios e pacientes acometidos pela Covid-19, como enfermeiros, t\u00e9cnicos em Enfermagem, farmac\u00eauticos, t\u00e9cnicos de Farm\u00e1cia, t\u00e9cnicos de laborat\u00f3rios, biom\u00e9dicos e t\u00e9cnicos de Radiologia, entre outros&#8221;.<\/p>\n<p>O Hospital da Unimontes \u00e9 refer\u00eancia para o Minist\u00e9rio de Sa\u00fade e para a\u00a0<a href=\"http:\/\/www.saude.mg.gov.br\/\" target=\"_blank\" rel=\"noopener\">Secretaria de Estado de Sa\u00fade (SES-MG)<\/a>\u00a0no atendimento dos casos de covid-19. \u201cA manuten\u00e7\u00e3o da estrutura \u00e9 determinante para preservar a qualidade do atendimento \u00e0 comunidade, levando-se em conta que o HUCF \u00e9 o \u00fanico 100% gratuito para uma grande parcela do Estado&#8221;, conclui Priscilla.<\/p>\n<p>O reitor da Unimontes, Antonio Alvimar Souza, ainda destacou, mais uma vez, a aten\u00e7\u00e3o dispensada pela equipe do Governo de Minas em mais um pleito apresentado pela gest\u00e3o. Al\u00e9m do secret\u00e1rio-geral do Estado Mateus Sim\u00f5es, o reitor\u00a0fez um agradecimento especial \u00e0 equipe do Estado\u00a0que tratou da quest\u00e3o diretamente com a Unimontes: secret\u00e1rio de Estado de\u00a0<a href=\"http:\/\/www.fazenda.mg.gov.br\/\" target=\"_blank\" rel=\"noopener\">Fazenda<\/a>, Gustavo Barbosa, a subsecret\u00e1ria de Gest\u00e3o de Pessoas, K\u00eannya Kreppel (da\u00a0<a href=\"http:\/\/www.planejamento.mg.gov.br\/\" target=\"_blank\" rel=\"noopener\">Secretaria de Estado de Planejamento e Gest\u00e3o &#8211; Seplag<\/a>), o subsecret\u00e1rio do Tesouro Estadual, F\u00e1bio Rodrigo Amaral de Assun\u00e7\u00e3o, e o diretor central de Controle e Opera\u00e7\u00f5es Financeiras (DCCOF), Felipe Afonso Costa.<\/p>\n<p><span style=\"font-weight: 400;\">Fonte: Ag\u00eancia Minas<\/span><\/p>\n","protected":false},"excerpt":{"rendered":"<p>O Hospital Universit\u00e1rio Clemente de Faria (HUCF), da\u00a0Universidade Estadual de Montes Claros (Unimontes), obteve nesta ter\u00e7a-feira (28\/12) a confirma\u00e7\u00e3o, do\u00a0Governo de Minas Gerais, quanto \u00e0 manuten\u00e7\u00e3o de 193 contratos tempor\u00e1rios na unidade. A decis\u00e3o foi comunicada oficialmente pelo\u00a0secret\u00e1rio-geral do Estado, Mateus Sim\u00f5es, em of\u00edcio ao reitor Antonio Alvimar Souza. A validade ser\u00e1 por um per\u00edodo [&hellip;]<\/p>\n","protected":false},"author":246,"featured_media":192931,"comment_status":"closed","ping_status":"closed","sticky":false,"template":"","format":"standard","meta":{"footnotes":""},"categories":[436,440,254,439],"tags":[],"class_list":["post-192930","post","type-post","status-publish","format-standard","has-post-thumbnail","hentry","category-destaque-da-semana","category-destaques-do-dia","category-politica","category-ultima-hora"],"_links":{"self":[{"href":"https:\/\/diarioregionaldigital.com.br\/index.php?rest_route=\/wp\/v2\/posts\/192930","targetHints":{"allow":["GET"]}}],"collection":[{"href":"https:\/\/diarioregionaldigital.com.br\/index.php?rest_route=\/wp\/v2\/posts"}],"about":[{"href":"https:\/\/diarioregionaldigital.com.br\/index.php?rest_route=\/wp\/v2\/types\/post"}],"author":[{"embeddable":true,"href":"https:\/\/diarioregionaldigital.com.br\/index.php?rest_route=\/wp\/v2\/users\/246"}],"replies":[{"embeddable":true,"href":"https:\/\/diarioregionaldigital.com.br\/index.php?rest_route=%2Fwp%2Fv2%2Fcomments&post=192930"}],"version-history":[{"count":1,"href":"https:\/\/diarioregionaldigital.com.br\/index.php?rest_route=\/wp\/v2\/posts\/192930\/revisions"}],"predecessor-version":[{"id":192932,"href":"https:\/\/diarioregionaldigital.com.br\/index.php?rest_route=\/wp\/v2\/posts\/192930\/revisions\/192932"}],"wp:featuredmedia":[{"embeddable":true,"href":"https:\/\/diarioregionaldigital.com.br\/index.php?rest_route=\/wp\/v2\/media\/192931"}],"wp:attachment":[{"href":"https:\/\/diarioregionaldigital.com.br\/index.php?rest_route=%2Fwp%2Fv2%2Fmedia&parent=192930"}],"wp:term":[{"taxonomy":"category","embeddable":true,"href":"https:\/\/diarioregionaldigital.com.br\/index.php?rest_route=%2Fwp%2Fv2%2Fcategories&post=192930"},{"taxonomy":"post_tag","embeddable":true,"href":"https:\/\/diarioregionaldigital.com.br\/index.php?rest_route=%2Fwp%2Fv2%2Ftags&post=192930"}],"curies":[{"name":"wp","href":"https:\/\/api.w.org\/{rel}","templated":true}]}}