{"id":192921,"date":"2021-12-28T19:04:35","date_gmt":"2021-12-28T22:04:35","guid":{"rendered":"https:\/\/diarioregionaldigital.com.br\/?p=192921"},"modified":"2021-12-28T19:04:35","modified_gmt":"2021-12-28T22:04:35","slug":"ocupacao-aumenta-no-mercado-de-trabalho-mas-rendimento-cai-diz-ibge","status":"publish","type":"post","link":"https:\/\/diarioregionaldigital.com.br\/?p=192921","title":{"rendered":"Ocupa\u00e7\u00e3o aumenta no mercado de trabalho, mas rendimento cai, diz IBGE"},"content":{"rendered":"<p>O n\u00edvel de ocupa\u00e7\u00e3o no mercado de trabalho cresceu no trimestre encerrado em outubro de 2021, mas houve queda na renda, segundo\u00a0Pesquisa Nacional por Amostra de Domic\u00edlios Cont\u00ednua (PNAD Cont\u00ednua), divulgada hoje (28) pelo Instituto Brasileiro de Geografia e Estat\u00edstica (IBGE). A popula\u00e7\u00e3o ocupada somou 94,0 milh\u00f5es de pessoas, com o crescimento de 3,6% ou 3,3 milh\u00f5es de pessoas, ante o trimestre anterior e frente ao mesmo per\u00edodo de 2020, a alta \u00e9 10,2% ou 8,7 milh\u00f5es de pessoas.<img decoding=\"async\" src=\"https:\/\/agenciabrasil.ebc.com.br\/ebc.png?id=1434249&amp;o=node\" \/><img decoding=\"async\" src=\"https:\/\/agenciabrasil.ebc.com.br\/ebc.gif?id=1434249&amp;o=node\" \/><\/p>\n<p>A queda no rendimento real habitual \u00e9 4,6% frente ao trimestre anterior passando para R$ 2.449, mas em rela\u00e7\u00e3o a igual trimestre de 2020, o recuo ficou em 11,1%. J\u00e1 a massa de rendimento real habitual de R$ 225,0 bilh\u00f5es n\u00e3o teve varia\u00e7\u00f5es estatisticamente significativas em ambas as compara\u00e7\u00f5es. Os dados s\u00e3o da Pesquisa Nacional por Amostra de Domic\u00edlios Cont\u00ednua (PNAD Cont\u00ednua).<\/p>\n<p>O IBGE estimou o n\u00edvel da ocupa\u00e7\u00e3o, que \u00e9 o percentual de pessoas ocupadas na popula\u00e7\u00e3o em idade de trabalhar em 54,6%. Isso significa eleva\u00e7\u00e3o de 1,8 ponto percentual (p.p) em rela\u00e7\u00e3o ao trimestre de maio a julho de 2021, quando atingiu 52,8% e de 4,6 p.p. na compara\u00e7\u00e3o com o mesmo per\u00edodo do ano anterior, ou seja 50,0%.<\/p>\n<h2>Atividades<\/h2>\n<p>Seis dos dez grupamentos de atividades registraram crescimento na ocupa\u00e7\u00e3o em compara\u00e7\u00e3o com o per\u00edodo anterior. A ind\u00fastria geral subiu 4,6%, ou mais 535 mil pessoas, na constru\u00e7\u00e3o civil foram 6,5%, ou mais 456 mil pessoas, no com\u00e9rcio, repara\u00e7\u00e3o de ve\u00edculos automotores e motocicletas 6,4%, ou mais 1,1 milh\u00e3o de pessoas, em alojamento e alimenta\u00e7\u00e3o o \u00edndice avan\u00e7ou 11,0%, ou mais 500 mil pessoas, em Outros Servi\u00e7os foram 7,1%, ou mais 304 mil pessoas e em Servi\u00e7os Dom\u00e9sticos 7,8%, ou mais 401 mil pessoas.<\/p>\n<p>Nove grupamentos registraram crescimento na ocupa\u00e7\u00e3o em rela\u00e7\u00e3o ao mesmo trimestre m\u00f3vel de 2020. O grupo agricultura, pecu\u00e1ria, produ\u00e7\u00e3o florestal, pesca e aquicultura registrou alta de 7,8%, ou mais 645 mil pessoas; o da ind\u00fastria geral de 8,4%, ou mais 950 pessoas; da constru\u00e7\u00e3o 19,2%, ou mais 1,2 milh\u00e3o de pessoas; do com\u00e9rcio, repara\u00e7\u00e3o de ve\u00edculos automotores e motocicletas de 10,9%, ou mais 1,8 milh\u00e3o de pessoas; do transporte, armazenagem e correio 11,7%, ou mais 509 mil pessoas; do alojamento e alimenta\u00e7\u00e3o 26,3%, ou mais 1,0 milh\u00e3o de pessoas; no de informa\u00e7\u00e3o, comunica\u00e7\u00e3o e atividades financeiras, imobili\u00e1rias, profissionais e administrativas foram 8,4%, ou mais 861 mil pessoas; outros servi\u00e7os 11,4%, ou mais 471 mil pessoas; e Servi\u00e7os Dom\u00e9sticos de 21,1%, ou mais 1 milh\u00e3o de pessoas.<\/p>\n<h2>Informalidade<\/h2>\n<p>Mesmo com o aumento de 4,1% no n\u00famero de empregados com carteira de trabalho no setor privado, se comparado ao trimestre anterior, a taxa de informalidade ficou em 40,7% da popula\u00e7\u00e3o ocupada, ou 38,2 milh\u00f5es de trabalhadores informais. No trimestre anterior, registrou 40,2% e, no mesmo trimestre de 2020, 38,4%.<\/p>\n<p>Para a coordenadora de Trabalho e Rendimento do IBGE, Adriana Beringuy, a pesquisa mostra que se come\u00e7a a perceber uma esp\u00e9cie de generaliza\u00e7\u00e3o do processo de recupera\u00e7\u00e3o dos contingentes populacionais e ocupados, mas o trabalhador informal tem menos salvaguardas para se manter fora do mercado. No entanto, embora essas pessoas tenham sido as mais afetadas logo no primeiro impacto da pandemia em 2020 por causa do isolamento social, foram as que retornaram mais r\u00e1pido ao mercado. \u201cA gente est\u00e1 diante de dois segmentos da ocupa\u00e7\u00e3o que se recuperam, mas cada um em momentos e intensidade diferentes\u201d.<\/p>\n<h2>Rendimento<\/h2>\n<p>A coordenadora acrescentou que nesse primeiro momento ocorre uma recomposi\u00e7\u00e3o da popula\u00e7\u00e3o ocupada, mas do ponto de vista da massa salarial e do rendimento gerado por esta expans\u00e3o, ainda n\u00e3o se pode observar efeitos positivos. \u201cO impacto foi muito grande, muitas pessoas sa\u00edram do mercado, ou se afastaram temporariamente e agora retornam. Muitas pessoas oferecendo trabalho, boa parte encontrando s\u00f3 que com rendimentos menores\u201d, comentou.<\/p>\n<p>De acordo com Adriana Beringuy, o trabalho com carteira tem apresentado queda no rendimento, tanto na compara\u00e7\u00e3o por trimestre como no ano. Junto com isso o trabalho informal tamb\u00e9m tende a um rendimento menor. \u201cO conjunto dos trabalhadores, independente da sua forma de inser\u00e7\u00e3o no mercado de trabalho, est\u00e1 com rendimento menor. Seja porque o pr\u00f3prio processo de absor\u00e7\u00e3o dos trabalhadores, empregados contratados a rendimentos menores, seja em fun\u00e7\u00e3o dos trabalhadores por conta pr\u00f3pria auferirem uma renda menor\u201d, disse, acrescentando que h\u00e1 tamb\u00e9m o efeito da infla\u00e7\u00e3o na queda do rendimento.<\/p>\n<p>\u201cEste rendimento real que est\u00e1 caindo, principalmente no ano, que \u00e9 de 11% de retra\u00e7\u00e3o, tem o efeito inflacion\u00e1rio. A perda de poder aquisitivo do rendimento est\u00e1 associada \u00e0 atualiza\u00e7\u00e3o da infla\u00e7\u00e3o. Tem o efeito provocado pelo mercado de trabalho, o processo de oferta e demanda de trabalhadores, pode ter mais oferta de trabalho do que demanda, portanto, aquele trabalho acaba recebendo menos e, al\u00e9m disso, o processo inflacion\u00e1rio\u201d.<\/p>\n<p>Se comparado ao trimestre anterior, nenhum dos grupamentos de atividades apresentou ganhos no rendimento m\u00e9dio real habitual e ainda houve tr\u00eas redu\u00e7\u00f5es: ind\u00fastria geral (-4,1%), com\u00e9rcio, repara\u00e7\u00e3o de ve\u00edculos automotores e motocicletas (-2,8%). A maior queda (-7,1%) foi em administra\u00e7\u00e3o p\u00fablica, defesa, seguridade social, educa\u00e7\u00e3o, sa\u00fade humana e servi\u00e7os sociais. Os sete demais grupamentos n\u00e3o mostraram varia\u00e7\u00f5es estatisticamente significativas.<\/p>\n<p>Tamb\u00e9m n\u00e3o houve crescimento no rendimento de qualquer grupamento na compara\u00e7\u00e3o anual e al\u00e9m disso, seis deles mostraram redu\u00e7\u00f5es: ind\u00fastria (-16,1%), constru\u00e7\u00e3o (-7,4%), com\u00e9rcio, repara\u00e7\u00e3o de ve\u00edculos automotores e motocicletas (10,0%), informa\u00e7\u00e3o, comunica\u00e7\u00e3o e atividades financeiras, imobili\u00e1rias, profissionais e administrativas (-9,3%), administra\u00e7\u00e3o p\u00fablica, defesa, seguridade social, educa\u00e7\u00e3o, sa\u00fade humana e servi\u00e7os sociais (-11,6%) e servi\u00e7os dom\u00e9sticos (-5,1%).<\/p>\n<p>Tr\u00eas posi\u00e7\u00f5es na ocupa\u00e7\u00e3o tiveram quedas em seus rendimentos na compara\u00e7\u00e3o trimestral. Para o empregado com carteira de trabalho assinada o recuo ficou em 3,6%, para o empregado sem carteira de trabalho assinada de 8,9% e para o empregado no setor p\u00fablico de 5,8%. As outras tr\u00eas principais posi\u00e7\u00f5es (trabalhador dom\u00e9stico, empregador e trabalhadores por conta pr\u00f3pria) n\u00e3o apresentaram varia\u00e7\u00f5es estatisticamente significativas.<\/p>\n<p>J\u00e1 em rela\u00e7\u00e3o ao mesmo trimestre m\u00f3vel do ano passado, os rendimentos das seis principais posi\u00e7\u00f5es de ocupa\u00e7\u00e3o ca\u00edram: empregado com carteira de trabalho assinada (-8,0%), empregado sem carteira de trabalho assinada (-11,9%), trabalhador dom\u00e9stico (-5,1%), empregado no setor p\u00fablico (-10,6%), empregador (-15,0%) e trabalhadores por conta pr\u00f3pria (-4,0%).<\/p>\n<p><span style=\"font-weight: 400;\">Fonte: Ag\u00eancia Brasil <\/span><\/p>\n","protected":false},"excerpt":{"rendered":"<p>O n\u00edvel de ocupa\u00e7\u00e3o no mercado de trabalho cresceu no trimestre encerrado em outubro de 2021, mas houve queda na renda, segundo\u00a0Pesquisa Nacional por Amostra de Domic\u00edlios Cont\u00ednua (PNAD Cont\u00ednua), divulgada hoje (28) pelo Instituto Brasileiro de Geografia e Estat\u00edstica (IBGE). A popula\u00e7\u00e3o ocupada somou 94,0 milh\u00f5es de pessoas, com o crescimento de 3,6% ou [&hellip;]<\/p>\n","protected":false},"author":246,"featured_media":192922,"comment_status":"closed","ping_status":"closed","sticky":false,"template":"","format":"standard","meta":{"footnotes":""},"categories":[436,261,439],"tags":[],"class_list":["post-192921","post","type-post","status-publish","format-standard","has-post-thumbnail","hentry","category-destaque-da-semana","category-economia","category-ultima-hora"],"_links":{"self":[{"href":"https:\/\/diarioregionaldigital.com.br\/index.php?rest_route=\/wp\/v2\/posts\/192921","targetHints":{"allow":["GET"]}}],"collection":[{"href":"https:\/\/diarioregionaldigital.com.br\/index.php?rest_route=\/wp\/v2\/posts"}],"about":[{"href":"https:\/\/diarioregionaldigital.com.br\/index.php?rest_route=\/wp\/v2\/types\/post"}],"author":[{"embeddable":true,"href":"https:\/\/diarioregionaldigital.com.br\/index.php?rest_route=\/wp\/v2\/users\/246"}],"replies":[{"embeddable":true,"href":"https:\/\/diarioregionaldigital.com.br\/index.php?rest_route=%2Fwp%2Fv2%2Fcomments&post=192921"}],"version-history":[{"count":1,"href":"https:\/\/diarioregionaldigital.com.br\/index.php?rest_route=\/wp\/v2\/posts\/192921\/revisions"}],"predecessor-version":[{"id":192923,"href":"https:\/\/diarioregionaldigital.com.br\/index.php?rest_route=\/wp\/v2\/posts\/192921\/revisions\/192923"}],"wp:featuredmedia":[{"embeddable":true,"href":"https:\/\/diarioregionaldigital.com.br\/index.php?rest_route=\/wp\/v2\/media\/192922"}],"wp:attachment":[{"href":"https:\/\/diarioregionaldigital.com.br\/index.php?rest_route=%2Fwp%2Fv2%2Fmedia&parent=192921"}],"wp:term":[{"taxonomy":"category","embeddable":true,"href":"https:\/\/diarioregionaldigital.com.br\/index.php?rest_route=%2Fwp%2Fv2%2Fcategories&post=192921"},{"taxonomy":"post_tag","embeddable":true,"href":"https:\/\/diarioregionaldigital.com.br\/index.php?rest_route=%2Fwp%2Fv2%2Ftags&post=192921"}],"curies":[{"name":"wp","href":"https:\/\/api.w.org\/{rel}","templated":true}]}}