{"id":192911,"date":"2021-12-27T15:21:10","date_gmt":"2021-12-27T18:21:10","guid":{"rendered":"https:\/\/diarioregionaldigital.com.br\/?p=192911"},"modified":"2021-12-27T15:21:10","modified_gmt":"2021-12-27T18:21:10","slug":"campanha-da-pjf-arrecada-85-toneladas-de-alimentos-e-390-brinquedos","status":"publish","type":"post","link":"https:\/\/diarioregionaldigital.com.br\/?p=192911","title":{"rendered":"Campanha da PJF arrecada 8,5 toneladas de alimentos e 390 brinquedos"},"content":{"rendered":"<p>Segundo informa\u00e7\u00f5es do site da Prefeitura de Juiz de Fora, conclu\u00edda na \u00faltima quinta-feira, 23, a campanha \u201cJuiz de Fora Solid\u00e1ria no Natal\u201d arrecadou 8,5 toneladas de alimentos e 390 brinquedos. Organizada pela Secretaria Especial de Direitos Humanos (SEDH), a iniciativa teve in\u00edcio no dia 10 de dezembro, com o objetivo de arrecadar doa\u00e7\u00f5es para fam\u00edlias em situa\u00e7\u00e3o de vulnerabilidade no munic\u00edpio. O material foi distribu\u00eddo para 41 entidades, institui\u00e7\u00f5es e coletivos que atuam na \u00e1rea assistencial. Durante os trabalhos, a campanha contou com 63 pontos de coleta, distribu\u00eddos por todo o munic\u00edpio.<\/p>\n<p>Segundo o secret\u00e1rio da SEDH, Biel Rocha, a iniciativa foi um processo de mobiliza\u00e7\u00e3o muito intenso, seja nas secretarias da Prefeitura de Juiz de Fora (PJF) ou nos setores do com\u00e9rcio e da ind\u00fastria. \u201cComo resultado desse trabalho, conseguimos levar comida para o prato de centenas de fam\u00edlias durante a ceia de Natal. Trata-se de um desafio proposto pela pr\u00f3pria Prefeita, que \u00e9 o de garantir o m\u00ednimo de dignidade para essas pessoas, empobrecidas em virtude da pandemia e de uma pol\u00edtica perversa do Governo Federal. Agradecemos a todos que, apesar das dificuldades, conseguiram contribuir com doa\u00e7\u00f5es\u201d.<\/p>\n<p><strong>Parceria com o \u201cMesa Brasil\u201d<\/strong><\/p>\n<p>A iniciativa foi fruto de mais uma parceria entre a PJF e o Programa \u201cMesa Brasil\u201d, do Servi\u00e7o Social do Com\u00e9rcio da Zona da Mata (Sesc). O programa foi o respons\u00e1vel pelo encaminhamento do material coletado para institui\u00e7\u00f5es que atendem fam\u00edlias socialmente vulner\u00e1veis. A mesma log\u00edstica foi utilizada nas campanhas \u201cJuiz de Fora Solid\u00e1ria\u201d e \u201cJuiz de Fora Solid\u00e1ria no Frio\u201d, quando foram arrecadadas cerca de 32 toneladas de alimentos, destinadas a mais de cem entidades.<\/p>\n<p>A novidade para esta a\u00e7\u00e3o ficou por conta do aplicativo \u201cRadar Solid\u00e1rio\u201d, desenvolvido a partir de uma parceria entre a SEDH, Secretaria de Transforma\u00e7\u00e3o Digital e Administrativa (STDA) e o centro universit\u00e1rio UniAcademia. Por meio do App, as entidades cadastradas puderam acessar o banco de dados do material arrecadado para otimizar a log\u00edstica de distribui\u00e7\u00e3o. Assim, verificavam em quais institui\u00e7\u00f5es havia cestas dispon\u00edveis, al\u00e9m de checar o hist\u00f3rico de atendimento das fam\u00edlias atendidas, evitando disparidades.<\/p>\n","protected":false},"excerpt":{"rendered":"<p>Segundo informa\u00e7\u00f5es do site da Prefeitura de Juiz de Fora, conclu\u00edda na \u00faltima quinta-feira, 23, a campanha \u201cJuiz de Fora Solid\u00e1ria no Natal\u201d arrecadou 8,5 toneladas de alimentos e 390 brinquedos. Organizada pela Secretaria Especial de Direitos Humanos (SEDH), a iniciativa teve in\u00edcio no dia 10 de dezembro, com o objetivo de arrecadar doa\u00e7\u00f5es para [&hellip;]<\/p>\n","protected":false},"author":246,"featured_media":192912,"comment_status":"closed","ping_status":"closed","sticky":false,"template":"","format":"standard","meta":{"footnotes":""},"categories":[253,436,439],"tags":[],"class_list":["post-192911","post","type-post","status-publish","format-standard","has-post-thumbnail","hentry","category-cidade","category-destaque-da-semana","category-ultima-hora"],"_links":{"self":[{"href":"https:\/\/diarioregionaldigital.com.br\/index.php?rest_route=\/wp\/v2\/posts\/192911","targetHints":{"allow":["GET"]}}],"collection":[{"href":"https:\/\/diarioregionaldigital.com.br\/index.php?rest_route=\/wp\/v2\/posts"}],"about":[{"href":"https:\/\/diarioregionaldigital.com.br\/index.php?rest_route=\/wp\/v2\/types\/post"}],"author":[{"embeddable":true,"href":"https:\/\/diarioregionaldigital.com.br\/index.php?rest_route=\/wp\/v2\/users\/246"}],"replies":[{"embeddable":true,"href":"https:\/\/diarioregionaldigital.com.br\/index.php?rest_route=%2Fwp%2Fv2%2Fcomments&post=192911"}],"version-history":[{"count":1,"href":"https:\/\/diarioregionaldigital.com.br\/index.php?rest_route=\/wp\/v2\/posts\/192911\/revisions"}],"predecessor-version":[{"id":192913,"href":"https:\/\/diarioregionaldigital.com.br\/index.php?rest_route=\/wp\/v2\/posts\/192911\/revisions\/192913"}],"wp:featuredmedia":[{"embeddable":true,"href":"https:\/\/diarioregionaldigital.com.br\/index.php?rest_route=\/wp\/v2\/media\/192912"}],"wp:attachment":[{"href":"https:\/\/diarioregionaldigital.com.br\/index.php?rest_route=%2Fwp%2Fv2%2Fmedia&parent=192911"}],"wp:term":[{"taxonomy":"category","embeddable":true,"href":"https:\/\/diarioregionaldigital.com.br\/index.php?rest_route=%2Fwp%2Fv2%2Fcategories&post=192911"},{"taxonomy":"post_tag","embeddable":true,"href":"https:\/\/diarioregionaldigital.com.br\/index.php?rest_route=%2Fwp%2Fv2%2Ftags&post=192911"}],"curies":[{"name":"wp","href":"https:\/\/api.w.org\/{rel}","templated":true}]}}