{"id":192905,"date":"2021-12-27T15:17:42","date_gmt":"2021-12-27T18:17:42","guid":{"rendered":"https:\/\/diarioregionaldigital.com.br\/?p=192905"},"modified":"2021-12-27T15:17:42","modified_gmt":"2021-12-27T18:17:42","slug":"com-proibicao-de-fogos-de-artificio-mais-ruidosos-pjf-vai-solicitar-ficha-cadastral-de-compradores","status":"publish","type":"post","link":"https:\/\/diarioregionaldigital.com.br\/?p=192905","title":{"rendered":"Com proibi\u00e7\u00e3o de fogos de artif\u00edcio mais ruidosos, PJF vai solicitar ficha cadastral de compradores"},"content":{"rendered":"<p>Em Juiz de Fora\u00a0<a href=\"https:\/\/www.pjf.mg.gov.br\/noticias\/view.php?modo=link2&amp;idnoticia2=73389\"><strong>est\u00e1 proibido o manuseio, a utiliza\u00e7\u00e3o, a queima e a soltura de fogos de\u00a0 artif\u00edcio<\/strong><\/a>\u00a0mais ruidosos: os das categorias &#8220;C&#8221; e &#8220;D&#8221;. A lei visa a preservar a sa\u00fade de animais, pessoas acamadas, pessoas autistas e internos de hospitais que, em geral, s\u00e3o afetados pelo barulho das explos\u00f5es.<\/p>\n<div>Segundo informa\u00e7\u00f5es do site da Prefeitura de Juiz de Fora, a lei tamb\u00e9m prev\u00ea que fogos de artif\u00edcio das classes &#8220;C&#8221; e &#8220;D&#8221; s\u00f3 poder\u00e3o ser vendidos em Juiz de Fora mediante preenchimento de uma ficha cadastral das vendas, que deve conter o registro do CPF do comprador e, ainda, exigir assinatura do Termo de Compromisso no qual o comprador garante que n\u00e3o vai utilizar o produto dentro da cidade de Juiz de Fora.<\/div>\n<div>\nCom o objetivo de identificar eventuais infratores, a PJF &#8211; atrav\u00e9s do Procon e da Secretaria de Sustentabilidade em Meio Ambiente e Atividades Urbanas (Sesmaur) &#8211; vai solicitar que as lojas que comercializam artefatos pirot\u00e9cnicos disponibilizem todas as fichas cadastrais de vendas emitidas desde o come\u00e7o de dezembro, quando a lei foi aprovada. A apresenta\u00e7\u00e3o das fichas deve vir acompanhada das notas fiscais de compra do material e de venda para possibilitar a confer\u00eancia dos dados.<\/div>\n<div>\nO descumprimento da lei acarreta em multa no valor de R$ 1 mil, que ser\u00e1 dobrado em caso de reincid\u00eancia. Para denunciar locais que estejam vendendo de forma irregular, os cidad\u00e3os devem enviar mensagem por whatsapp para o telefone (32) 3690-7984. Os valores arrecadados com o pagamento das multas ser\u00e3o recolhidos para o Fundo Municipal de Prote\u00e7\u00e3o dos Animais (Funpan).<\/div>\n<div>\nO texto original do projeto de lei foi apresentado pelo vereador Marlon Siqueira e teve duas emendas apresentadas pela vereadora K\u00e1tia Franco.\u00a0<a href=\"https:\/\/www.pjf.mg.gov.br\/noticias\/view.php?modo=link2&amp;idnoticia2=73389\"><strong>A lei foi sancionada pela prefeita Margarida Salom\u00e3o no dia 3 de dezembro.<\/strong><\/a><\/div>\n","protected":false},"excerpt":{"rendered":"<p>Em Juiz de Fora\u00a0est\u00e1 proibido o manuseio, a utiliza\u00e7\u00e3o, a queima e a soltura de fogos de\u00a0 artif\u00edcio\u00a0mais ruidosos: os das categorias &#8220;C&#8221; e &#8220;D&#8221;. A lei visa a preservar a sa\u00fade de animais, pessoas acamadas, pessoas autistas e internos de hospitais que, em geral, s\u00e3o afetados pelo barulho das explos\u00f5es. Segundo informa\u00e7\u00f5es do site [&hellip;]<\/p>\n","protected":false},"author":246,"featured_media":192906,"comment_status":"closed","ping_status":"closed","sticky":false,"template":"","format":"standard","meta":{"footnotes":""},"categories":[253,436,439],"tags":[],"class_list":["post-192905","post","type-post","status-publish","format-standard","has-post-thumbnail","hentry","category-cidade","category-destaque-da-semana","category-ultima-hora"],"_links":{"self":[{"href":"https:\/\/diarioregionaldigital.com.br\/index.php?rest_route=\/wp\/v2\/posts\/192905","targetHints":{"allow":["GET"]}}],"collection":[{"href":"https:\/\/diarioregionaldigital.com.br\/index.php?rest_route=\/wp\/v2\/posts"}],"about":[{"href":"https:\/\/diarioregionaldigital.com.br\/index.php?rest_route=\/wp\/v2\/types\/post"}],"author":[{"embeddable":true,"href":"https:\/\/diarioregionaldigital.com.br\/index.php?rest_route=\/wp\/v2\/users\/246"}],"replies":[{"embeddable":true,"href":"https:\/\/diarioregionaldigital.com.br\/index.php?rest_route=%2Fwp%2Fv2%2Fcomments&post=192905"}],"version-history":[{"count":1,"href":"https:\/\/diarioregionaldigital.com.br\/index.php?rest_route=\/wp\/v2\/posts\/192905\/revisions"}],"predecessor-version":[{"id":192907,"href":"https:\/\/diarioregionaldigital.com.br\/index.php?rest_route=\/wp\/v2\/posts\/192905\/revisions\/192907"}],"wp:featuredmedia":[{"embeddable":true,"href":"https:\/\/diarioregionaldigital.com.br\/index.php?rest_route=\/wp\/v2\/media\/192906"}],"wp:attachment":[{"href":"https:\/\/diarioregionaldigital.com.br\/index.php?rest_route=%2Fwp%2Fv2%2Fmedia&parent=192905"}],"wp:term":[{"taxonomy":"category","embeddable":true,"href":"https:\/\/diarioregionaldigital.com.br\/index.php?rest_route=%2Fwp%2Fv2%2Fcategories&post=192905"},{"taxonomy":"post_tag","embeddable":true,"href":"https:\/\/diarioregionaldigital.com.br\/index.php?rest_route=%2Fwp%2Fv2%2Ftags&post=192905"}],"curies":[{"name":"wp","href":"https:\/\/api.w.org\/{rel}","templated":true}]}}