{"id":192902,"date":"2021-12-27T15:14:59","date_gmt":"2021-12-27T18:14:59","guid":{"rendered":"https:\/\/diarioregionaldigital.com.br\/?p=192902"},"modified":"2021-12-27T15:14:59","modified_gmt":"2021-12-27T18:14:59","slug":"juiz-de-fora-se-destaca-na-geracao-de-empregos-em-minas-e-no-brasil","status":"publish","type":"post","link":"https:\/\/diarioregionaldigital.com.br\/?p=192902","title":{"rendered":"Juiz de Fora se destaca na gera\u00e7\u00e3o de empregos em Minas e no Brasil"},"content":{"rendered":"<p>Segundo informa\u00e7\u00f5es do site da Prefeitura de Juiz de Fora, o Cadastro Geral de Empregados e Desempregados (Caged), divulgado na quinta-feira, 23, pelo Minist\u00e9rio da Economia, aponta que Juiz de Fora ficou com saldo positivo no m\u00eas de novembro, com a gera\u00e7\u00e3o de mais 1.594 postos de trabalho. O saldo \u00e9 a diferen\u00e7a entre 5.357 admiss\u00f5es e 3.763 desligamentos no per\u00edodo. No acumulado de 2021, a cidade tem saldo positivo de 6.866 empregos. \u201cEssa \u00e9 uma \u00f3tima not\u00edcia e mostra que a cidade est\u00e1 reagindo. Vamos persistir nesse caminho que nos leva a uma situa\u00e7\u00e3o muito favor\u00e1vel frente a Minas Gerais e ao Brasil. Juiz de Fora destaca-se no panorama mineiro e nacional. Nesse caminho, fortalecendo setores consolidados e trazendo novos investimentos, tenho certeza de que o ano de 2022 ser\u00e1 de prosperidade para todos n\u00f3s\u201d, destacou a prefeita de Juiz de Fora, Margarida Salom\u00e3o.<\/p>\n<p>Em rela\u00e7\u00e3o ao m\u00eas anterior, quando foram gerados 430 postos de trabalho, Juiz de Fora apresentou crescimento de 270,7%, liderando a tend\u00eancia de alta em rela\u00e7\u00e3o a Minas Gerais a ao Brasil, com percentuais de 17,70% e 34,06%, respectivamente Em novembro, o estado registrou saldo de gera\u00e7\u00e3o de postos de trabalho de 24.035, e o pa\u00eds registrou 324.112. Em outubro, foram 20.411 e 241.766 novos postos.<\/p>\n<p>Para o Secret\u00e1rio de Desenvolvimento Sustent\u00e1vel e Inclusivo, da Inova\u00e7\u00e3o e Competitividade (Sedic), Ignacio Jos\u00e9 Godinho Delgado, os resultados positivos que Juiz de Fora v\u00eam obtendo no Caged, dentre outros fatores, atestam a eleva\u00e7\u00e3o da confian\u00e7a dos empreendedores em investir na cidade. \u201cVale destacar a forma como a cidade vem lidando com a pandemia, com uma gest\u00e3o respons\u00e1vel que permite avan\u00e7os progressivos na retomada das atividades, sem retrocessos, como ocorreu em v\u00e1rias cidades. Por seu turno, a melhoria no ambiente de neg\u00f3cios, manifesto na redu\u00e7\u00e3o do tempo para abertura de empresas e sua regulariza\u00e7\u00e3o, resultante da articula\u00e7\u00e3o de v\u00e1rios \u00f3rg\u00e3os da administra\u00e7\u00e3o na Sala do Empreendedor, junto a outras medidas para conferir agilidade \u00e0 administra\u00e7\u00e3o, d\u00e3o uma sinaliza\u00e7\u00e3o para a cidade de que Juiz de Fora \u00e9 um lugar cada vez mais amistoso a novos empreendimentos. H\u00e1 muito ainda a fazer e melhorar. Mas estamos no caminho certo\u201d, destacou.<\/p>\n<p>Neste m\u00eas, a cidade registrou um saldo positivo de 885 postos com perfil feminino, enquanto o masculino registrou um saldo positivo de 709 postos. Destes, destacam-se os profissionais com ensino m\u00e9dio completo (905) e m\u00e9dio incompleto (207). Considerando a faixa et\u00e1ria, a maioria, 792 empregados, t\u00eam de 18 a 24 anos.<\/p>\n<p>O setor que obteve o melhor saldo foi o de Com\u00e9rcio (778), seguido pelo de Servi\u00e7os (670), de Ind\u00fastria (139) e Agropecu\u00e1ria (11). J\u00e1 o setor da Constru\u00e7\u00e3o Civil, apresentou saldo negativo de 4 postos em novembro. Destacam-se as vagas de Trabalhadores dos Servi\u00e7os, Vendedores do Com\u00e9rcio em Lojas e Mercados (860) e Trabalhadores de Servi\u00e7os Administrativos (354).<\/p>\n<p><strong>Acumulado do ano<\/strong><\/p>\n<p>Do total de 6.866 empregos gerados na cidade de janeiro a novembro, 2.973 s\u00e3o do setor de Servi\u00e7os, 1.843 do Com\u00e9rcio, 1.058 da Ind\u00fastria, 984 da Constru\u00e7\u00e3o Civil e 8 da Agropecu\u00e1ria.<\/p>\n","protected":false},"excerpt":{"rendered":"<p>Segundo informa\u00e7\u00f5es do site da Prefeitura de Juiz de Fora, o Cadastro Geral de Empregados e Desempregados (Caged), divulgado na quinta-feira, 23, pelo Minist\u00e9rio da Economia, aponta que Juiz de Fora ficou com saldo positivo no m\u00eas de novembro, com a gera\u00e7\u00e3o de mais 1.594 postos de trabalho. O saldo \u00e9 a diferen\u00e7a entre 5.357 [&hellip;]<\/p>\n","protected":false},"author":246,"featured_media":192903,"comment_status":"closed","ping_status":"closed","sticky":false,"template":"","format":"standard","meta":{"footnotes":""},"categories":[253,436,440,439],"tags":[],"class_list":["post-192902","post","type-post","status-publish","format-standard","has-post-thumbnail","hentry","category-cidade","category-destaque-da-semana","category-destaques-do-dia","category-ultima-hora"],"_links":{"self":[{"href":"https:\/\/diarioregionaldigital.com.br\/index.php?rest_route=\/wp\/v2\/posts\/192902","targetHints":{"allow":["GET"]}}],"collection":[{"href":"https:\/\/diarioregionaldigital.com.br\/index.php?rest_route=\/wp\/v2\/posts"}],"about":[{"href":"https:\/\/diarioregionaldigital.com.br\/index.php?rest_route=\/wp\/v2\/types\/post"}],"author":[{"embeddable":true,"href":"https:\/\/diarioregionaldigital.com.br\/index.php?rest_route=\/wp\/v2\/users\/246"}],"replies":[{"embeddable":true,"href":"https:\/\/diarioregionaldigital.com.br\/index.php?rest_route=%2Fwp%2Fv2%2Fcomments&post=192902"}],"version-history":[{"count":1,"href":"https:\/\/diarioregionaldigital.com.br\/index.php?rest_route=\/wp\/v2\/posts\/192902\/revisions"}],"predecessor-version":[{"id":192904,"href":"https:\/\/diarioregionaldigital.com.br\/index.php?rest_route=\/wp\/v2\/posts\/192902\/revisions\/192904"}],"wp:featuredmedia":[{"embeddable":true,"href":"https:\/\/diarioregionaldigital.com.br\/index.php?rest_route=\/wp\/v2\/media\/192903"}],"wp:attachment":[{"href":"https:\/\/diarioregionaldigital.com.br\/index.php?rest_route=%2Fwp%2Fv2%2Fmedia&parent=192902"}],"wp:term":[{"taxonomy":"category","embeddable":true,"href":"https:\/\/diarioregionaldigital.com.br\/index.php?rest_route=%2Fwp%2Fv2%2Fcategories&post=192902"},{"taxonomy":"post_tag","embeddable":true,"href":"https:\/\/diarioregionaldigital.com.br\/index.php?rest_route=%2Fwp%2Fv2%2Ftags&post=192902"}],"curies":[{"name":"wp","href":"https:\/\/api.w.org\/{rel}","templated":true}]}}