{"id":192899,"date":"2021-12-27T15:10:39","date_gmt":"2021-12-27T18:10:39","guid":{"rendered":"https:\/\/diarioregionaldigital.com.br\/?p=192899"},"modified":"2021-12-27T15:10:39","modified_gmt":"2021-12-27T18:10:39","slug":"tite-aparece-em-ranking-de-melhores-tecnicos-do-mundo","status":"publish","type":"post","link":"https:\/\/diarioregionaldigital.com.br\/?p=192899","title":{"rendered":"Tite aparece em ranking de melhores t\u00e9cnicos do mundo"},"content":{"rendered":"<p>O comandante da sele\u00e7\u00e3o do Brasil, Tite, \u00e9 o \u00fanico brasileiro no ranking de melhores t\u00e9cnicos de futebol do mundo elaborado pela revista especializada\u00a0<em>Four Four Two<\/em>. Ele est\u00e1 na 35\u00aa posi\u00e7\u00e3o da rela\u00e7\u00e3o.<img decoding=\"async\" src=\"https:\/\/agenciabrasil.ebc.com.br\/ebc.png?id=1433980&amp;o=node\" \/><img decoding=\"async\" src=\"https:\/\/agenciabrasil.ebc.com.br\/ebc.gif?id=1433980&amp;o=node\" \/><\/p>\n<p>Segundo a publica\u00e7\u00e3o inglesa, \u201co t\u00e9cnico do Brasil completou 60 anos este ano, lan\u00e7ou uma gera\u00e7\u00e3o de estrelas da sele\u00e7\u00e3o e chegou \u00e0 final da Copa Am\u00e9rica &#8211; seu time estar\u00e1 entre os favoritos para a Copa do Mundo no ano que vem e ele ainda \u00e9 um t\u00e9cnico de sele\u00e7\u00e3o astuto, capaz de encontrar harmonia entre as estrelas do samba do Brasil\u201d.<\/p>\n<p>O primeiro colocado no ranking \u00e9 o espanhol Pep Guardiola, que comanda o Manchester City (Inglaterra), sendo seguido pelos alem\u00e3es J\u00fcrgen Klopp, do Liverpool (Inglaterra), e Thomas Tuchel, do Chelsea (Inglaterra).<\/p>\n<p><span style=\"font-weight: 400;\">Fonte: Ag\u00eancia Brasil <\/span><\/p>\n","protected":false},"excerpt":{"rendered":"<p>O comandante da sele\u00e7\u00e3o do Brasil, Tite, \u00e9 o \u00fanico brasileiro no ranking de melhores t\u00e9cnicos de futebol do mundo elaborado pela revista especializada\u00a0Four Four Two. Ele est\u00e1 na 35\u00aa posi\u00e7\u00e3o da rela\u00e7\u00e3o. Segundo a publica\u00e7\u00e3o inglesa, \u201co t\u00e9cnico do Brasil completou 60 anos este ano, lan\u00e7ou uma gera\u00e7\u00e3o de estrelas da sele\u00e7\u00e3o e chegou [&hellip;]<\/p>\n","protected":false},"author":246,"featured_media":192900,"comment_status":"closed","ping_status":"closed","sticky":false,"template":"","format":"standard","meta":{"footnotes":""},"categories":[436,257,439],"tags":[],"class_list":["post-192899","post","type-post","status-publish","format-standard","has-post-thumbnail","hentry","category-destaque-da-semana","category-esporte","category-ultima-hora"],"_links":{"self":[{"href":"https:\/\/diarioregionaldigital.com.br\/index.php?rest_route=\/wp\/v2\/posts\/192899","targetHints":{"allow":["GET"]}}],"collection":[{"href":"https:\/\/diarioregionaldigital.com.br\/index.php?rest_route=\/wp\/v2\/posts"}],"about":[{"href":"https:\/\/diarioregionaldigital.com.br\/index.php?rest_route=\/wp\/v2\/types\/post"}],"author":[{"embeddable":true,"href":"https:\/\/diarioregionaldigital.com.br\/index.php?rest_route=\/wp\/v2\/users\/246"}],"replies":[{"embeddable":true,"href":"https:\/\/diarioregionaldigital.com.br\/index.php?rest_route=%2Fwp%2Fv2%2Fcomments&post=192899"}],"version-history":[{"count":1,"href":"https:\/\/diarioregionaldigital.com.br\/index.php?rest_route=\/wp\/v2\/posts\/192899\/revisions"}],"predecessor-version":[{"id":192901,"href":"https:\/\/diarioregionaldigital.com.br\/index.php?rest_route=\/wp\/v2\/posts\/192899\/revisions\/192901"}],"wp:featuredmedia":[{"embeddable":true,"href":"https:\/\/diarioregionaldigital.com.br\/index.php?rest_route=\/wp\/v2\/media\/192900"}],"wp:attachment":[{"href":"https:\/\/diarioregionaldigital.com.br\/index.php?rest_route=%2Fwp%2Fv2%2Fmedia&parent=192899"}],"wp:term":[{"taxonomy":"category","embeddable":true,"href":"https:\/\/diarioregionaldigital.com.br\/index.php?rest_route=%2Fwp%2Fv2%2Fcategories&post=192899"},{"taxonomy":"post_tag","embeddable":true,"href":"https:\/\/diarioregionaldigital.com.br\/index.php?rest_route=%2Fwp%2Fv2%2Ftags&post=192899"}],"curies":[{"name":"wp","href":"https:\/\/api.w.org\/{rel}","templated":true}]}}