{"id":192893,"date":"2021-12-27T15:06:58","date_gmt":"2021-12-27T18:06:58","guid":{"rendered":"https:\/\/diarioregionaldigital.com.br\/?p=192893"},"modified":"2021-12-27T15:06:58","modified_gmt":"2021-12-27T18:06:58","slug":"sao-paulo-fecha-com-o-goleiro-jandrei","status":"publish","type":"post","link":"https:\/\/diarioregionaldigital.com.br\/?p=192893","title":{"rendered":"S\u00e3o Paulo fecha com o goleiro Jandrei"},"content":{"rendered":"<p>O S\u00e3o Paulo anunciou nesta sexta-feira (24) o acerto com o goleiro Jandrei, que estava no Santos. O jogador de 28 anos firmou, com o Tricolor, um contrato at\u00e9 o dia 31 de dezembro de 2023.<img decoding=\"async\" src=\"https:\/\/agenciabrasil.ebc.com.br\/ebc.png?id=1433853&amp;o=node\" \/><img decoding=\"async\" src=\"https:\/\/agenciabrasil.ebc.com.br\/ebc.gif?id=1433853&amp;o=node\" \/><\/p>\n<p>Jandrei \u00e9 a segunda contrata\u00e7\u00e3o para a pr\u00f3xima temporada do time do Morumbi, que j\u00e1 havia acertado com o lateral-direito Rafinha, que estava no Gr\u00eamio. Os dois jogadores se apresentam ao t\u00e9cnico Rog\u00e9rio Ceni em janeiro de 2022, ap\u00f3s o per\u00edodo de festas do final do ano.<\/p>\n<p><strong>Renan no Drag\u00e3o<\/strong><\/p>\n<p>Outra equipe a anunciar um novo goleiro para a pr\u00f3xima temporada foi o Atl\u00e9tico-GO. O Drag\u00e3o fechou com Renan, que estava no Ludogorets (Bulg\u00e1ria), e que foi revelado pelo Botafogo.<\/p>\n<p>Em uma postagem ns redes sociais do Atl\u00e9tico-GO, o goleiro de 32 anoa afirmou: \u201cQuero dizer que estou muito feliz e motivado com esta oportunidade da minha carreira. Que seja um ano de 2022 cheio de vit\u00f3rias e de conquistas para todos n\u00f3s\u201d.<\/p>\n<p><span style=\"font-weight: 400;\">Fonte: Ag\u00eancia Brasil <\/span><\/p>\n","protected":false},"excerpt":{"rendered":"<p>O S\u00e3o Paulo anunciou nesta sexta-feira (24) o acerto com o goleiro Jandrei, que estava no Santos. O jogador de 28 anos firmou, com o Tricolor, um contrato at\u00e9 o dia 31 de dezembro de 2023. Jandrei \u00e9 a segunda contrata\u00e7\u00e3o para a pr\u00f3xima temporada do time do Morumbi, que j\u00e1 havia acertado com o [&hellip;]<\/p>\n","protected":false},"author":246,"featured_media":192894,"comment_status":"closed","ping_status":"closed","sticky":false,"template":"","format":"standard","meta":{"footnotes":""},"categories":[436,257,439],"tags":[],"class_list":["post-192893","post","type-post","status-publish","format-standard","has-post-thumbnail","hentry","category-destaque-da-semana","category-esporte","category-ultima-hora"],"_links":{"self":[{"href":"https:\/\/diarioregionaldigital.com.br\/index.php?rest_route=\/wp\/v2\/posts\/192893","targetHints":{"allow":["GET"]}}],"collection":[{"href":"https:\/\/diarioregionaldigital.com.br\/index.php?rest_route=\/wp\/v2\/posts"}],"about":[{"href":"https:\/\/diarioregionaldigital.com.br\/index.php?rest_route=\/wp\/v2\/types\/post"}],"author":[{"embeddable":true,"href":"https:\/\/diarioregionaldigital.com.br\/index.php?rest_route=\/wp\/v2\/users\/246"}],"replies":[{"embeddable":true,"href":"https:\/\/diarioregionaldigital.com.br\/index.php?rest_route=%2Fwp%2Fv2%2Fcomments&post=192893"}],"version-history":[{"count":1,"href":"https:\/\/diarioregionaldigital.com.br\/index.php?rest_route=\/wp\/v2\/posts\/192893\/revisions"}],"predecessor-version":[{"id":192895,"href":"https:\/\/diarioregionaldigital.com.br\/index.php?rest_route=\/wp\/v2\/posts\/192893\/revisions\/192895"}],"wp:featuredmedia":[{"embeddable":true,"href":"https:\/\/diarioregionaldigital.com.br\/index.php?rest_route=\/wp\/v2\/media\/192894"}],"wp:attachment":[{"href":"https:\/\/diarioregionaldigital.com.br\/index.php?rest_route=%2Fwp%2Fv2%2Fmedia&parent=192893"}],"wp:term":[{"taxonomy":"category","embeddable":true,"href":"https:\/\/diarioregionaldigital.com.br\/index.php?rest_route=%2Fwp%2Fv2%2Fcategories&post=192893"},{"taxonomy":"post_tag","embeddable":true,"href":"https:\/\/diarioregionaldigital.com.br\/index.php?rest_route=%2Fwp%2Fv2%2Ftags&post=192893"}],"curies":[{"name":"wp","href":"https:\/\/api.w.org\/{rel}","templated":true}]}}