{"id":192890,"date":"2021-12-27T15:01:10","date_gmt":"2021-12-27T18:01:10","guid":{"rendered":"https:\/\/diarioregionaldigital.com.br\/?p=192890"},"modified":"2021-12-27T15:01:10","modified_gmt":"2021-12-27T18:01:10","slug":"japao-nao-enviara-delegacao-governamental-aos-jogos-de-inverno","status":"publish","type":"post","link":"https:\/\/diarioregionaldigital.com.br\/?p=192890","title":{"rendered":"Jap\u00e3o n\u00e3o enviar\u00e1 delega\u00e7\u00e3o governamental aos Jogos de Inverno"},"content":{"rendered":"<p>O Jap\u00e3o n\u00e3o enviar\u00e1 uma delega\u00e7\u00e3o governamental aos Jogos Ol\u00edmpicos de Inverno em Pequim, em fevereiro, anunciou o governo japon\u00eas nesta sexta-feira (24), uma medida que deve aprofundar as tens\u00f5es com a China.<img decoding=\"async\" src=\"https:\/\/agenciabrasil.ebc.com.br\/ebc.png?id=1433851&amp;o=node\" \/><img decoding=\"async\" src=\"https:\/\/agenciabrasil.ebc.com.br\/ebc.gif?id=1433851&amp;o=node\" \/><\/p>\n<p>A decis\u00e3o segue o boicote diplom\u00e1tico liderado pelos EUA aos Jogos por conta de preocupa\u00e7\u00f5es com os direitos humanos na China, embora o Jap\u00e3o tenha evitado classificar explicitamente sua medida como tal.<\/p>\n<p>O Jap\u00e3o, apesar de ser um parceiro dos Estados Unidos, tamb\u00e9m tem la\u00e7os econ\u00f4micos fortes com a China.<\/p>\n<p>T\u00f3quio n\u00e3o enviar\u00e1 uma delega\u00e7\u00e3o governamental aos Jogos Ol\u00edmpicos de 2022, mas, em vez disso, enviar\u00e1 algumas autoridades com liga\u00e7\u00f5es diretas \u00e0s Olimp\u00edadas, afirmou o secret\u00e1rio-chefe de Gabinete, Hirokazu Matsuno, em um pronunciamento \u00e0 imprensa.<\/p>\n<p>Entre as autoridades est\u00e3o Seiko Hashimoto, diretora do comit\u00ea organizador dos Jogos de T\u00f3quio 2020, assim como diretores de comit\u00eas Ol\u00edmpicos e Paral\u00edmpicos.<\/p>\n<p>\u201cO Jap\u00e3o acredita que \u00e9 importante para a China garantir liberdade, respeito por direitos humanos b\u00e1sicos e ao Estado de Direito, valores universais da comunidade internacional\u201d, afirmou Matsuno.<\/p>\n<p>Em Pequim, Zhao Lijian, um porta-voz do Minist\u00e9rio das Rela\u00e7\u00f5es Exteriores chin\u00eas, disse em uma entrevista coletiva de rotina que a China sa\u00fada a vinda de representantes ol\u00edmpicos e dos atletas do Jap\u00e3o. A China n\u00e3o enviou uma delega\u00e7\u00e3o governamental aos Jogos Ol\u00edmpicos de Ver\u00e3o de T\u00f3quio neste ano, mas somente uma delega\u00e7\u00e3o esportiva, comandada pelo chefe do bureau esportivo do pa\u00eds.<\/p>\n<p><span style=\"font-weight: 400;\"><br \/>\n<\/span><span style=\"font-weight: 400;\">Fonte: Ag\u00eancia Brasil <\/span><\/p>\n","protected":false},"excerpt":{"rendered":"<p>O Jap\u00e3o n\u00e3o enviar\u00e1 uma delega\u00e7\u00e3o governamental aos Jogos Ol\u00edmpicos de Inverno em Pequim, em fevereiro, anunciou o governo japon\u00eas nesta sexta-feira (24), uma medida que deve aprofundar as tens\u00f5es com a China. A decis\u00e3o segue o boicote diplom\u00e1tico liderado pelos EUA aos Jogos por conta de preocupa\u00e7\u00f5es com os direitos humanos na China, embora [&hellip;]<\/p>\n","protected":false},"author":246,"featured_media":192891,"comment_status":"closed","ping_status":"closed","sticky":false,"template":"","format":"standard","meta":{"footnotes":""},"categories":[436,257,439],"tags":[],"class_list":["post-192890","post","type-post","status-publish","format-standard","has-post-thumbnail","hentry","category-destaque-da-semana","category-esporte","category-ultima-hora"],"_links":{"self":[{"href":"https:\/\/diarioregionaldigital.com.br\/index.php?rest_route=\/wp\/v2\/posts\/192890","targetHints":{"allow":["GET"]}}],"collection":[{"href":"https:\/\/diarioregionaldigital.com.br\/index.php?rest_route=\/wp\/v2\/posts"}],"about":[{"href":"https:\/\/diarioregionaldigital.com.br\/index.php?rest_route=\/wp\/v2\/types\/post"}],"author":[{"embeddable":true,"href":"https:\/\/diarioregionaldigital.com.br\/index.php?rest_route=\/wp\/v2\/users\/246"}],"replies":[{"embeddable":true,"href":"https:\/\/diarioregionaldigital.com.br\/index.php?rest_route=%2Fwp%2Fv2%2Fcomments&post=192890"}],"version-history":[{"count":1,"href":"https:\/\/diarioregionaldigital.com.br\/index.php?rest_route=\/wp\/v2\/posts\/192890\/revisions"}],"predecessor-version":[{"id":192892,"href":"https:\/\/diarioregionaldigital.com.br\/index.php?rest_route=\/wp\/v2\/posts\/192890\/revisions\/192892"}],"wp:featuredmedia":[{"embeddable":true,"href":"https:\/\/diarioregionaldigital.com.br\/index.php?rest_route=\/wp\/v2\/media\/192891"}],"wp:attachment":[{"href":"https:\/\/diarioregionaldigital.com.br\/index.php?rest_route=%2Fwp%2Fv2%2Fmedia&parent=192890"}],"wp:term":[{"taxonomy":"category","embeddable":true,"href":"https:\/\/diarioregionaldigital.com.br\/index.php?rest_route=%2Fwp%2Fv2%2Fcategories&post=192890"},{"taxonomy":"post_tag","embeddable":true,"href":"https:\/\/diarioregionaldigital.com.br\/index.php?rest_route=%2Fwp%2Fv2%2Ftags&post=192890"}],"curies":[{"name":"wp","href":"https:\/\/api.w.org\/{rel}","templated":true}]}}