{"id":192887,"date":"2021-12-27T14:56:51","date_gmt":"2021-12-27T17:56:51","guid":{"rendered":"https:\/\/diarioregionaldigital.com.br\/?p=192887"},"modified":"2021-12-27T14:56:51","modified_gmt":"2021-12-27T17:56:51","slug":"novo-protocolo-traz-mais-seguranca-para-pacientes-de-utis-em-unidade-da-fhemig","status":"publish","type":"post","link":"https:\/\/diarioregionaldigital.com.br\/?p=192887","title":{"rendered":"Novo protocolo traz mais seguran\u00e7a para pacientes de UTIs em unidade da Fhemig"},"content":{"rendered":"<p>O Hospital J\u00falia Kubitschek (HJK), administrado pela\u00a0<a href=\"http:\/\/www.fhemig.mg.gov.br\/\" target=\"_blank\" rel=\"noopener\">Funda\u00e7\u00e3o Hospitalar do Estado de Minas Gerais (Fhemig)<\/a>, conta com um novo protocolo na Unidade de Tratamento Intensivo (UTI), que visa evitar falhas na extuba\u00e7\u00e3o de pacientes. A transforma\u00e7\u00e3o de um Procedimento Operacional Padr\u00e3o (POP) em um checklist impresso, com a assinatura do m\u00e9dico, do\u00a0fisioterapeuta e do\u00a0enfermeiro da equipe respons\u00e1vel, oferece mais seguran\u00e7a a pacientes e profissionais.<\/p>\n<p>A implanta\u00e7\u00e3o do checklist no HJK ocorreu ap\u00f3s pesquisa realizada pela pr\u00f3pria equipe multidisciplinar do Complexo de Especialidades da Fhemig em outras unidades hospitalares, nas quais este protocolo j\u00e1 era utilizado com resultados positivos, sendo identificados facilmente os motivos das falhas de extuba\u00e7\u00e3o. \u201cAp\u00f3s este estudo, adaptamos alguns modelos para a realidade do nosso hospital\u201d, conta a coordenadora da equipe, Erika In\u00e1cio.<\/p>\n<p>Segundo Erika, fisioterapeuta, o checklist \u00e9 considerado um documento, que \u00e9 anexado ao prontu\u00e1rio do paciente. &#8220;Futuramente, ele nos permitir\u00e1 quantificar as falhas de extuba\u00e7\u00e3o e identificar seus motivos, transformando-se em um indicador. Al\u00e9m disso, ele auxilia os profissionais em todas as tomadas de decis\u00f5es durante o procedimento\u201d, afirma a coordenadora.<\/p>\n<p><b>Crit\u00e9rios<\/b><\/p>\n<p>Durante o checklist, s\u00e3o verificados, inicialmente, os principais crit\u00e9rios necess\u00e1rios para que o paciente possa ser extubado com seguran\u00e7a. \u201cO primeiro deles \u00e9 se a causa prim\u00e1ria da intuba\u00e7\u00e3o foi resolvida. Em caso positivo, j\u00e1 \u00e9 um passo para extubarmos o paciente\u201d, explica Erika.<\/p>\n<p>Em sequ\u00eancia, \u00e9 verificado se ele tamb\u00e9m consegue realizar todo o ciclo respirat\u00f3rio sozinho. \u201cSe a sua frequ\u00eancia respirat\u00f3ria \u00e9 espont\u00e2nea, e ele puxa a quantidade de ar que quer \u2013 o que chamamos de press\u00e3o de suporte -, j\u00e1 podemos considerar a extuba\u00e7\u00e3o\u201d, completa a profissional.<\/p>\n<p>Al\u00e9m dos crit\u00e9rios primordiais, tamb\u00e9m s\u00e3o avaliados outros fatores pelo checklist. Exemplos s\u00e3o verificar se a hemoglobina do paciente est\u00e1 muito baixa, se ele possui excesso de secre\u00e7\u00e3o, se existe febre e se a gasometria se encontra dentro dos par\u00e2metros.<\/p>\n<p>\u201cSe ap\u00f3s a realiza\u00e7\u00e3o do checklist tudo estiver dentro do esperado, fazemos o \u2018Teste de Respira\u00e7\u00e3o Espont\u00e2nea (TRE)\u2019, que ser\u00e1 mais uma garantia de que o procedimento poder\u00e1 ser conduzido com seguran\u00e7a\u201d, finaliza a fisioterapeuta.<\/p>\n<p><span style=\"font-weight: 400;\"><br \/>\n<\/span><span style=\"font-weight: 400;\">Fonte: Ag\u00eancia Minas <\/span><\/p>\n","protected":false},"excerpt":{"rendered":"<p>O Hospital J\u00falia Kubitschek (HJK), administrado pela\u00a0Funda\u00e7\u00e3o Hospitalar do Estado de Minas Gerais (Fhemig), conta com um novo protocolo na Unidade de Tratamento Intensivo (UTI), que visa evitar falhas na extuba\u00e7\u00e3o de pacientes. A transforma\u00e7\u00e3o de um Procedimento Operacional Padr\u00e3o (POP) em um checklist impresso, com a assinatura do m\u00e9dico, do\u00a0fisioterapeuta e do\u00a0enfermeiro da equipe [&hellip;]<\/p>\n","protected":false},"author":246,"featured_media":192888,"comment_status":"closed","ping_status":"closed","sticky":false,"template":"","format":"standard","meta":{"footnotes":""},"categories":[436,254,439],"tags":[],"class_list":["post-192887","post","type-post","status-publish","format-standard","has-post-thumbnail","hentry","category-destaque-da-semana","category-politica","category-ultima-hora"],"_links":{"self":[{"href":"https:\/\/diarioregionaldigital.com.br\/index.php?rest_route=\/wp\/v2\/posts\/192887","targetHints":{"allow":["GET"]}}],"collection":[{"href":"https:\/\/diarioregionaldigital.com.br\/index.php?rest_route=\/wp\/v2\/posts"}],"about":[{"href":"https:\/\/diarioregionaldigital.com.br\/index.php?rest_route=\/wp\/v2\/types\/post"}],"author":[{"embeddable":true,"href":"https:\/\/diarioregionaldigital.com.br\/index.php?rest_route=\/wp\/v2\/users\/246"}],"replies":[{"embeddable":true,"href":"https:\/\/diarioregionaldigital.com.br\/index.php?rest_route=%2Fwp%2Fv2%2Fcomments&post=192887"}],"version-history":[{"count":1,"href":"https:\/\/diarioregionaldigital.com.br\/index.php?rest_route=\/wp\/v2\/posts\/192887\/revisions"}],"predecessor-version":[{"id":192889,"href":"https:\/\/diarioregionaldigital.com.br\/index.php?rest_route=\/wp\/v2\/posts\/192887\/revisions\/192889"}],"wp:featuredmedia":[{"embeddable":true,"href":"https:\/\/diarioregionaldigital.com.br\/index.php?rest_route=\/wp\/v2\/media\/192888"}],"wp:attachment":[{"href":"https:\/\/diarioregionaldigital.com.br\/index.php?rest_route=%2Fwp%2Fv2%2Fmedia&parent=192887"}],"wp:term":[{"taxonomy":"category","embeddable":true,"href":"https:\/\/diarioregionaldigital.com.br\/index.php?rest_route=%2Fwp%2Fv2%2Fcategories&post=192887"},{"taxonomy":"post_tag","embeddable":true,"href":"https:\/\/diarioregionaldigital.com.br\/index.php?rest_route=%2Fwp%2Fv2%2Ftags&post=192887"}],"curies":[{"name":"wp","href":"https:\/\/api.w.org\/{rel}","templated":true}]}}