{"id":192884,"date":"2021-12-27T14:55:27","date_gmt":"2021-12-27T17:55:27","guid":{"rendered":"https:\/\/diarioregionaldigital.com.br\/?p=192884"},"modified":"2021-12-27T14:55:27","modified_gmt":"2021-12-27T17:55:27","slug":"atracoes-da-rota-peter-lund-serao-fechadas-ao-publico-temporariamente","status":"publish","type":"post","link":"https:\/\/diarioregionaldigital.com.br\/?p=192884","title":{"rendered":"Atra\u00e7\u00f5es da Rota Peter Lund ser\u00e3o fechadas ao p\u00fablico temporariamente"},"content":{"rendered":"<p>A partir desta segunda-feira (27\/12), as tr\u00eas unidades de conserva\u00e7\u00e3o pertencentes \u00e0 Rota das Grutas Peter Lund ficar\u00e3o fechadas para o p\u00fablico. O Monumento Natural Peter Lund, na Gruta de Maquin\u00e9, em Cordisburgo, e o Monumento Natural Gruta Rei do Mato, em Sete Lagoas, estar\u00e3o com visitas suspensas at\u00e9 2\/1. J\u00e1 o Parque Estadual do Sumidouro, localizado nos munic\u00edpios de Pedro Leopoldo e Lagoa Santa, ficar\u00e1 inacess\u00edvel temporariamente, por\u00e9m, sem data definida para reabertura.<\/p>\n<p>Os fechamentos s\u00e3o necess\u00e1rios para que a Concession\u00e1ria Rota das Grutas Peter Lund SPE, composta pelas empresas Urbanes e B21, possa finalizar a transi\u00e7\u00e3o de gest\u00e3o dentro dos moldes do Programa de Concess\u00e3o de Unidades de Conserva\u00e7\u00e3o (Parc), do<a href=\"https:\/\/www.mg.gov.br\/\" target=\"_blank\" rel=\"noopener\">\u00a0Governo de Minas<\/a>. Atualmente, a responsabilidade pelas unidades \u00e9 do\u00a0<a href=\"http:\/\/www.ief.mg.gov.br\/\" target=\"_blank\" rel=\"noopener\">Instituto Estadual de Florestas (IEF)<\/a>.<\/p>\n<p>Entre as a\u00e7\u00f5es previstas para o per\u00edodo de transi\u00e7\u00e3o est\u00e3o o ajuste dos \u00faltimos detalhes log\u00edsticos, realiza\u00e7\u00e3o de pequenos reparos nas estruturas, manuten\u00e7\u00f5es das \u00e1reas verdes, entre outros. A partir de 3\/1, a empresa iniciar\u00e1 a opera\u00e7\u00e3o da visita\u00e7\u00e3o tur\u00edstica no Monumento Natural Peter Lund e no Monumento Natural Gruta Rei do Mato.<\/p>\n<p>O Parque Estadual do Sumidouro passar\u00e1 por reparos de readequa\u00e7\u00e3o da Esta\u00e7\u00e3o de Tratamento de Efluentes (ETE) e realiza\u00e7\u00e3o de pequenas manuten\u00e7\u00f5es, limpezas e reparos em geral, como, por exemplo, nas \u00e1reas verdes. Ainda n\u00e3o h\u00e1 uma data definida para que a unidade de conserva\u00e7\u00e3o seja reaberta ao p\u00fablico.<\/p>\n<p><strong>Reservas<\/strong><\/p>\n<p>As visitas para a Gruta de Maquin\u00e9 e para a Gruta Rei do Mato, a partir de 3\/1, poder\u00e3o ser agendadas de forma remota. O p\u00fablico que desejar ir at\u00e9 a Gruta de Maquin\u00e9 deve marcar por meio do WhatsApp: (31) 99564-6656 ou via e-mail, pelo\u00a0<a href=\"mailto:grutadomaquine.mnpl@gmail.com\">grutadomaquine.mnpl@gmail.com<\/a>.<br \/>\nPara visitar a Gruta Rei do Mato, \u00e9 preciso enviar um WhatsApp para o n\u00famero (31) 99669-3886 ou via e-mail, pelo\u00a0<a href=\"mailto:grutadomaquine.mnpl@gmail.com\">grutareidomato.mg@gmail.com<\/a>.<\/p>\n<p>Em breve, uma plataforma on-line ser\u00e1 disponibilizada para a compra antecipada de ingressos.<\/p>\n<p><strong>Concess\u00e3o<\/strong><\/p>\n<p>A concession\u00e1ria vencedora da licita\u00e7\u00e3o e respons\u00e1vel por gerir as unidades de conserva\u00e7\u00e3o citadas a partir de 2022 formalizou o acordo com o Governo de Minas em 5\/8. O contrato prev\u00ea que sejam investidos cerca de R$ 12 milh\u00f5es nos tr\u00eas espa\u00e7os. O dinheiro deve ser aplicado em melhorias estruturais e reformas.<\/p>\n<p>O contrato de licita\u00e7\u00e3o foi fechado no valor de R$ 294,6 milh\u00f5es, com validade de 28 anos. A concess\u00e3o tamb\u00e9m deve gerar cerca de 120 empregos diretos e 2 mil indiretos, proporcionando, tamb\u00e9m, uma economia na ordem de R$ 4 milh\u00f5es anuais aos cofres do Estado.<\/p>\n<p>Helio Militz Jr., diretor da Urbanes Parques, destaca a experi\u00eancia da empresa na gest\u00e3o de parques, como o Aldeia do Imigrante, no Rio Grande do Sul, e o Parque Estadual de Campos do Jord\u00e3o, em S\u00e3o Paulo. As tr\u00eas unidades de conserva\u00e7\u00e3o s\u00e3o as primeiras a serem administradas pela Urbanes em Minas.<\/p>\n<p>\u201cHoje, ambos os parques s\u00e3o refer\u00eancia e reconhecidos como atrativos tur\u00edsticos de maior destaque nas regi\u00f5es que est\u00e3o inseridos. E tamb\u00e9m, recentemente, assumimos a concess\u00e3o das Florestas Nacionais de Canela e S\u00e3o Francisco de Paula, ambas no Rio Grande do Sul\u201d, afirma Helio.<br \/>\nHelio Militz ressalta ainda que, por meio das parcerias p\u00fablico privadas com Estado e munic\u00edpios, a iniciativa privada tem aoportunidade de proporcionar uma experi\u00eancia diferenciada, atrelada ao turismo sustent\u00e1vel, preservando o patrim\u00f4nio hist\u00f3rico, cultural, fauna e flora de cada parque. \u201cNossa gest\u00e3o tem como premissa promover os mais altos padr\u00f5es de qualidade em servi\u00e7os e instala\u00e7\u00f5es no atendimento ao p\u00fablico.<\/p>\n<p>Considerando que n\u00e3o s\u00e3o apenas os parques e as unidades de conserva\u00e7\u00e3o que obter\u00e3o benef\u00edcios, mas sim, a regi\u00e3o como um todo, por meio de deparcerias com a comunidade local e o trade tur\u00edstico de modo geral\u201d, frisou.<\/p>\n<p><strong>Gest\u00e3o<\/strong><\/p>\n<p>As mudan\u00e7as fazem parte do Programa de Concess\u00e3o de Parques Estaduais (Parc), uma iniciativa do IEF e das Secretarias de\u00a0<a href=\"http:\/\/www.meioambiente.mg.gov.br\/\" target=\"_blank\" rel=\"noopener\">Estado de Meio Ambiente e Desenvolvimento Sustent\u00e1vel (Semad)<\/a>, de\u00a0<a href=\"https:\/\/www.secult.mg.gov.br\/\" target=\"_blank\" rel=\"noopener\">Cultura e Turismo (Secult)<\/a>\u00a0e de<a href=\"http:\/\/www.infraestrutura.mg.gov.br\/\" target=\"_blank\" rel=\"noopener\">\u00a0Infraestrutura e Mobilidade (Seinfra)<\/a>, \u00a0com intuito de desenvolver e diversificar os servi\u00e7os tur\u00edsticos das unidades de conserva\u00e7\u00e3o.<\/p>\n<p>Al\u00e9m disso, o programa tem o objetivo de contribuir para aperfei\u00e7oar a gest\u00e3o e a conserva\u00e7\u00e3o da biodiversidade, al\u00e9m de atrair investimentos e gerar empregos, entre outros benef\u00edcios. At\u00e9 2022, 20 unidades de conserva\u00e7\u00e3o atualmente administradas pelo IEF devem operar sob regime de concess\u00e3o.<\/p>\n<p>Importante destacar que o cons\u00f3rcio far\u00e1 a concess\u00e3o apenas da gest\u00e3o de servi\u00e7os e da visita\u00e7\u00e3o. A gest\u00e3o ambiental e a coordena\u00e7\u00e3o das unidades de conserva\u00e7\u00e3o permanecem sob responsabilidade do IEF.<\/p>\n<p>Para Cec\u00edlia Vilhena, coordenadora em exerc\u00edcio do N\u00facleo de Projetos Especiais do IEF, esse momento \u00e9 um marco na gest\u00e3o das unidades de conserva\u00e7\u00e3o da Rota das Grutas Peter Lund. \u201cEssas unidades receber\u00e3o novos investimentos e ir\u00e3o oferecer aos turistas uma melhor experi\u00eancia durante as visitas. Com a conclus\u00e3o da etapa de transi\u00e7\u00e3o da gest\u00e3o para o parceiro privado, o IEF poder\u00e1 se dedicar ainda mais \u00e0s a\u00e7\u00f5es de conserva\u00e7\u00e3o ambiental desses patrim\u00f4nios\u201d, frisou.<\/p>\n<p><span style=\"font-weight: 400;\">Fonte: Ag\u00eancia Minas <\/span><\/p>\n","protected":false},"excerpt":{"rendered":"<p>A partir desta segunda-feira (27\/12), as tr\u00eas unidades de conserva\u00e7\u00e3o pertencentes \u00e0 Rota das Grutas Peter Lund ficar\u00e3o fechadas para o p\u00fablico. O Monumento Natural Peter Lund, na Gruta de Maquin\u00e9, em Cordisburgo, e o Monumento Natural Gruta Rei do Mato, em Sete Lagoas, estar\u00e3o com visitas suspensas at\u00e9 2\/1. J\u00e1 o Parque Estadual do [&hellip;]<\/p>\n","protected":false},"author":246,"featured_media":192885,"comment_status":"closed","ping_status":"closed","sticky":false,"template":"","format":"standard","meta":{"footnotes":""},"categories":[436,254,439],"tags":[],"class_list":["post-192884","post","type-post","status-publish","format-standard","has-post-thumbnail","hentry","category-destaque-da-semana","category-politica","category-ultima-hora"],"_links":{"self":[{"href":"https:\/\/diarioregionaldigital.com.br\/index.php?rest_route=\/wp\/v2\/posts\/192884","targetHints":{"allow":["GET"]}}],"collection":[{"href":"https:\/\/diarioregionaldigital.com.br\/index.php?rest_route=\/wp\/v2\/posts"}],"about":[{"href":"https:\/\/diarioregionaldigital.com.br\/index.php?rest_route=\/wp\/v2\/types\/post"}],"author":[{"embeddable":true,"href":"https:\/\/diarioregionaldigital.com.br\/index.php?rest_route=\/wp\/v2\/users\/246"}],"replies":[{"embeddable":true,"href":"https:\/\/diarioregionaldigital.com.br\/index.php?rest_route=%2Fwp%2Fv2%2Fcomments&post=192884"}],"version-history":[{"count":1,"href":"https:\/\/diarioregionaldigital.com.br\/index.php?rest_route=\/wp\/v2\/posts\/192884\/revisions"}],"predecessor-version":[{"id":192886,"href":"https:\/\/diarioregionaldigital.com.br\/index.php?rest_route=\/wp\/v2\/posts\/192884\/revisions\/192886"}],"wp:featuredmedia":[{"embeddable":true,"href":"https:\/\/diarioregionaldigital.com.br\/index.php?rest_route=\/wp\/v2\/media\/192885"}],"wp:attachment":[{"href":"https:\/\/diarioregionaldigital.com.br\/index.php?rest_route=%2Fwp%2Fv2%2Fmedia&parent=192884"}],"wp:term":[{"taxonomy":"category","embeddable":true,"href":"https:\/\/diarioregionaldigital.com.br\/index.php?rest_route=%2Fwp%2Fv2%2Fcategories&post=192884"},{"taxonomy":"post_tag","embeddable":true,"href":"https:\/\/diarioregionaldigital.com.br\/index.php?rest_route=%2Fwp%2Fv2%2Ftags&post=192884"}],"curies":[{"name":"wp","href":"https:\/\/api.w.org\/{rel}","templated":true}]}}