{"id":192878,"date":"2021-12-27T14:49:56","date_gmt":"2021-12-27T17:49:56","guid":{"rendered":"https:\/\/diarioregionaldigital.com.br\/?p=192878"},"modified":"2021-12-27T14:49:56","modified_gmt":"2021-12-27T17:49:56","slug":"servidores-que-terao-reajuste-nao-estao-definidos-diz-presidente","status":"publish","type":"post","link":"https:\/\/diarioregionaldigital.com.br\/?p=192878","title":{"rendered":"Servidores que ter\u00e3o reajuste n\u00e3o est\u00e3o definidos, diz presidente"},"content":{"rendered":"<p>A pol\u00edtica de reajuste dos servidores p\u00fablicos federais em 2022 ainda n\u00e3o est\u00e1 definida, disse hoje (24) o presidente Jair Bolsonaro. Em entrevista no Pal\u00e1cio da Alvorada, o presidente disse que vai esperar as pr\u00f3ximas semanas para decidir a distribui\u00e7\u00e3o da verba do Or\u00e7amento Geral da Uni\u00e3o do pr\u00f3ximo ano para reajuste ao funcionalismo.<\/p>\n<p>Na \u00faltima ter\u00e7a-feira (21), o Congresso Nacional aprovou o Or\u00e7amento de 2022 com reserva de R$ 1,7 bilh\u00e3o para reajuste a for\u00e7as federais de seguran\u00e7a e cerca de R$ 800 milh\u00f5es para agentes comunit\u00e1rios de sa\u00fade e agentes de combate a endemias. Segundo Bolsonaro, o governo esperar\u00e1 a situa\u00e7\u00e3o se acalmar para definir como ser\u00e1 distribu\u00eddo o dinheiro.<\/p>\n<p>\u201cMe coloco no lugar deles. Os [cerca de] R$ 2 bilh\u00f5es, vai ser decidido para quem ir. Pode ser que parte v\u00e1 para o pessoal da Receita [Federal], pode ser para pessoal dos policiais, para ningu\u00e9m, ou dar menos de 1% para todo mundo. Deixa acalmar um pouquinho a\u00ed que a gente toma a melhor decis\u00e3o\u201d, declarou o presidente, em entrevista \u00e0 imprensa, ap\u00f3s a assinatura da ades\u00e3o de Goi\u00e1s ao Regime de Recupera\u00e7\u00e3o Fiscal (RRF).<\/p>\n<p>O presidente se disse solid\u00e1rio \u00e0 situa\u00e7\u00e3o salarial dos servidores, mas ressaltou que n\u00e3o pode atender a todos os pedidos por causa do teto federal de gastos e de outras press\u00f5es sobre os gastos p\u00fablicos, como o reajuste para as aposentadorias.<\/p>\n<p>\u201cTodo mundo merece [o reajuste]. N\u00e3o vou desmerecer, falar que n\u00e3o merece. A folha deles [do pessoal da sa\u00fade] ultrapassa R$ 13 bilh\u00f5es. Vai ter que dar 10% para os aposentados, e o impacto \u00e9 bastante grande. N\u00f3s temos um teto. Esse que \u00e9 o problema. Governos anteriores n\u00e3o tinham o teto, ent\u00e3o n\u00e3o tinham problema\u201d, acrescentou o presidente.<img decoding=\"async\" src=\"https:\/\/agenciabrasil.ebc.com.br\/ebc.png?id=1433878&amp;o=node\" \/><img decoding=\"async\" src=\"https:\/\/agenciabrasil.ebc.com.br\/ebc.gif?id=1433878&amp;o=node\" \/><\/p>\n<p><strong>Receita Federal<\/strong><\/p>\n<p>Sobre o<a href=\"https:\/\/agenciabrasil.ebc.com.br\/geral\/noticia\/2021-12\/auditores-da-receita-aprovam-operacao-padrao-em-alfandegas\" target=\"_blank\" rel=\"noopener\">\u00a0indicativo de greve<\/a>\u00a0aprovado ontem (23) \u00e0 noite por servidores da Receita Federal, Bolsonaro informou que conversar\u00e1 sobre a situa\u00e7\u00e3o com o ministro da Economia, Paulo Guedes. Segundo o presidente, a regulamenta\u00e7\u00e3o do b\u00f4nus de efici\u00eancia pedida pela categoria teria baixo impacto sobre o Or\u00e7amento, de cerca de R$ 200 milh\u00f5es por ano, mas o Minist\u00e9rio da Economia n\u00e3o quis ceder, por causa de limita\u00e7\u00f5es como o teto de gastos.<\/p>\n<p>\u201cDa minha parte, teria cedido, porque n\u00e3o \u00e9 reestrutura\u00e7\u00e3o, nem nada. \u00c9 o cumprimento de um dispositivo legal. N\u00e3o precisa ser t\u00e3o r\u00edgido assim. O governo n\u00e3o \u00e9 uma empresa. A gente n\u00e3o quer estourar teto, nem fazer nenhuma estrepolia, mas n\u00e3o custava nada atender\u201d, declarou.<\/p>\n<p>O presidente voltou a defender reajuste para categorias como agentes penitenci\u00e1rios e policiais rodovi\u00e1rios federais. \u201cO que chega da parte dos servidores \u00e9 o seguinte: muitos acham que, ou d\u00e1 para todo mundo, ou n\u00e3o d\u00e1 para ningu\u00e9m. Mas tem setor que digo que n\u00e3o est\u00e1 bem, mas est\u00e1 menos mal que outro. Quando pega a Pol\u00edcia Penal, esse pessoal est\u00e1 com o sal\u00e1rio l\u00e1 embaixo. Os policiais rodovi\u00e1rios federais est\u00e3o fazendo apreens\u00f5es recordes\u201d, comentou.<\/p>\n<p><strong>Desonera\u00e7\u00e3o da folha<\/strong><\/p>\n<p>Quanto \u00e0 desonera\u00e7\u00e3o da folha de pagamento para 12 setores da economia, Bolsonaro disse que pretende sancionar a lei que prorroga o benef\u00edcio at\u00e9 o fim de 2023. No entanto, n\u00e3o informou quando assinar\u00e1 a lei, nem que solu\u00e7\u00e3o pretende encontrar, j\u00e1 que o Or\u00e7amento foi aprovado sem o espa\u00e7o fiscal para a medida.<\/p>\n<p>\u201cDeram uma bobeada no Or\u00e7amento, mas vai ser sancionado. Quero a solu\u00e7\u00e3o, n\u00e3o o respons\u00e1vel. Eu determinei algumas coisas, mas fiquei sabendo do imprevisto. Vou sancionar. N\u00e3o interessa em que condi\u00e7\u00f5es, mas vou sancionar\u201d, declarou. O presidente informou que tem mais 15 dias \u00fateis para decidir a quest\u00e3o, at\u00e9 o in\u00edcio do pr\u00f3ximo ano.<\/p>\n<p>\u201cTive uma reuni\u00e3o com os 12 setores. Foi acertado. Seria por um ano, vamos prorrogar por dois, porque acho uma injusti\u00e7a deixar para o futuro presidente j\u00e1 come\u00e7ar renegociando, seja quem for. Temos at\u00e9 o final de 2023. Quem assumir em 2023 tem tempo para se planejar\u201d, afirmou.<\/p>\n<p>Segundo Bolsonaro, o Or\u00e7amento traz a estimativa de que o governo arrecadar\u00e1 R$ 13 bilh\u00f5es al\u00e9m dos gastos previstos para o pr\u00f3ximo ano. Para o presidente, o problema est\u00e1 no teto de gastos, que limita as despesas p\u00fablicas.<\/p>\n<p><span style=\"font-weight: 400;\">Fonte: Ag\u00eancia Brasil <\/span><\/p>\n","protected":false},"excerpt":{"rendered":"<p>A pol\u00edtica de reajuste dos servidores p\u00fablicos federais em 2022 ainda n\u00e3o est\u00e1 definida, disse hoje (24) o presidente Jair Bolsonaro. Em entrevista no Pal\u00e1cio da Alvorada, o presidente disse que vai esperar as pr\u00f3ximas semanas para decidir a distribui\u00e7\u00e3o da verba do Or\u00e7amento Geral da Uni\u00e3o do pr\u00f3ximo ano para reajuste ao funcionalismo. Na [&hellip;]<\/p>\n","protected":false},"author":246,"featured_media":192879,"comment_status":"closed","ping_status":"closed","sticky":false,"template":"","format":"standard","meta":{"footnotes":""},"categories":[436,440,254,439],"tags":[],"class_list":["post-192878","post","type-post","status-publish","format-standard","has-post-thumbnail","hentry","category-destaque-da-semana","category-destaques-do-dia","category-politica","category-ultima-hora"],"_links":{"self":[{"href":"https:\/\/diarioregionaldigital.com.br\/index.php?rest_route=\/wp\/v2\/posts\/192878","targetHints":{"allow":["GET"]}}],"collection":[{"href":"https:\/\/diarioregionaldigital.com.br\/index.php?rest_route=\/wp\/v2\/posts"}],"about":[{"href":"https:\/\/diarioregionaldigital.com.br\/index.php?rest_route=\/wp\/v2\/types\/post"}],"author":[{"embeddable":true,"href":"https:\/\/diarioregionaldigital.com.br\/index.php?rest_route=\/wp\/v2\/users\/246"}],"replies":[{"embeddable":true,"href":"https:\/\/diarioregionaldigital.com.br\/index.php?rest_route=%2Fwp%2Fv2%2Fcomments&post=192878"}],"version-history":[{"count":1,"href":"https:\/\/diarioregionaldigital.com.br\/index.php?rest_route=\/wp\/v2\/posts\/192878\/revisions"}],"predecessor-version":[{"id":192880,"href":"https:\/\/diarioregionaldigital.com.br\/index.php?rest_route=\/wp\/v2\/posts\/192878\/revisions\/192880"}],"wp:featuredmedia":[{"embeddable":true,"href":"https:\/\/diarioregionaldigital.com.br\/index.php?rest_route=\/wp\/v2\/media\/192879"}],"wp:attachment":[{"href":"https:\/\/diarioregionaldigital.com.br\/index.php?rest_route=%2Fwp%2Fv2%2Fmedia&parent=192878"}],"wp:term":[{"taxonomy":"category","embeddable":true,"href":"https:\/\/diarioregionaldigital.com.br\/index.php?rest_route=%2Fwp%2Fv2%2Fcategories&post=192878"},{"taxonomy":"post_tag","embeddable":true,"href":"https:\/\/diarioregionaldigital.com.br\/index.php?rest_route=%2Fwp%2Fv2%2Ftags&post=192878"}],"curies":[{"name":"wp","href":"https:\/\/api.w.org\/{rel}","templated":true}]}}