{"id":192875,"date":"2021-12-27T14:35:03","date_gmt":"2021-12-27T17:35:03","guid":{"rendered":"https:\/\/diarioregionaldigital.com.br\/?p=192875"},"modified":"2021-12-27T14:35:03","modified_gmt":"2021-12-27T17:35:03","slug":"pais-solteiros-recebem-r-41-bi-em-retroativo-do-auxilio-emergencial","status":"publish","type":"post","link":"https:\/\/diarioregionaldigital.com.br\/?p=192875","title":{"rendered":"Pais solteiros recebem R$ 4,1 bi em retroativo do aux\u00edlio emergencial"},"content":{"rendered":"<p>Os pais solteiros chefes de fam\u00edlia que receberam as cinco primeiras parcelas do aux\u00edlio emergencial em 2020 receber\u00e3o pagamento retroativo. O presidente Jair Bolsonaro assinou\u00a0hoje\u00a0(24) medida provis\u00f3ria com cr\u00e9dito extraordin\u00e1rio de R$ 4,1 bilh\u00f5es para o Minist\u00e9rio da Cidadania pagar parcelas antigas em dobro ap\u00f3s a derrubada de um veto pelo Congresso Nacional em junho deste ano.<img decoding=\"async\" src=\"https:\/\/agenciabrasil.ebc.com.br\/ebc.png?id=1433889&amp;o=node\" \/><img decoding=\"async\" src=\"https:\/\/agenciabrasil.ebc.com.br\/ebc.gif?id=1433889&amp;o=node\" \/><\/p>\n<p>Em julho do ano passado, Bolsonaro havia vetado um projeto de lei de autoria de deputados da oposi\u00e7\u00e3o que estendia ao homem provedor de fam\u00edlia monoparental o recebimento em dobro do aux\u00edlio emergencial criado durante a pandemia de covid-19. Com o veto, somente mulheres solteiras chefes de fam\u00edlia receberam as parcelas de R$ 1,2 mil (o dobro do valor original, de R$ 600).<\/p>\n<p>Em 1\u00ba de julho deste ano, o Congresso Nacional, em sess\u00e3o conjunta, derrubou o veto. At\u00e9 agora, o governo n\u00e3o tinha se manifestado sobre a quest\u00e3o, mas a medida provis\u00f3ria (MP) confirmou a amplia\u00e7\u00e3o do benef\u00edcio.<\/p>\n<p>\u201cCom a edi\u00e7\u00e3o da MP, o Estado Brasileiro reitera seus esfor\u00e7os para garantir a oferta regular de servi\u00e7os e programas voltados \u00e0 popula\u00e7\u00e3o em geral, principalmente \u00e0quela mais vulner\u00e1veis, franqueando aos \u00f3rg\u00e3os e agentes p\u00fablicos o acesso a instrumentos capazes de mitigar os efeitos danosos da pandemia sobre a sociedade brasileira\u201d, informou o Pal\u00e1cio do Planalto em nota.<\/p>\n<p>A medida vale apenas para as cinco primeiras parcelas do aux\u00edlio emergencial pagas em 2020. As quatro parcelas de extens\u00e3o do aux\u00edlio emergencial de R$ 300, pagas\u00a0de setembro\u00a0a dezembro do ano passado, e as sete parcelas pagas neste ano n\u00e3o\u00a0ter\u00e3o pagamentos retroativos.<\/p>\n<p><span style=\"font-weight: 400;\">Fonte: Ag\u00eancia Brasil <\/span><\/p>\n","protected":false},"excerpt":{"rendered":"<p>Os pais solteiros chefes de fam\u00edlia que receberam as cinco primeiras parcelas do aux\u00edlio emergencial em 2020 receber\u00e3o pagamento retroativo. O presidente Jair Bolsonaro assinou\u00a0hoje\u00a0(24) medida provis\u00f3ria com cr\u00e9dito extraordin\u00e1rio de R$ 4,1 bilh\u00f5es para o Minist\u00e9rio da Cidadania pagar parcelas antigas em dobro ap\u00f3s a derrubada de um veto pelo Congresso Nacional em junho [&hellip;]<\/p>\n","protected":false},"author":246,"featured_media":192876,"comment_status":"closed","ping_status":"closed","sticky":false,"template":"","format":"standard","meta":{"footnotes":""},"categories":[436,261,439],"tags":[],"class_list":["post-192875","post","type-post","status-publish","format-standard","has-post-thumbnail","hentry","category-destaque-da-semana","category-economia","category-ultima-hora"],"_links":{"self":[{"href":"https:\/\/diarioregionaldigital.com.br\/index.php?rest_route=\/wp\/v2\/posts\/192875","targetHints":{"allow":["GET"]}}],"collection":[{"href":"https:\/\/diarioregionaldigital.com.br\/index.php?rest_route=\/wp\/v2\/posts"}],"about":[{"href":"https:\/\/diarioregionaldigital.com.br\/index.php?rest_route=\/wp\/v2\/types\/post"}],"author":[{"embeddable":true,"href":"https:\/\/diarioregionaldigital.com.br\/index.php?rest_route=\/wp\/v2\/users\/246"}],"replies":[{"embeddable":true,"href":"https:\/\/diarioregionaldigital.com.br\/index.php?rest_route=%2Fwp%2Fv2%2Fcomments&post=192875"}],"version-history":[{"count":1,"href":"https:\/\/diarioregionaldigital.com.br\/index.php?rest_route=\/wp\/v2\/posts\/192875\/revisions"}],"predecessor-version":[{"id":192877,"href":"https:\/\/diarioregionaldigital.com.br\/index.php?rest_route=\/wp\/v2\/posts\/192875\/revisions\/192877"}],"wp:featuredmedia":[{"embeddable":true,"href":"https:\/\/diarioregionaldigital.com.br\/index.php?rest_route=\/wp\/v2\/media\/192876"}],"wp:attachment":[{"href":"https:\/\/diarioregionaldigital.com.br\/index.php?rest_route=%2Fwp%2Fv2%2Fmedia&parent=192875"}],"wp:term":[{"taxonomy":"category","embeddable":true,"href":"https:\/\/diarioregionaldigital.com.br\/index.php?rest_route=%2Fwp%2Fv2%2Fcategories&post=192875"},{"taxonomy":"post_tag","embeddable":true,"href":"https:\/\/diarioregionaldigital.com.br\/index.php?rest_route=%2Fwp%2Fv2%2Ftags&post=192875"}],"curies":[{"name":"wp","href":"https:\/\/api.w.org\/{rel}","templated":true}]}}