{"id":192869,"date":"2021-12-27T14:31:54","date_gmt":"2021-12-27T17:31:54","guid":{"rendered":"https:\/\/diarioregionaldigital.com.br\/?p=192869"},"modified":"2021-12-27T14:31:54","modified_gmt":"2021-12-27T17:31:54","slug":"mercado-volta-a-diminuir-projecao-para-crescimento-da-economia-em-2021","status":"publish","type":"post","link":"https:\/\/diarioregionaldigital.com.br\/?p=192869","title":{"rendered":"Mercado volta a diminuir proje\u00e7\u00e3o para crescimento da economia em 2021"},"content":{"rendered":"<p>A previs\u00e3o do mercado financeiro para o crescimento da economia brasileira neste ano caiu de\u00a0<a href=\"https:\/\/agenciabrasil.ebc.com.br\/economia\/noticia\/2021-12\/mercado-diminui-projecao-para-crescimento-da-economia-em-2021\" target=\"_blank\" rel=\"noopener\">4,58% na semana passada<\/a>\u00a0para 4,51%. A estimativa est\u00e1 no boletim Focus de hoje (27), pesquisa divulgada semanalmente pelo Banco Central (BC) com a proje\u00e7\u00e3o para os principais indicadores econ\u00f4micos. H\u00e1 quatro semanas a previs\u00e3o era de um crescimento de 4,78%.<img decoding=\"async\" src=\"https:\/\/agenciabrasil.ebc.com.br\/ebc.png?id=1434016&amp;o=node\" \/><img decoding=\"async\" src=\"https:\/\/agenciabrasil.ebc.com.br\/ebc.gif?id=1434016&amp;o=node\" \/><\/p>\n<p>Para o pr\u00f3ximo ano, a expectativa para o Produto Interno Bruto (PIB) &#8211; a soma de todos os bens e servi\u00e7os produzidos no pa\u00eds \u2013 tamb\u00e9m diminuiu passando de 0,50% na semana passada para 0,42%. Em 2023 e 2024, o mercado financeiro projeta expans\u00e3o do PIB em 1,8% e 2%, respectivamente.<\/p>\n<p>A previs\u00e3o para o \u00cdndice Nacional de Pre\u00e7os ao Consumidor Amplo (IPCA), considerada a infla\u00e7\u00e3o oficial do pa\u00eds, tamb\u00e9m variou para baixo, de 10,04% para 10,02% neste ano. \u00c9 a terceira redu\u00e7\u00e3o depois de 35 semanas consecutivas de alta da proje\u00e7\u00e3o.<\/p>\n<p>Para 2022, a estimativa de infla\u00e7\u00e3o ficou em 5,03%, a mesma da semana passada. Para 2023 e 2024, as previs\u00f5es s\u00e3o de 3,38% e 3%, respectivamente.<\/p>\n<p>Em novembro, puxada principalmente pelo aumento de pre\u00e7os de combust\u00edveis, a infla\u00e7\u00e3o foi de 0,95%, de acordo com o Instituto Brasileiro de Geografia e Estat\u00edstica (IBGE). Com isso, o indicador acumula altas de 9,26% no ano e de 10,74%, nos \u00faltimos 12 meses. A infla\u00e7\u00e3o acumulada em 12 meses \u00e9 a maior desde novembro de 2003.<\/p>\n<p>A previs\u00e3o para 2021 est\u00e1 acima da meta de infla\u00e7\u00e3o que deve ser perseguida pelo BC. A meta, definida pelo Conselho Monet\u00e1rio Nacional (CMN), \u00e9 de 3,75% para este ano, com intervalo de toler\u00e2ncia de 1,5 ponto percentual para cima ou para baixo. Ou seja, o limite inferior \u00e9 2,25% e o superior de 5,25%. Para 2022 e 2023, as metas s\u00e3o 3,5% e 3,25%, respectivamente, com o mesmo intervalo de toler\u00e2ncia.<\/p>\n<p><strong>Taxa de juros<\/strong><\/p>\n<p>Para alcan\u00e7ar a meta de infla\u00e7\u00e3o, o Banco Central usa como principal instrumento a taxa b\u00e1sica de juros, a Selic, definida em 9,25% ao ano pelo Comit\u00ea de Pol\u00edtica Monet\u00e1ria (Copom). Para a pr\u00f3xima reuni\u00e3o do \u00f3rg\u00e3o, em fevereiro, o Copom j\u00e1 sinalizou que deve elevar a Selic em mais 1,5 ponto percentual.<\/p>\n<p>Para o mercado financeiro, a expectativa \u00e9 de que a Selic seja elevada para 10,75% na primeira reuni\u00e3o do Copom de 2022, em linha com a sinaliza\u00e7\u00e3o do BC, e termine o ano em 11,5%. Para o fim de 2023, a estimativa \u00e9 de que a taxa b\u00e1sica caia para 8% ao ano. Para 2024, a previs\u00e3o \u00e9 de Selic em 7% ao ano.<\/p>\n<p>A expectativa do mercado para a cota\u00e7\u00e3o do d\u00f3lar \u00e9 R$ 5,63 para o final deste ano. Para o fim de 2022, a previs\u00e3o \u00e9 de que a moeda americana tamb\u00e9m fique em R$ 5,60. Para 2023, a previs\u00e3o \u00e9 de que o d\u00f3lar fique em R$ 5,40 e, em 2024, em R$ 5,30.<\/p>\n<p><span style=\"font-weight: 400;\">Fonte: Ag\u00eancia Brasil <\/span><\/p>\n","protected":false},"excerpt":{"rendered":"<p>A previs\u00e3o do mercado financeiro para o crescimento da economia brasileira neste ano caiu de\u00a04,58% na semana passada\u00a0para 4,51%. A estimativa est\u00e1 no boletim Focus de hoje (27), pesquisa divulgada semanalmente pelo Banco Central (BC) com a proje\u00e7\u00e3o para os principais indicadores econ\u00f4micos. H\u00e1 quatro semanas a previs\u00e3o era de um crescimento de 4,78%. Para [&hellip;]<\/p>\n","protected":false},"author":246,"featured_media":192870,"comment_status":"closed","ping_status":"closed","sticky":false,"template":"","format":"standard","meta":{"footnotes":""},"categories":[436,261,439],"tags":[],"class_list":["post-192869","post","type-post","status-publish","format-standard","has-post-thumbnail","hentry","category-destaque-da-semana","category-economia","category-ultima-hora"],"_links":{"self":[{"href":"https:\/\/diarioregionaldigital.com.br\/index.php?rest_route=\/wp\/v2\/posts\/192869","targetHints":{"allow":["GET"]}}],"collection":[{"href":"https:\/\/diarioregionaldigital.com.br\/index.php?rest_route=\/wp\/v2\/posts"}],"about":[{"href":"https:\/\/diarioregionaldigital.com.br\/index.php?rest_route=\/wp\/v2\/types\/post"}],"author":[{"embeddable":true,"href":"https:\/\/diarioregionaldigital.com.br\/index.php?rest_route=\/wp\/v2\/users\/246"}],"replies":[{"embeddable":true,"href":"https:\/\/diarioregionaldigital.com.br\/index.php?rest_route=%2Fwp%2Fv2%2Fcomments&post=192869"}],"version-history":[{"count":1,"href":"https:\/\/diarioregionaldigital.com.br\/index.php?rest_route=\/wp\/v2\/posts\/192869\/revisions"}],"predecessor-version":[{"id":192871,"href":"https:\/\/diarioregionaldigital.com.br\/index.php?rest_route=\/wp\/v2\/posts\/192869\/revisions\/192871"}],"wp:featuredmedia":[{"embeddable":true,"href":"https:\/\/diarioregionaldigital.com.br\/index.php?rest_route=\/wp\/v2\/media\/192870"}],"wp:attachment":[{"href":"https:\/\/diarioregionaldigital.com.br\/index.php?rest_route=%2Fwp%2Fv2%2Fmedia&parent=192869"}],"wp:term":[{"taxonomy":"category","embeddable":true,"href":"https:\/\/diarioregionaldigital.com.br\/index.php?rest_route=%2Fwp%2Fv2%2Fcategories&post=192869"},{"taxonomy":"post_tag","embeddable":true,"href":"https:\/\/diarioregionaldigital.com.br\/index.php?rest_route=%2Fwp%2Fv2%2Ftags&post=192869"}],"curies":[{"name":"wp","href":"https:\/\/api.w.org\/{rel}","templated":true}]}}