{"id":192866,"date":"2021-12-27T14:21:14","date_gmt":"2021-12-27T17:21:14","guid":{"rendered":"https:\/\/diarioregionaldigital.com.br\/?p=192866"},"modified":"2021-12-27T14:21:14","modified_gmt":"2021-12-27T17:21:14","slug":"servidores-aposentados-tem-ate-sexta-para-fazer-prova-de-vida","status":"publish","type":"post","link":"https:\/\/diarioregionaldigital.com.br\/?p=192866","title":{"rendered":"Servidores aposentados t\u00eam at\u00e9 sexta para fazer prova de vida"},"content":{"rendered":"<p>Termina na pr\u00f3xima sexta-feira (31) o prazo para aposentados, pensionistas e anistiados pol\u00edticos do Executivo federal que n\u00e3o realizaram a prova de vida entre janeiro de 2020 a setembro de 2021 comprovarem vida.<img decoding=\"async\" src=\"https:\/\/agenciabrasil.ebc.com.br\/ebc.png?id=1434064&amp;o=node\" \/><img decoding=\"async\" src=\"https:\/\/agenciabrasil.ebc.com.br\/ebc.gif?id=1434064&amp;o=node\" \/><\/p>\n<p>A obrigatoriedade da prova de vida estava suspensa, como medida de preven\u00e7\u00e3o ao cont\u00e1gio pela covid-19, mas voltou a ser exigida a partir de outubro de 2021.<\/p>\n<p>Segundo a Secretaria de Gest\u00e3o do Minist\u00e9rio da Economia, para realizar a prova de vida, os aposentados, pensionistas e anistiados devem comparecer presencialmente a uma ag\u00eancia do banco onde recebem o pagamento, munidos de documento de identifica\u00e7\u00e3o com foto.<\/p>\n<p><strong>Prova de vida digital<\/strong><\/p>\n<p>Tamb\u00e9m \u00e9 poss\u00edvel realizar a prova de vida digital. Para isso \u00e9 necess\u00e1rio ter a biometria (identifica\u00e7\u00e3o digital) j\u00e1 cadastrada no Tribunal Superior Eleitoral (TSE) ou no Departamento Nacional de Tr\u00e2nsito (Denatran).<\/p>\n<p>No celular, \u00e9 necess\u00e1rio instalar o aplicativo gov.br, por meio do qual \u00e9 realizada a valida\u00e7\u00e3o facial. O acompanhamento da situa\u00e7\u00e3o da prova de vida, assim como a obten\u00e7\u00e3o do seu comprovante e notifica\u00e7\u00f5es para lembrar o prazo da realiza\u00e7\u00e3o s\u00e3o realizados pelo aplicativo SouGOV.BR, desenvolvido exclusivamente para servidores ativos, aposentados e pensionistas da Administra\u00e7\u00e3o P\u00fablica Federal.<\/p>\n<p>Independentemente do canal em que realizou a prova de vida, o benefici\u00e1rio pode consultar sua situa\u00e7\u00e3o pelo aplicativo SouGOV.BR, dispon\u00edvel nas lojas Google Play e App Store, ou pelo computador, acessando www.gov.br\/sougov.<\/p>\n<p><span style=\"font-weight: 400;\"><br \/>\n<\/span><span style=\"font-weight: 400;\">Fonte: Ag\u00eancia Brasil <\/span><\/p>\n","protected":false},"excerpt":{"rendered":"<p>Termina na pr\u00f3xima sexta-feira (31) o prazo para aposentados, pensionistas e anistiados pol\u00edticos do Executivo federal que n\u00e3o realizaram a prova de vida entre janeiro de 2020 a setembro de 2021 comprovarem vida. A obrigatoriedade da prova de vida estava suspensa, como medida de preven\u00e7\u00e3o ao cont\u00e1gio pela covid-19, mas voltou a ser exigida a [&hellip;]<\/p>\n","protected":false},"author":246,"featured_media":192867,"comment_status":"closed","ping_status":"closed","sticky":false,"template":"","format":"standard","meta":{"footnotes":""},"categories":[436,440,261,439],"tags":[],"class_list":["post-192866","post","type-post","status-publish","format-standard","has-post-thumbnail","hentry","category-destaque-da-semana","category-destaques-do-dia","category-economia","category-ultima-hora"],"_links":{"self":[{"href":"https:\/\/diarioregionaldigital.com.br\/index.php?rest_route=\/wp\/v2\/posts\/192866","targetHints":{"allow":["GET"]}}],"collection":[{"href":"https:\/\/diarioregionaldigital.com.br\/index.php?rest_route=\/wp\/v2\/posts"}],"about":[{"href":"https:\/\/diarioregionaldigital.com.br\/index.php?rest_route=\/wp\/v2\/types\/post"}],"author":[{"embeddable":true,"href":"https:\/\/diarioregionaldigital.com.br\/index.php?rest_route=\/wp\/v2\/users\/246"}],"replies":[{"embeddable":true,"href":"https:\/\/diarioregionaldigital.com.br\/index.php?rest_route=%2Fwp%2Fv2%2Fcomments&post=192866"}],"version-history":[{"count":1,"href":"https:\/\/diarioregionaldigital.com.br\/index.php?rest_route=\/wp\/v2\/posts\/192866\/revisions"}],"predecessor-version":[{"id":192868,"href":"https:\/\/diarioregionaldigital.com.br\/index.php?rest_route=\/wp\/v2\/posts\/192866\/revisions\/192868"}],"wp:featuredmedia":[{"embeddable":true,"href":"https:\/\/diarioregionaldigital.com.br\/index.php?rest_route=\/wp\/v2\/media\/192867"}],"wp:attachment":[{"href":"https:\/\/diarioregionaldigital.com.br\/index.php?rest_route=%2Fwp%2Fv2%2Fmedia&parent=192866"}],"wp:term":[{"taxonomy":"category","embeddable":true,"href":"https:\/\/diarioregionaldigital.com.br\/index.php?rest_route=%2Fwp%2Fv2%2Fcategories&post=192866"},{"taxonomy":"post_tag","embeddable":true,"href":"https:\/\/diarioregionaldigital.com.br\/index.php?rest_route=%2Fwp%2Fv2%2Ftags&post=192866"}],"curies":[{"name":"wp","href":"https:\/\/api.w.org\/{rel}","templated":true}]}}