{"id":192863,"date":"2021-12-27T14:08:18","date_gmt":"2021-12-27T17:08:18","guid":{"rendered":"https:\/\/diarioregionaldigital.com.br\/?p=192863"},"modified":"2021-12-27T14:08:18","modified_gmt":"2021-12-27T17:08:18","slug":"policia-militar-atende-vitima-de-roubo-no-bairro-jardim-de-ala","status":"publish","type":"post","link":"https:\/\/diarioregionaldigital.com.br\/?p=192863","title":{"rendered":"Pol\u00edcia Militar atende v\u00edtima de roubo no bairro Jardim de Al\u00e1"},"content":{"rendered":"<p>Na data de 27dez21 por volta das 02h19min a Pol\u00edcia Militar compareceu na Rua Adolfo Leonel no bairro Jardim de Al\u00e1 para atendimento a um homem de 65 anos, v\u00edtima de roubo. Segundo relato, o autor arrombou o port\u00e3o da resid\u00eancia invadindo o local. A v\u00edtima relata que entrou em luta com o autor, que mesmo assim, conseguiu roubar a quantia de R$ 100,00 em dinheiro e 01 telefone celular. V\u00edtima orientada quanto \u00e0s demais provid\u00eancias. A Pol\u00edcia Militar segue rastreamento.<\/p>\n","protected":false},"excerpt":{"rendered":"<p>Na data de 27dez21 por volta das 02h19min a Pol\u00edcia Militar compareceu na Rua Adolfo Leonel no bairro Jardim de Al\u00e1 para atendimento a um homem de 65 anos, v\u00edtima de roubo. Segundo relato, o autor arrombou o port\u00e3o da resid\u00eancia invadindo o local. A v\u00edtima relata que entrou em luta com o autor, que [&hellip;]<\/p>\n","protected":false},"author":246,"featured_media":192864,"comment_status":"closed","ping_status":"closed","sticky":false,"template":"","format":"standard","meta":{"footnotes":""},"categories":[301],"tags":[],"class_list":["post-192863","post","type-post","status-publish","format-standard","has-post-thumbnail","hentry","category-artigos-policiais"],"_links":{"self":[{"href":"https:\/\/diarioregionaldigital.com.br\/index.php?rest_route=\/wp\/v2\/posts\/192863","targetHints":{"allow":["GET"]}}],"collection":[{"href":"https:\/\/diarioregionaldigital.com.br\/index.php?rest_route=\/wp\/v2\/posts"}],"about":[{"href":"https:\/\/diarioregionaldigital.com.br\/index.php?rest_route=\/wp\/v2\/types\/post"}],"author":[{"embeddable":true,"href":"https:\/\/diarioregionaldigital.com.br\/index.php?rest_route=\/wp\/v2\/users\/246"}],"replies":[{"embeddable":true,"href":"https:\/\/diarioregionaldigital.com.br\/index.php?rest_route=%2Fwp%2Fv2%2Fcomments&post=192863"}],"version-history":[{"count":1,"href":"https:\/\/diarioregionaldigital.com.br\/index.php?rest_route=\/wp\/v2\/posts\/192863\/revisions"}],"predecessor-version":[{"id":192865,"href":"https:\/\/diarioregionaldigital.com.br\/index.php?rest_route=\/wp\/v2\/posts\/192863\/revisions\/192865"}],"wp:featuredmedia":[{"embeddable":true,"href":"https:\/\/diarioregionaldigital.com.br\/index.php?rest_route=\/wp\/v2\/media\/192864"}],"wp:attachment":[{"href":"https:\/\/diarioregionaldigital.com.br\/index.php?rest_route=%2Fwp%2Fv2%2Fmedia&parent=192863"}],"wp:term":[{"taxonomy":"category","embeddable":true,"href":"https:\/\/diarioregionaldigital.com.br\/index.php?rest_route=%2Fwp%2Fv2%2Fcategories&post=192863"},{"taxonomy":"post_tag","embeddable":true,"href":"https:\/\/diarioregionaldigital.com.br\/index.php?rest_route=%2Fwp%2Fv2%2Ftags&post=192863"}],"curies":[{"name":"wp","href":"https:\/\/api.w.org\/{rel}","templated":true}]}}