{"id":192844,"date":"2021-12-24T15:07:22","date_gmt":"2021-12-24T18:07:22","guid":{"rendered":"https:\/\/diarioregionaldigital.com.br\/?p=192844"},"modified":"2021-12-24T15:07:52","modified_gmt":"2021-12-24T18:07:52","slug":"casa-da-mulher-realiza-confraternizacao-com-assistidas-pelo-programa-auxilio-moradia","status":"publish","type":"post","link":"https:\/\/diarioregionaldigital.com.br\/?p=192844","title":{"rendered":"Casa da Mulher realiza confraterniza\u00e7\u00e3o com assistidas pelo Programa Aux\u00edlio-Moradia"},"content":{"rendered":"<div id=\"box_texto_noticia\" style=\"max-width: 1600px; margin: 29.3438px 0px; padding: 0px; box-sizing: border-box; font-size: 0.9em; text-align: justify; float: left; position: relative; font-family: 'Roboto Slab', serif; overflow-wrap: normal !important;\">\n<p style=\"max-width: 1600px; margin: 0px 0px 10px; padding: 0px; box-sizing: border-box;\"><span style=\"max-width: 1600px; margin: 0px auto; padding: 0px; box-sizing: border-box; color: #222222;\">Na tarde desta quarta-feira, 22, a Secretaria Especial de Direitos Humanos (SEDH), atrav\u00e9s da Casa da Mulher, realizou uma confraterniza\u00e7\u00e3o com as mulheres beneficiadas pelo Programa Aux\u00edlio-Moradia, da Prefeitura de Juiz de Fora (PJF). Durante o encontro, al\u00e9m do lanche, foram oferecidos kits para as assistidas pelo centro, que inclu\u00edam absorvente, m\u00e1scara e produtos de higiene e limpeza, al\u00e9m de brinquedos para seus filhos.<\/span><\/p>\n<p style=\"max-width: 1600px; margin: 0px 0px 10px; padding: 0px; box-sizing: border-box;\"><span style=\"max-width: 1600px; margin: 0px auto; padding: 0px; box-sizing: border-box; color: #222222;\">Segundo informa\u00e7\u00f5es do site da Prefeitura de Juiz de Fora, a coordenadora da Casa da Mulher, Fernanda Moura, pontuou a import\u00e2ncia desse encontro. \u201cEsta confraterniza\u00e7\u00e3o \u00e9 para mulheres em situa\u00e7\u00e3o de viol\u00eancia, que s\u00e3o atendidas por n\u00f3s. Trata-se de um momento de reflex\u00e3o e avalia\u00e7\u00e3o, com o objetivo de estreitar ainda mais os la\u00e7os com elas. Hoje, proporcionamos um momento de alegria, para celebrar 2021, que apesar de tantas dificuldades, foi um ano no qual conseguimos avan\u00e7ar com pol\u00edticas p\u00fablicas para esta \u00e1rea, como \u00e9 o caso do Aux\u00edlio-Moradia.\u201d<\/span><\/p>\n<p style=\"max-width: 1600px; margin: 0px 0px 10px; padding: 0px; box-sizing: border-box;\"><span style=\"max-width: 1600px; margin: 0px auto; padding: 0px; box-sizing: border-box; color: #222222;\">\u201cEstou vivendo um momento de muita dificuldade, por\u00e9m, \u00e9 inestim\u00e1vel a ajuda que a Casa da Mulher vem me oferecendo. Essa orienta\u00e7\u00e3o foi um divisor de \u00e1guas na minha vida, sem contar as doa\u00e7\u00f5es de roupas e cal\u00e7ados. Ela tem ajudado n\u00e3o s\u00f3 a mim, mas tamb\u00e9m v\u00e1rias outras pessoas\u201d, contou a cuidadora de idosos, Ang\u00e9lica de F\u00e1tima.<\/span><\/p>\n<p style=\"max-width: 1600px; margin: 0px 0px 10px; padding: 0px; box-sizing: border-box;\"><span style=\"max-width: 1600px; margin: 0px auto; padding: 0px; box-sizing: border-box; color: #222222;\">Por decis\u00e3o da Prefeita Margarida Salom\u00e3o, hoje, o Programa Aux\u00edlio-Moradia atende v\u00edtimas de viol\u00eancia de g\u00eanero. Atualmente, 18 mulheres s\u00e3o beneficiadas. Al\u00e9m deste suporte financeiro, na Casa da Mulher, elas recebem todo tipo de apoio necess\u00e1rio para se desvencilhar de seus agressores, incluindo acompanhamento psicol\u00f3gico, jur\u00eddico e atendimento social.<\/span><\/p>\n<p style=\"max-width: 1600px; margin: 0px 0px 10px; padding: 0px; box-sizing: border-box;\"><span style=\"max-width: 1600px; margin: 0px auto; padding: 0px; box-sizing: border-box; font-weight: bold;\">Casa da Mulher<\/span><\/p>\n<p style=\"max-width: 1600px; margin: 0px 0px 10px; padding: 0px; box-sizing: border-box;\"><span style=\"max-width: 1600px; margin: 0px auto; padding: 0px; box-sizing: border-box; color: #222222;\">A Casa da Mulher Maria da Concei\u00e7\u00e3o Lammoglia Jabour \u00e9 um centro municipal de atendimento humanizado, especializado em casos de mulheres em situa\u00e7\u00e3o de viol\u00eancia dom\u00e9stica. O espa\u00e7o \u00e9 refer\u00eancia na \u00e1rea, oferecendo atendimento psicol\u00f3gico e jur\u00eddico \u00e0s v\u00edtimas de viol\u00eancia sexual, f\u00edsica e psicol\u00f3gica, seja ela espor\u00e1dica ou recorrente.<\/span><\/p>\n<p style=\"max-width: 1600px; margin: 0px 0px 10px; padding: 0px; box-sizing: border-box;\"><span style=\"max-width: 1600px; margin: 0px auto; padding: 0px; box-sizing: border-box; color: #222222;\">A institui\u00e7\u00e3o tamb\u00e9m coordena pol\u00edticas para mulheres, elabora e implementa campanhas educativas e n\u00e3o discriminat\u00f3rias, contribuindo para eliminar preconceitos, atitudes e padr\u00f5es de comportamento social que perpetuam a viol\u00eancia contra o g\u00eanero. O atendimento \u00e9 realizado de segunda a sexta-feira, das 7h30 \u00e0s 17h, na Avenida Garibaldi Campinhos 169, no Bairro Vitorino Braga, antiga sede da Defesa Civil.<\/span><\/p>\n<p style=\"max-width: 1600px; margin: 0px 0px 10px; padding: 0px; box-sizing: border-box;\"><span style=\"max-width: 1600px; margin: 0px auto; padding: 0px; box-sizing: border-box; font-weight: bold;\">Outras informa\u00e7\u00f5es:<\/span><\/p>\n<p style=\"max-width: 1600px; margin: 0px 0px 10px; padding: 0px; box-sizing: border-box;\"><span style=\"max-width: 1600px; margin: 0px auto; padding: 0px; box-sizing: border-box; color: #222222;\">(32) 3690-7292 &#8211; Casa da Mulher<\/span><\/p>\n<p style=\"max-width: 1600px; margin: 0px 0px 10px; padding: 0px; box-sizing: border-box;\"><span style=\"max-width: 1600px; margin: 0px auto; padding: 0px; box-sizing: border-box; color: #222222;\">(32) 3690-7331 ou\u00a0<\/span><span style=\"max-width: 1600px; margin: 0px auto; padding: 0px; box-sizing: border-box; color: #1155cc;\">sedh@pjf.mg.gov.br<\/span><span style=\"max-width: 1600px; margin: 0px auto; padding: 0px; box-sizing: border-box; color: #222222;\">\u00a0&#8211; Secretaria Especial de Direitos Humanos (SEDH)\u00a0<\/span><\/p>\n<p><span style=\"max-width: 1600px; margin: 0px auto; padding: 0px; box-sizing: border-box;\"><b>\u00a0<\/b><\/span><\/p>\n<\/div>\n<div id=\"box_compartilhar\" style=\"max-width: 1600px; margin: 0px auto; padding: 0px; box-sizing: border-box; font-family: 'Roboto Slab', serif;\" align=\"right\"><\/div>\n","protected":false},"excerpt":{"rendered":"<p>Na tarde desta quarta-feira, 22, a Secretaria Especial de Direitos Humanos (SEDH), atrav\u00e9s da Casa da Mulher, realizou uma confraterniza\u00e7\u00e3o com as mulheres beneficiadas pelo Programa Aux\u00edlio-Moradia, da Prefeitura de Juiz de Fora (PJF). Durante o encontro, al\u00e9m do lanche, foram oferecidos kits para as assistidas pelo centro, que inclu\u00edam absorvente, m\u00e1scara e produtos de [&hellip;]<\/p>\n","protected":false},"author":246,"featured_media":192845,"comment_status":"closed","ping_status":"closed","sticky":false,"template":"","format":"standard","meta":{"footnotes":""},"categories":[253,436,439],"tags":[],"class_list":["post-192844","post","type-post","status-publish","format-standard","has-post-thumbnail","hentry","category-cidade","category-destaque-da-semana","category-ultima-hora"],"_links":{"self":[{"href":"https:\/\/diarioregionaldigital.com.br\/index.php?rest_route=\/wp\/v2\/posts\/192844","targetHints":{"allow":["GET"]}}],"collection":[{"href":"https:\/\/diarioregionaldigital.com.br\/index.php?rest_route=\/wp\/v2\/posts"}],"about":[{"href":"https:\/\/diarioregionaldigital.com.br\/index.php?rest_route=\/wp\/v2\/types\/post"}],"author":[{"embeddable":true,"href":"https:\/\/diarioregionaldigital.com.br\/index.php?rest_route=\/wp\/v2\/users\/246"}],"replies":[{"embeddable":true,"href":"https:\/\/diarioregionaldigital.com.br\/index.php?rest_route=%2Fwp%2Fv2%2Fcomments&post=192844"}],"version-history":[{"count":3,"href":"https:\/\/diarioregionaldigital.com.br\/index.php?rest_route=\/wp\/v2\/posts\/192844\/revisions"}],"predecessor-version":[{"id":192848,"href":"https:\/\/diarioregionaldigital.com.br\/index.php?rest_route=\/wp\/v2\/posts\/192844\/revisions\/192848"}],"wp:featuredmedia":[{"embeddable":true,"href":"https:\/\/diarioregionaldigital.com.br\/index.php?rest_route=\/wp\/v2\/media\/192845"}],"wp:attachment":[{"href":"https:\/\/diarioregionaldigital.com.br\/index.php?rest_route=%2Fwp%2Fv2%2Fmedia&parent=192844"}],"wp:term":[{"taxonomy":"category","embeddable":true,"href":"https:\/\/diarioregionaldigital.com.br\/index.php?rest_route=%2Fwp%2Fv2%2Fcategories&post=192844"},{"taxonomy":"post_tag","embeddable":true,"href":"https:\/\/diarioregionaldigital.com.br\/index.php?rest_route=%2Fwp%2Fv2%2Ftags&post=192844"}],"curies":[{"name":"wp","href":"https:\/\/api.w.org\/{rel}","templated":true}]}}