{"id":192841,"date":"2021-12-24T15:05:38","date_gmt":"2021-12-24T18:05:38","guid":{"rendered":"https:\/\/diarioregionaldigital.com.br\/?p=192841"},"modified":"2021-12-24T15:05:38","modified_gmt":"2021-12-24T18:05:38","slug":"cesama-convoca-para-provas-do-concurso-publico-e-divulga-inscricoes-homologadas-apos-recursos","status":"publish","type":"post","link":"https:\/\/diarioregionaldigital.com.br\/?p=192841","title":{"rendered":"Cesama convoca para provas do concurso p\u00fablico e divulga inscri\u00e7\u00f5es homologadas ap\u00f3s recursos"},"content":{"rendered":"<p>Nesta quarta-feira, 22, a Companhia de Saneamento Municipal (Cesama) da Prefeitura de Juiz de Fora (PJF) divulgou a convoca\u00e7\u00e3o para as provas escritas do seu concurso p\u00fablico, al\u00e9m da rela\u00e7\u00e3o das inscri\u00e7\u00f5es homologadas ap\u00f3s recursos. No total, ser\u00e3o oferecidas 18 vagas, al\u00e9m da forma\u00e7\u00e3o de um cadastro de reserva, para diversos cargos de n\u00edveis m\u00e9dio, t\u00e9cnico e superior. As provas ser\u00e3o aplicadas em 23 de janeiro de 2022.<\/p>\n<p>Segundo informa\u00e7\u00f5es do site da Prefeitura de Juiz de Fora, organizado pela RBO Assessoria P\u00fablica e Projetos Municipais Ltda., o processo seletivo constar\u00e1 de uma prova objetiva com 50 quest\u00f5es de m\u00faltipla escolha para os cargos de n\u00edvel m\u00e9dio e t\u00e9cnico. J\u00e1 as avalia\u00e7\u00f5es para n\u00edvel superior constar\u00e3o de prova objetiva com 40 quest\u00f5es de m\u00faltipla escolha, disserta\u00e7\u00e3o abordando conhecimentos espec\u00edficos e avalia\u00e7\u00e3o de t\u00edtulos.<\/p>\n<p>Confira a convoca\u00e7\u00e3o para as provas escritas e a rela\u00e7\u00e3o das inscri\u00e7\u00f5es homologadas ap\u00f3s recursos<a href=\"http:\/\/www.concursosrbo.com.br\/\">\u00a0<strong>no site.<\/strong><\/a><\/p>\n<p><strong>Outras informa\u00e7\u00f5es:<\/strong><\/p>\n<p>(32) 3692-9179 &#8211; Assessoria de Comunica\u00e7\u00e3o da Cesama<\/p>\n","protected":false},"excerpt":{"rendered":"<p>Nesta quarta-feira, 22, a Companhia de Saneamento Municipal (Cesama) da Prefeitura de Juiz de Fora (PJF) divulgou a convoca\u00e7\u00e3o para as provas escritas do seu concurso p\u00fablico, al\u00e9m da rela\u00e7\u00e3o das inscri\u00e7\u00f5es homologadas ap\u00f3s recursos. No total, ser\u00e3o oferecidas 18 vagas, al\u00e9m da forma\u00e7\u00e3o de um cadastro de reserva, para diversos cargos de n\u00edveis m\u00e9dio, [&hellip;]<\/p>\n","protected":false},"author":246,"featured_media":192842,"comment_status":"closed","ping_status":"closed","sticky":false,"template":"","format":"standard","meta":{"footnotes":""},"categories":[253,436,439],"tags":[],"class_list":["post-192841","post","type-post","status-publish","format-standard","has-post-thumbnail","hentry","category-cidade","category-destaque-da-semana","category-ultima-hora"],"_links":{"self":[{"href":"https:\/\/diarioregionaldigital.com.br\/index.php?rest_route=\/wp\/v2\/posts\/192841","targetHints":{"allow":["GET"]}}],"collection":[{"href":"https:\/\/diarioregionaldigital.com.br\/index.php?rest_route=\/wp\/v2\/posts"}],"about":[{"href":"https:\/\/diarioregionaldigital.com.br\/index.php?rest_route=\/wp\/v2\/types\/post"}],"author":[{"embeddable":true,"href":"https:\/\/diarioregionaldigital.com.br\/index.php?rest_route=\/wp\/v2\/users\/246"}],"replies":[{"embeddable":true,"href":"https:\/\/diarioregionaldigital.com.br\/index.php?rest_route=%2Fwp%2Fv2%2Fcomments&post=192841"}],"version-history":[{"count":1,"href":"https:\/\/diarioregionaldigital.com.br\/index.php?rest_route=\/wp\/v2\/posts\/192841\/revisions"}],"predecessor-version":[{"id":192843,"href":"https:\/\/diarioregionaldigital.com.br\/index.php?rest_route=\/wp\/v2\/posts\/192841\/revisions\/192843"}],"wp:featuredmedia":[{"embeddable":true,"href":"https:\/\/diarioregionaldigital.com.br\/index.php?rest_route=\/wp\/v2\/media\/192842"}],"wp:attachment":[{"href":"https:\/\/diarioregionaldigital.com.br\/index.php?rest_route=%2Fwp%2Fv2%2Fmedia&parent=192841"}],"wp:term":[{"taxonomy":"category","embeddable":true,"href":"https:\/\/diarioregionaldigital.com.br\/index.php?rest_route=%2Fwp%2Fv2%2Fcategories&post=192841"},{"taxonomy":"post_tag","embeddable":true,"href":"https:\/\/diarioregionaldigital.com.br\/index.php?rest_route=%2Fwp%2Fv2%2Ftags&post=192841"}],"curies":[{"name":"wp","href":"https:\/\/api.w.org\/{rel}","templated":true}]}}