{"id":192837,"date":"2021-12-24T15:04:06","date_gmt":"2021-12-24T18:04:06","guid":{"rendered":"https:\/\/diarioregionaldigital.com.br\/?p=192837"},"modified":"2021-12-24T15:04:06","modified_gmt":"2021-12-24T18:04:06","slug":"servico-de-coleta-domiciliar-e-seletiva-sera-interrompido-no-feriado-de-natal","status":"publish","type":"post","link":"https:\/\/diarioregionaldigital.com.br\/?p=192837","title":{"rendered":"Servi\u00e7o de coleta domiciliar e seletiva ser\u00e1 interrompido no feriado de Natal"},"content":{"rendered":"<p>No pr\u00f3ximo s\u00e1bado, 25, em fun\u00e7\u00e3o do feriado de Natal, os servi\u00e7os de coleta seletiva e de lixo domiciliar realizados pelo Departamento Municipal de Limpeza Urbana (Demlurb) da Prefeitura de Juiz de Fora (PJF) ser\u00e3o interrompidos. O Demlurb refor\u00e7a o pedido de colabora\u00e7\u00e3o da popula\u00e7\u00e3o para que n\u00e3o descarte o lixo nesta data.<\/p>\n<p>Segundo informa\u00e7\u00f5es do site da Prefeitura de Juiz de Fora, nesta sexta-feira, 24, e no s\u00e1bado, 25, estar\u00e3o suspensas as atividades dos ecopontos de coleta de pneus, na Rua Bartolomeu dos Santos, no Bairro S\u00e3o Dami\u00e3o, e os de recolhimento de restos da constru\u00e7\u00e3o civil, materiais recicl\u00e1veis e res\u00edduos nos bairros Linhares, Aeroporto e Barbosa Lage. O setor administrativo tamb\u00e9m estar\u00e1 de recesso nesta sexta-feira, 24.<\/p>\n<p>J\u00e1 o setor da varri\u00e7\u00e3o atuar\u00e1 com equipes de plant\u00e3o no feriado, dia 25, na regi\u00e3o central da cidade. Todos os servi\u00e7os ser\u00e3o retomados na segunda-feira, 27.<\/p>\n<p>Pedidos de limpeza de vias, bem como de c\u00f3rregos, ro\u00e7ada, capina e demais servi\u00e7os relativos a interven\u00e7\u00f5es e melhorias urbanas, podem ser feitos pelo Gabinete de A\u00e7\u00e3o e Di\u00e1logo Comunit\u00e1rio, que atende demandas urbanas da popula\u00e7\u00e3o atrav\u00e9s do n\u00famero (32) 3690-7241, via telefonema ou WhatsApp.<\/p>\n<p><strong>Outras informa\u00e7\u00f5es:<\/strong><\/p>\n<p>(32) 3690-3537 &#8211; Departamento Municipal de Limpeza Urbana (Demlurb).<\/p>\n","protected":false},"excerpt":{"rendered":"<p>No pr\u00f3ximo s\u00e1bado, 25, em fun\u00e7\u00e3o do feriado de Natal, os servi\u00e7os de coleta seletiva e de lixo domiciliar realizados pelo Departamento Municipal de Limpeza Urbana (Demlurb) da Prefeitura de Juiz de Fora (PJF) ser\u00e3o interrompidos. O Demlurb refor\u00e7a o pedido de colabora\u00e7\u00e3o da popula\u00e7\u00e3o para que n\u00e3o descarte o lixo nesta data. Segundo informa\u00e7\u00f5es [&hellip;]<\/p>\n","protected":false},"author":246,"featured_media":192838,"comment_status":"closed","ping_status":"closed","sticky":false,"template":"","format":"standard","meta":{"footnotes":""},"categories":[253,436,440,439],"tags":[],"class_list":["post-192837","post","type-post","status-publish","format-standard","has-post-thumbnail","hentry","category-cidade","category-destaque-da-semana","category-destaques-do-dia","category-ultima-hora"],"_links":{"self":[{"href":"https:\/\/diarioregionaldigital.com.br\/index.php?rest_route=\/wp\/v2\/posts\/192837","targetHints":{"allow":["GET"]}}],"collection":[{"href":"https:\/\/diarioregionaldigital.com.br\/index.php?rest_route=\/wp\/v2\/posts"}],"about":[{"href":"https:\/\/diarioregionaldigital.com.br\/index.php?rest_route=\/wp\/v2\/types\/post"}],"author":[{"embeddable":true,"href":"https:\/\/diarioregionaldigital.com.br\/index.php?rest_route=\/wp\/v2\/users\/246"}],"replies":[{"embeddable":true,"href":"https:\/\/diarioregionaldigital.com.br\/index.php?rest_route=%2Fwp%2Fv2%2Fcomments&post=192837"}],"version-history":[{"count":2,"href":"https:\/\/diarioregionaldigital.com.br\/index.php?rest_route=\/wp\/v2\/posts\/192837\/revisions"}],"predecessor-version":[{"id":192840,"href":"https:\/\/diarioregionaldigital.com.br\/index.php?rest_route=\/wp\/v2\/posts\/192837\/revisions\/192840"}],"wp:featuredmedia":[{"embeddable":true,"href":"https:\/\/diarioregionaldigital.com.br\/index.php?rest_route=\/wp\/v2\/media\/192838"}],"wp:attachment":[{"href":"https:\/\/diarioregionaldigital.com.br\/index.php?rest_route=%2Fwp%2Fv2%2Fmedia&parent=192837"}],"wp:term":[{"taxonomy":"category","embeddable":true,"href":"https:\/\/diarioregionaldigital.com.br\/index.php?rest_route=%2Fwp%2Fv2%2Fcategories&post=192837"},{"taxonomy":"post_tag","embeddable":true,"href":"https:\/\/diarioregionaldigital.com.br\/index.php?rest_route=%2Fwp%2Fv2%2Ftags&post=192837"}],"curies":[{"name":"wp","href":"https:\/\/api.w.org\/{rel}","templated":true}]}}