{"id":192830,"date":"2021-12-24T14:55:39","date_gmt":"2021-12-24T17:55:39","guid":{"rendered":"https:\/\/diarioregionaldigital.com.br\/?p=192830"},"modified":"2021-12-24T14:55:39","modified_gmt":"2021-12-24T17:55:39","slug":"pele-recebe-alta-do-hospital-para-passar-o-natal-com-a-familia","status":"publish","type":"post","link":"https:\/\/diarioregionaldigital.com.br\/?p=192830","title":{"rendered":"Pel\u00e9 recebe alta do hospital para passar o Natal com a fam\u00edlia"},"content":{"rendered":"<p>O ex-jogador Edson Arantes do Nascimento, o Pel\u00e9, recebeu alta nesta quinta-feira (23) do Hospital Albert Einstein, em S\u00e3o Paulo, onde trata um tumor no c\u00f3lon intestinal, que retirou no \u00faltimo dia 4 de setembro.<img decoding=\"async\" src=\"https:\/\/agenciabrasil.ebc.com.br\/ebc.png?id=1433673&amp;o=node\" \/><img decoding=\"async\" src=\"https:\/\/agenciabrasil.ebc.com.br\/ebc.gif?id=1433673&amp;o=node\" \/><\/p>\n<p>Em postagem em seu perfil em suas redes sociais, o Rei do Futebol afirmou: \u201cA foto sorrindo n\u00e3o \u00e9 \u00e0 toa. Como eu havia prometido, vou passar o Natal com a minha fam\u00edlia. Estou voltando para casa. Obrigado por todas mensagens de carinho\u201d.<\/p>\n<p>No dia 9 de dezembro, Pel\u00e9 j\u00e1 havia anunciado que passou por \u201cpequenas sess\u00f5es de quimioterapia\u201d no in\u00edcio do m\u00eas, e que aproveitaria a interna\u00e7\u00e3o para realizar novos exames.<\/p>\n<p>Em comunicado divulgado nesta quinta, a equipe do Albert Einstein informou que o ex-jogador \u201cencontra-se est\u00e1vel e seguir\u00e1 o tratamento do tumor de c\u00f3lon, identificado em setembro deste ano\u201d.<\/p>\n<p><span style=\"font-weight: 400;\">Fonte: Ag\u00eancia Brasil\u00a0<\/span><span style=\"font-weight: 400;\"><br \/>\n<\/span><\/p>\n","protected":false},"excerpt":{"rendered":"<p>O ex-jogador Edson Arantes do Nascimento, o Pel\u00e9, recebeu alta nesta quinta-feira (23) do Hospital Albert Einstein, em S\u00e3o Paulo, onde trata um tumor no c\u00f3lon intestinal, que retirou no \u00faltimo dia 4 de setembro. Em postagem em seu perfil em suas redes sociais, o Rei do Futebol afirmou: \u201cA foto sorrindo n\u00e3o \u00e9 \u00e0 [&hellip;]<\/p>\n","protected":false},"author":246,"featured_media":192831,"comment_status":"closed","ping_status":"closed","sticky":false,"template":"","format":"standard","meta":{"footnotes":""},"categories":[436,257,439],"tags":[],"class_list":["post-192830","post","type-post","status-publish","format-standard","has-post-thumbnail","hentry","category-destaque-da-semana","category-esporte","category-ultima-hora"],"_links":{"self":[{"href":"https:\/\/diarioregionaldigital.com.br\/index.php?rest_route=\/wp\/v2\/posts\/192830","targetHints":{"allow":["GET"]}}],"collection":[{"href":"https:\/\/diarioregionaldigital.com.br\/index.php?rest_route=\/wp\/v2\/posts"}],"about":[{"href":"https:\/\/diarioregionaldigital.com.br\/index.php?rest_route=\/wp\/v2\/types\/post"}],"author":[{"embeddable":true,"href":"https:\/\/diarioregionaldigital.com.br\/index.php?rest_route=\/wp\/v2\/users\/246"}],"replies":[{"embeddable":true,"href":"https:\/\/diarioregionaldigital.com.br\/index.php?rest_route=%2Fwp%2Fv2%2Fcomments&post=192830"}],"version-history":[{"count":2,"href":"https:\/\/diarioregionaldigital.com.br\/index.php?rest_route=\/wp\/v2\/posts\/192830\/revisions"}],"predecessor-version":[{"id":192833,"href":"https:\/\/diarioregionaldigital.com.br\/index.php?rest_route=\/wp\/v2\/posts\/192830\/revisions\/192833"}],"wp:featuredmedia":[{"embeddable":true,"href":"https:\/\/diarioregionaldigital.com.br\/index.php?rest_route=\/wp\/v2\/media\/192831"}],"wp:attachment":[{"href":"https:\/\/diarioregionaldigital.com.br\/index.php?rest_route=%2Fwp%2Fv2%2Fmedia&parent=192830"}],"wp:term":[{"taxonomy":"category","embeddable":true,"href":"https:\/\/diarioregionaldigital.com.br\/index.php?rest_route=%2Fwp%2Fv2%2Fcategories&post=192830"},{"taxonomy":"post_tag","embeddable":true,"href":"https:\/\/diarioregionaldigital.com.br\/index.php?rest_route=%2Fwp%2Fv2%2Ftags&post=192830"}],"curies":[{"name":"wp","href":"https:\/\/api.w.org\/{rel}","templated":true}]}}