{"id":192825,"date":"2021-12-24T14:52:20","date_gmt":"2021-12-24T17:52:20","guid":{"rendered":"https:\/\/diarioregionaldigital.com.br\/?p=192825"},"modified":"2021-12-24T14:52:20","modified_gmt":"2021-12-24T17:52:20","slug":"china-preve-aumento-de-casos-de-covid-19-por-causa-de-jogos-de-inverno","status":"publish","type":"post","link":"https:\/\/diarioregionaldigital.com.br\/?p=192825","title":{"rendered":"China prev\u00ea aumento de casos de covid-19 por causa de Jogos de Inverno"},"content":{"rendered":"<div class=\"post-item alt-font\">\n<div class=\"post-item-wrap\">\n<p>Organizadores da Olimp\u00edada de Inverno de Pequim disseram nesta quinta-feira (23) que esperam um \u201ccerto n\u00famero\u201d de casos do novo coronav\u00edrus (covid-19) na China por causa da chegada de estrangeiros para o evento e pediram enfaticamente aos participantes que recebam vacinas de refor\u00e7o por causa da dissemina\u00e7\u00e3o da variante \u00d4micron.<img decoding=\"async\" src=\"https:\/\/agenciabrasil.ebc.com.br\/ebc.png?id=1433677&amp;o=node\" \/><img decoding=\"async\" src=\"https:\/\/agenciabrasil.ebc.com.br\/ebc.gif?id=1433677&amp;o=node\" \/><\/p>\n<p>Autoridades tamb\u00e9m procuraram amenizar as preocupa\u00e7\u00f5es sobre os cuidados de sa\u00fade dos participantes decorrentes da covid-19, assim como as que vieram ap\u00f3s um acidente no m\u00eas passado durante uma sess\u00e3o de treino de luge em um local de competi\u00e7\u00e3o de Pequim durante o qual um atleta polon\u00eas sofreu uma les\u00e3o grave na perna.<\/p>\n<p>Nos Jogos, que devem acontecer entre 4 e 20 de fevereiro, todos os atletas, funcion\u00e1rios e pessoal relacionado estar\u00e3o em uma bolha sanit\u00e1ria para conter a propaga\u00e7\u00e3o do v\u00edrus na China, que tem algumas das restri\u00e7\u00f5es de covid-19 mais r\u00edgidas do mundo e praticamente tem conseguido conter surtos locais.<\/p>\n<p>\u201cUm n\u00famero grande de pessoas de pa\u00edses e regi\u00f5es diferentes vir\u00e1 \u00e0 China e o fluxo de pessoas aumentar\u00e1. Consequentemente, um certo n\u00famero de casos positivos se tornar\u00e1 um acontecimento de alta probabilidade\u201d, disse Han Zirong, vice-presidente e secret\u00e1rio-geral do comit\u00ea organizador de Pequim, em um briefing \u00e0 imprensa.<\/p>\n<p>Autoridades deram um relato detalhado sobre os profissionais e instala\u00e7\u00f5es medicinais dispon\u00edveis para o tratamento de casos de covid-19, les\u00f5es esportivas e cuidados m\u00e9dicos em geral, e expressaram a confian\u00e7a de que os Jogos possam ocorrer apesar da altamente infecciosa \u00d4micron.<\/p>\n<\/div>\n<\/div>\n<div class=\"divider mb-4\"><\/div>\n<div class=\"row\"><span style=\"font-weight: 400;\"><br \/>\n<\/span><span style=\"font-weight: 400;\">Fonte: Ag\u00eancia Brasil <\/span><\/div>\n","protected":false},"excerpt":{"rendered":"<p>Organizadores da Olimp\u00edada de Inverno de Pequim disseram nesta quinta-feira (23) que esperam um \u201ccerto n\u00famero\u201d de casos do novo coronav\u00edrus (covid-19) na China por causa da chegada de estrangeiros para o evento e pediram enfaticamente aos participantes que recebam vacinas de refor\u00e7o por causa da dissemina\u00e7\u00e3o da variante \u00d4micron. Autoridades tamb\u00e9m procuraram amenizar as [&hellip;]<\/p>\n","protected":false},"author":246,"featured_media":192826,"comment_status":"closed","ping_status":"closed","sticky":false,"template":"","format":"standard","meta":{"footnotes":""},"categories":[436,257,439],"tags":[],"class_list":["post-192825","post","type-post","status-publish","format-standard","has-post-thumbnail","hentry","category-destaque-da-semana","category-esporte","category-ultima-hora"],"_links":{"self":[{"href":"https:\/\/diarioregionaldigital.com.br\/index.php?rest_route=\/wp\/v2\/posts\/192825","targetHints":{"allow":["GET"]}}],"collection":[{"href":"https:\/\/diarioregionaldigital.com.br\/index.php?rest_route=\/wp\/v2\/posts"}],"about":[{"href":"https:\/\/diarioregionaldigital.com.br\/index.php?rest_route=\/wp\/v2\/types\/post"}],"author":[{"embeddable":true,"href":"https:\/\/diarioregionaldigital.com.br\/index.php?rest_route=\/wp\/v2\/users\/246"}],"replies":[{"embeddable":true,"href":"https:\/\/diarioregionaldigital.com.br\/index.php?rest_route=%2Fwp%2Fv2%2Fcomments&post=192825"}],"version-history":[{"count":2,"href":"https:\/\/diarioregionaldigital.com.br\/index.php?rest_route=\/wp\/v2\/posts\/192825\/revisions"}],"predecessor-version":[{"id":192828,"href":"https:\/\/diarioregionaldigital.com.br\/index.php?rest_route=\/wp\/v2\/posts\/192825\/revisions\/192828"}],"wp:featuredmedia":[{"embeddable":true,"href":"https:\/\/diarioregionaldigital.com.br\/index.php?rest_route=\/wp\/v2\/media\/192826"}],"wp:attachment":[{"href":"https:\/\/diarioregionaldigital.com.br\/index.php?rest_route=%2Fwp%2Fv2%2Fmedia&parent=192825"}],"wp:term":[{"taxonomy":"category","embeddable":true,"href":"https:\/\/diarioregionaldigital.com.br\/index.php?rest_route=%2Fwp%2Fv2%2Fcategories&post=192825"},{"taxonomy":"post_tag","embeddable":true,"href":"https:\/\/diarioregionaldigital.com.br\/index.php?rest_route=%2Fwp%2Fv2%2Ftags&post=192825"}],"curies":[{"name":"wp","href":"https:\/\/api.w.org\/{rel}","templated":true}]}}