{"id":192822,"date":"2021-12-24T14:50:16","date_gmt":"2021-12-24T17:50:16","guid":{"rendered":"https:\/\/diarioregionaldigital.com.br\/?p=192822"},"modified":"2021-12-24T14:50:16","modified_gmt":"2021-12-24T17:50:16","slug":"brasil-fecha-2021-na-vice-lideranca-do-ranking-de-selecoes","status":"publish","type":"post","link":"https:\/\/diarioregionaldigital.com.br\/?p=192822","title":{"rendered":"Brasil fecha 2021 na vice-lideran\u00e7a do ranking de sele\u00e7\u00f5es"},"content":{"rendered":"<p>A Fifa anunciou nesta quinta-feira (23) a \u00faltima edi\u00e7\u00e3o do seu ranking de sele\u00e7\u00f5es em 2021. E a sele\u00e7\u00e3o brasileira permanece na vice-lideran\u00e7a da rela\u00e7\u00e3o, que tem a B\u00e9lgica na ponta.<img decoding=\"async\" src=\"https:\/\/agenciabrasil.ebc.com.br\/ebc.png?id=1433659&amp;o=node\" \/><img decoding=\"async\" src=\"https:\/\/agenciabrasil.ebc.com.br\/ebc.gif?id=1433659&amp;o=node\" \/><\/p>\n<p>O ranking n\u00e3o teve nenhuma mudan\u00e7a no top 10 em compara\u00e7\u00e3o \u00e0 edi\u00e7\u00e3o anterior, com a Fran\u00e7a na 3\u00aa posi\u00e7\u00e3o, a Inglaterra na 4\u00aa e a Argentina na 5\u00aa.<\/p>\n<p>It\u00e1lia, Espanha, Portugal, Dinamarca e Holanda fecham o Top 10.<\/p>\n<p><span style=\"font-weight: 400;\"><br \/>\n<\/span><span style=\"font-weight: 400;\">Fonte: Ag\u00eancia Brasil <\/span><\/p>\n","protected":false},"excerpt":{"rendered":"<p>A Fifa anunciou nesta quinta-feira (23) a \u00faltima edi\u00e7\u00e3o do seu ranking de sele\u00e7\u00f5es em 2021. E a sele\u00e7\u00e3o brasileira permanece na vice-lideran\u00e7a da rela\u00e7\u00e3o, que tem a B\u00e9lgica na ponta. O ranking n\u00e3o teve nenhuma mudan\u00e7a no top 10 em compara\u00e7\u00e3o \u00e0 edi\u00e7\u00e3o anterior, com a Fran\u00e7a na 3\u00aa posi\u00e7\u00e3o, a Inglaterra na 4\u00aa [&hellip;]<\/p>\n","protected":false},"author":246,"featured_media":192823,"comment_status":"closed","ping_status":"closed","sticky":false,"template":"","format":"standard","meta":{"footnotes":""},"categories":[436,440,257,439],"tags":[],"class_list":["post-192822","post","type-post","status-publish","format-standard","has-post-thumbnail","hentry","category-destaque-da-semana","category-destaques-do-dia","category-esporte","category-ultima-hora"],"_links":{"self":[{"href":"https:\/\/diarioregionaldigital.com.br\/index.php?rest_route=\/wp\/v2\/posts\/192822","targetHints":{"allow":["GET"]}}],"collection":[{"href":"https:\/\/diarioregionaldigital.com.br\/index.php?rest_route=\/wp\/v2\/posts"}],"about":[{"href":"https:\/\/diarioregionaldigital.com.br\/index.php?rest_route=\/wp\/v2\/types\/post"}],"author":[{"embeddable":true,"href":"https:\/\/diarioregionaldigital.com.br\/index.php?rest_route=\/wp\/v2\/users\/246"}],"replies":[{"embeddable":true,"href":"https:\/\/diarioregionaldigital.com.br\/index.php?rest_route=%2Fwp%2Fv2%2Fcomments&post=192822"}],"version-history":[{"count":1,"href":"https:\/\/diarioregionaldigital.com.br\/index.php?rest_route=\/wp\/v2\/posts\/192822\/revisions"}],"predecessor-version":[{"id":192824,"href":"https:\/\/diarioregionaldigital.com.br\/index.php?rest_route=\/wp\/v2\/posts\/192822\/revisions\/192824"}],"wp:featuredmedia":[{"embeddable":true,"href":"https:\/\/diarioregionaldigital.com.br\/index.php?rest_route=\/wp\/v2\/media\/192823"}],"wp:attachment":[{"href":"https:\/\/diarioregionaldigital.com.br\/index.php?rest_route=%2Fwp%2Fv2%2Fmedia&parent=192822"}],"wp:term":[{"taxonomy":"category","embeddable":true,"href":"https:\/\/diarioregionaldigital.com.br\/index.php?rest_route=%2Fwp%2Fv2%2Fcategories&post=192822"},{"taxonomy":"post_tag","embeddable":true,"href":"https:\/\/diarioregionaldigital.com.br\/index.php?rest_route=%2Fwp%2Fv2%2Ftags&post=192822"}],"curies":[{"name":"wp","href":"https:\/\/api.w.org\/{rel}","templated":true}]}}