{"id":192815,"date":"2021-12-24T14:43:44","date_gmt":"2021-12-24T17:43:44","guid":{"rendered":"https:\/\/diarioregionaldigital.com.br\/?p=192815"},"modified":"2021-12-24T14:43:44","modified_gmt":"2021-12-24T17:43:44","slug":"publicado-resultado-final-do-programa-icms-turismo-em-minas-gerais","status":"publish","type":"post","link":"https:\/\/diarioregionaldigital.com.br\/?p=192815","title":{"rendered":"Publicado resultado final do Programa ICMS Turismo em Minas Gerais"},"content":{"rendered":"<p>A\u00a0<a href=\"http:\/\/www.secult.mg.gov.br\/\" target=\"_blank\" rel=\"noopener\">Secretaria de Estado de Cultura e Turismo de Minas Gerais (Secult)<\/a>\u00a0disponibilizou, nesta quinta-feira (23\/12), os \u00edndices definitivos do programa ICMS Turismo. Dos 460 munic\u00edpios inscritos, 389 foram habilitados na iniciativa, n\u00famero recorde at\u00e9 aqui.<\/p>\n<p>Os \u00edndices para distribui\u00e7\u00e3o dos recursos foram publicados nas p\u00e1ginas\u00a0<a href=\"http:\/\/jornal.iof.mg.gov.br\/xmlui\/handle\/123456789\/259251?paginaCorrente=01&amp;posicaoPagCorrente=259238&amp;linkBase=http%3A%2F%2Fjornal.iof.mg.gov.br%3A80%2Fxmlui%2Fhandle%2F123456789%2F&amp;totalPaginas=65&amp;paginaDestino=14&amp;indice=0\" target=\"_blank\" rel=\"noopener\">14<\/a>,\u00a0<a href=\"http:\/\/jornal.iof.mg.gov.br\/xmlui\/handle\/123456789\/259252\" target=\"_blank\" rel=\"noopener\">15<\/a>,\u00a0<a href=\"http:\/\/jornal.iof.mg.gov.br\/xmlui\/handle\/123456789\/259253\" target=\"_blank\" rel=\"noopener\">16<\/a>\u00a0e\u00a0<a href=\"http:\/\/jornal.iof.mg.gov.br\/xmlui\/handle\/123456789\/259254\" target=\"_blank\" rel=\"noopener\">17<\/a>\u00a0do\u00a0<a href=\"http:\/\/www.jornalminasgerais.mg.gov.br\/\" target=\"_blank\" rel=\"noopener\">Di\u00e1rio Oficial do Estado<\/a>. Os recursos ser\u00e3o repassados \u00e0s cidades habilitadas no decorrer de 2022, tendo como base o ano de 2020.<\/p>\n<p>O Programa ICMS Turismo tem a finalidade de promover o desenvolvimento tur\u00edstico dos munic\u00edpios mineiros, em conformidade com a Lei Estadual n\u00ba 18.030\/2009, que redistribuiu as cotas de repasse financeiro do ICMS e do IPI, contemplando o setor do Turismo.<\/p>\n<p>Assim, a cria\u00e7\u00e3o de um crit\u00e9rio de repasse financeiro, denominado ICMS Turismo, fortaleceu a pol\u00edtica p\u00fablica para o desenvolvimento da gest\u00e3o tur\u00edstica nos munic\u00edpios mineiros. O ICMS Turismo estimula a formata\u00e7\u00e3o e a implanta\u00e7\u00e3o de programas e projetos voltados para o desenvolvimento do setor e das pol\u00edticas p\u00fablicas para o Turismo.<\/p>\n<p>Para ter direito ao repasse, o munic\u00edpio deve, anualmente, se enquadrar nos seguintes crit\u00e9rios obrigat\u00f3rios: Participar de uma Inst\u00e2ncia de Governan\u00e7a Regional (IGR) certificada pela Secult, nos termos do Programa de Regionaliza\u00e7\u00e3o do Turismo no Estado de Minas Gerais; ter uma pol\u00edtica municipal de Turismo elaborada e em implementa\u00e7\u00e3o; possuir Conselho Municipal de Turismo (Comtur), constitu\u00eddo e em regular funcionamento; possuir Fundo Municipal de Turismo (Fumtur), constitu\u00eddo e em regular funcionamento.<\/p>\n<p>Outras informa\u00e7\u00f5es sobre o ICMS Turismo est\u00e3o dispon\u00edveis\u00a0<a href=\"https:\/\/www.icmsturismo.mg.gov.br\/default\/index\" target=\"_blank\" rel=\"noopener\">clicando aqui<\/a>.<\/p>\n<p><span style=\"font-weight: 400;\">Fonte: Ag\u00eancia Minas\u00a0<\/span><span style=\"font-weight: 400;\"><br \/>\n<\/span><\/p>\n","protected":false},"excerpt":{"rendered":"<p>A\u00a0Secretaria de Estado de Cultura e Turismo de Minas Gerais (Secult)\u00a0disponibilizou, nesta quinta-feira (23\/12), os \u00edndices definitivos do programa ICMS Turismo. Dos 460 munic\u00edpios inscritos, 389 foram habilitados na iniciativa, n\u00famero recorde at\u00e9 aqui. Os \u00edndices para distribui\u00e7\u00e3o dos recursos foram publicados nas p\u00e1ginas\u00a014,\u00a015,\u00a016\u00a0e\u00a017\u00a0do\u00a0Di\u00e1rio Oficial do Estado. Os recursos ser\u00e3o repassados \u00e0s cidades habilitadas no [&hellip;]<\/p>\n","protected":false},"author":246,"featured_media":192816,"comment_status":"closed","ping_status":"closed","sticky":false,"template":"","format":"standard","meta":{"footnotes":""},"categories":[436,254,439],"tags":[],"class_list":["post-192815","post","type-post","status-publish","format-standard","has-post-thumbnail","hentry","category-destaque-da-semana","category-politica","category-ultima-hora"],"_links":{"self":[{"href":"https:\/\/diarioregionaldigital.com.br\/index.php?rest_route=\/wp\/v2\/posts\/192815","targetHints":{"allow":["GET"]}}],"collection":[{"href":"https:\/\/diarioregionaldigital.com.br\/index.php?rest_route=\/wp\/v2\/posts"}],"about":[{"href":"https:\/\/diarioregionaldigital.com.br\/index.php?rest_route=\/wp\/v2\/types\/post"}],"author":[{"embeddable":true,"href":"https:\/\/diarioregionaldigital.com.br\/index.php?rest_route=\/wp\/v2\/users\/246"}],"replies":[{"embeddable":true,"href":"https:\/\/diarioregionaldigital.com.br\/index.php?rest_route=%2Fwp%2Fv2%2Fcomments&post=192815"}],"version-history":[{"count":2,"href":"https:\/\/diarioregionaldigital.com.br\/index.php?rest_route=\/wp\/v2\/posts\/192815\/revisions"}],"predecessor-version":[{"id":192818,"href":"https:\/\/diarioregionaldigital.com.br\/index.php?rest_route=\/wp\/v2\/posts\/192815\/revisions\/192818"}],"wp:featuredmedia":[{"embeddable":true,"href":"https:\/\/diarioregionaldigital.com.br\/index.php?rest_route=\/wp\/v2\/media\/192816"}],"wp:attachment":[{"href":"https:\/\/diarioregionaldigital.com.br\/index.php?rest_route=%2Fwp%2Fv2%2Fmedia&parent=192815"}],"wp:term":[{"taxonomy":"category","embeddable":true,"href":"https:\/\/diarioregionaldigital.com.br\/index.php?rest_route=%2Fwp%2Fv2%2Fcategories&post=192815"},{"taxonomy":"post_tag","embeddable":true,"href":"https:\/\/diarioregionaldigital.com.br\/index.php?rest_route=%2Fwp%2Fv2%2Ftags&post=192815"}],"curies":[{"name":"wp","href":"https:\/\/api.w.org\/{rel}","templated":true}]}}